{"id":5403,"date":"2023-01-04T10:12:48","date_gmt":"2023-01-04T13:12:48","guid":{"rendered":"https:\/\/aguaslindasnoticias.com.br\/index.php\/2023\/01\/04\/vias-do-plano-piloto-ganham-asfalto-novo\/"},"modified":"2023-01-04T10:12:48","modified_gmt":"2023-01-04T13:12:48","slug":"vias-do-plano-piloto-ganham-asfalto-novo","status":"publish","type":"post","link":"https:\/\/aguaslindasnoticias.com.br\/index.php\/2023\/01\/04\/vias-do-plano-piloto-ganham-asfalto-novo\/","title":{"rendered":"Vias do Plano Piloto ganham asfalto novo"},"content":{"rendered":"\n<h2 class=\"wp-block-heading\">O local onde as ruas estavam mais danificadas era nas proximidades da 701 Norte<\/h2>\n\n\n\n<p>CATARINA LIMA, DA AG\u00caNCIA BRAS\u00cdLIA I EDI\u00c7\u00c3O: CAROLINA JARDON<a href=\"https:\/\/www.facebook.com\/sharer.php?u=https:\/\/agenciabrasilia.df.gov.br\/2022\/01\/10\/vias-do-plano-piloto-ganham-asfalto-novo\/\" target=\"_blank\" rel=\"noreferrer noopener\"><\/a><a href=\"https:\/\/twitter.com\/intent\/tweet?source=agenciabrasilia&amp;text=Vias%20do%20Plano%20Piloto%20ganham%20asfalto%20novo&amp;url=https:\/\/agenciabrasilia.df.gov.br\/2022\/01\/10\/vias-do-plano-piloto-ganham-asfalto-novo\/&amp;via=AgenciaBrasilia\" target=\"_blank\" rel=\"noreferrer noopener\"><\/a><\/p>\n\n\n\n<figure class=\"wp-block-image\"><a href=\"http:\/\/www.agenciabrasilia.df.gov.br\/2022\/01\/10\/vias-do-plano-piloto-ganham-asfalto-novo\/whatsapp-image-2022-01-07-at-19-09-39-2\/\" target=\"_blank\" rel=\"noreferrer noopener\"><img decoding=\"async\" src=\"http:\/\/www.agenciabrasilia.df.gov.br\/wp-conteudo\/uploads\/2022\/01\/WhatsApp-Image-2022-01-07-at-19.09.39-2-224x300.jpeg\" alt=\"\" class=\"wp-image-368256\"\/><\/a><figcaption>Mesmo no per\u00edodo chuvoso, o GDF Presente tem conseguido fazer opera\u00e7\u00f5es para tapar buracos<\/figcaption><\/figure>\n\n\n\n<p>O Programa GDF Presente dedicou a \u00faltima semana \u00e0 manuten\u00e7\u00e3o do asfalto em vias do Plano Piloto. Depois da realiza\u00e7\u00e3o de um mapeamento detalhado na regi\u00e3o central da cidade, a equipe tapou buracos nos pontos mais cr\u00edticos.&nbsp;Um dos locais onde o asfalto estava mais danificado, segundo Alexandro C\u00e9sar, coordenador do Polo Central Adjacente 1, era nas proximidades da 701 Norte.<\/p>\n\n\n\n<p>Mas n\u00e3o foram s\u00f3 as vias que receberam aten\u00e7\u00e3o. Houve tempo para que a equipe fizesse a poda de \u00e1rvores e a limpeza de quadras e equipamentos p\u00fablicos.<\/p>\n\n\n\n<p>De acordo com Alexandro C\u00e9sar, devido \u00e0s chuvas constantes, muitos buracos surgiram nas vias de Bras\u00edlia. \u201cN\u00f3s recuperamos o asfalto nas quadras 711, 712, 713 e 714 Sul, na 701 e 702 Norte, no Setor Hoteleiro Norte e na quadra 06 do Setor Comercial Sul. Tamb\u00e9m foram feitos reparos nas proximidades do Aeroporto Internacional de Bras\u00edlia.<\/p>\n\n\n\n<p>\u201cPara sabermos quais as \u00e1reas que tinham &nbsp;mais buracos, percorremos todo o Plano Piloto\u201d, explicou Alexandro C\u00e9sar. O coordenador adiantou que nesta semana a recupera\u00e7\u00e3o do asfalto ter\u00e1 continuidade.<\/p>\n\n\n\n<figure><iframe width=\"560\" height=\"315\" src=\"https:\/\/www.youtube.com\/embed\/fELo4Vsak4o\" allowfullscreen=\"allowfullscreen\"><\/iframe><\/figure>\n\n\n\n<p>\u201cCom a chuva, foi dif\u00edcil colocar o asfalto, porque, quando a massa asf\u00e1ltica quente bate na \u00e1gua, ela n\u00e3o se espalha direito e \u00e0s vezes \u00e9 imposs\u00edvel fazer o trabalho\u201d, disse.<\/p>\n\n\n\n<p>Entre os locais contemplados com poda da vegeta\u00e7\u00e3o e limpeza de via est\u00e1 a quadra 312 Norte, onde o GDF Presente atuou no corte da grama, trabalho que foi aprovado pelos moradores. Alceu Rocha Filho, de 53 anos, ex-prefeito e morador da quadra, comemorou.&nbsp;&nbsp;\u201cO GDF Presente est\u00e1 de parab\u00e9ns. O trabalho foi muito bom\u201d, elogiou.&nbsp;<\/p>\n\n\n\n<p>O viaduto Camargo Correia, na L4 Sul, tamb\u00e9m passou por uma faxina. Muitos cartazes que polu\u00edam a edifica\u00e7\u00e3o foram retirados e o concreto do acabamento foi todo lavado.<\/p>\n","protected":false},"excerpt":{"rendered":"<p>O local onde as ruas estavam mais danificadas era nas proximidades da 701 Norte CATARINA LIMA, DA AG\u00caNCIA BRAS\u00cdLIA I EDI\u00c7\u00c3O: CAROLINA JARDON O Programa GDF Presente dedicou a \u00faltima semana \u00e0 manuten\u00e7\u00e3o do asfalto em vias do Plano Piloto. Depois da realiza\u00e7\u00e3o de um mapeamento detalhado na regi\u00e3o central da cidade, a equipe tapou [&hellip;]<\/p>\n","protected":false},"author":1,"featured_media":0,"comment_status":"open","ping_status":"open","sticky":false,"template":"","format":"standard","meta":{"footnotes":""},"categories":[],"tags":[],"class_list":["post-5403","post","type-post","status-publish","format-standard","hentry"],"_links":{"self":[{"href":"https:\/\/aguaslindasnoticias.com.br\/index.php\/wp-json\/wp\/v2\/posts\/5403","targetHints":{"allow":["GET"]}}],"collection":[{"href":"https:\/\/aguaslindasnoticias.com.br\/index.php\/wp-json\/wp\/v2\/posts"}],"about":[{"href":"https:\/\/aguaslindasnoticias.com.br\/index.php\/wp-json\/wp\/v2\/types\/post"}],"author":[{"embeddable":true,"href":"https:\/\/aguaslindasnoticias.com.br\/index.php\/wp-json\/wp\/v2\/users\/1"}],"replies":[{"embeddable":true,"href":"https:\/\/aguaslindasnoticias.com.br\/index.php\/wp-json\/wp\/v2\/comments?post=5403"}],"version-history":[{"count":0,"href":"https:\/\/aguaslindasnoticias.com.br\/index.php\/wp-json\/wp\/v2\/posts\/5403\/revisions"}],"wp:attachment":[{"href":"https:\/\/aguaslindasnoticias.com.br\/index.php\/wp-json\/wp\/v2\/media?parent=5403"}],"wp:term":[{"taxonomy":"category","embeddable":true,"href":"https:\/\/aguaslindasnoticias.com.br\/index.php\/wp-json\/wp\/v2\/categories?post=5403"},{"taxonomy":"post_tag","embeddable":true,"href":"https:\/\/aguaslindasnoticias.com.br\/index.php\/wp-json\/wp\/v2\/tags?post=5403"}],"curies":[{"name":"wp","href":"https:\/\/api.w.org\/{rel}","templated":true}]}}