{"id":5402,"date":"2023-01-04T10:12:48","date_gmt":"2023-01-04T13:12:48","guid":{"rendered":"https:\/\/aguaslindasnoticias.com.br\/index.php\/2023\/01\/04\/autodromo-de-brasilia-esta-de-volta-veja-calendario-de-provas-para-2022\/"},"modified":"2023-01-04T10:12:48","modified_gmt":"2023-01-04T13:12:48","slug":"autodromo-de-brasilia-esta-de-volta-veja-calendario-de-provas-para-2022","status":"publish","type":"post","link":"https:\/\/aguaslindasnoticias.com.br\/index.php\/2023\/01\/04\/autodromo-de-brasilia-esta-de-volta-veja-calendario-de-provas-para-2022\/","title":{"rendered":"Aut\u00f3dromo de Bras\u00edlia est\u00e1 de volta; veja calend\u00e1rio de provas para 2022"},"content":{"rendered":"\n<p>Principais categorias do automobilismo nacional retornam ao tradicional circuito, que ser\u00e1 entregue pelo GDF ap\u00f3s oito anos com as portas fechadasIAN FERRAZ, DA AG\u00caNCIA BRAS\u00cdLIA* | EDI\u00c7\u00c3O: RENATA LU&nbsp;<\/p>\n\n\n\n<p>O Aut\u00f3dromo de Bras\u00edlia est\u00e1 de volta. Nesta segunda-feira (10), o Governo do Distrito Federal (GDF) divulgou o calend\u00e1rio de provas de uma das mais tradicionais pistas do automobilismo brasileiro. Fechado h\u00e1 oito anos, o circuito ser\u00e1 reaberto, com provas das principais categorias do pa\u00eds, a partir de julho. E tem datas confirmadas at\u00e9 dezembro.<\/p>\n\n\n\n<figure class=\"wp-block-image\"><img decoding=\"async\" src=\"http:\/\/agenciabrasilia.df.gov.br\/wp-conteudo\/uploads\/2022\/01\/PHC_0271.jpg\" alt=\"\" class=\"wp-image-368344\"\/><figcaption>\u201cCom a volta das corridas, vamos girar a economia e o turismo no DF\u201d, comemora Paco Britto | Foto: Paulo H. Carvalho\/Ag\u00eancia Bras\u00edlia<\/figcaption><\/figure>\n\n\n\n<blockquote class=\"wp-block-quote is-layout-flow wp-block-quote-is-layout-flow\"><p>\u201cO aut\u00f3dromo est\u00e1 ganhando cara nova, pista nova, prestes a voltar aos tempos \u00e1ureos em que nossa capital era palco das principais provas do automobilismo\u201dPaco Britto, governador em exerc\u00edcio do DF<\/p><\/blockquote>\n\n\n\n<p>A Stock Car, a Porsche Cup, a Copa Truck, o Turismo Nacional, a Sprint Race e a Copa Shell HB20 est\u00e3o confirmadas em Bras\u00edlia em 2022. A Stock Car, inclusive, ter\u00e1 sua \u00faltima prova da temporada disputada na capital, com a Super Final BRB.<\/p>\n\n\n\n<p>\u201cO aut\u00f3dromo est\u00e1 ganhando cara nova, pista nova, prestes a voltar aos tempos \u00e1ureos em que nossa capital era palco das principais provas do automobilismo. O papel deste governo \u00e9 resgatar o DF dos nossos sonhos. Com a volta das corridas, vamos girar a economia e o turismo no DF\u201d, destacou o governador em exerc\u00edcio do DF, Paco Britto, na cerim\u00f4nia que divulgou o calend\u00e1rio de provas do aut\u00f3dromo.<\/p>\n\n\n\n<p><strong>Arena multi\u00faso<\/strong><\/p>\n\n\n\n<p>O Banco de Bras\u00edlia est\u00e1 em processo de assumir a gest\u00e3o do aut\u00f3dromo, que pertence \u00e0 Ag\u00eancia de Desenvolvimento (Terracap), e tem como parceiro na reforma da pista o Departamento de Estradas de Rodagem do Distrito Federal (DER-DF). Atualmente, o banco est\u00e1 tocando as licita\u00e7\u00f5es de massa asf\u00e1ltica, defensa met\u00e1lica e as demais etapas necess\u00e1rias para o aut\u00f3dromo ter condi\u00e7\u00f5es de receber provas.<\/p>\n\n\n\n<blockquote class=\"wp-block-quote is-layout-flow wp-block-quote-is-layout-flow\"><p>\u201cO DF tem um hist\u00f3rico de automobilismo e j\u00e1 teve cinco pilotos na F-1. No nosso planejamento, essa reforma fica pronta em maio\u201dPaulo Henrique Costa, presidente do BRB<\/p><\/blockquote>\n\n\n\n<p>\u201cO DF tem um hist\u00f3rico de automobilismo e j\u00e1 teve cinco pilotos na F-1, o que mostra que esse solo \u00e9 f\u00e9rtil. No nosso planejamento, essa reforma fica pronta em maio\u201d, afirma o presidente do BRB, Paulo Henrique Costa.<\/p>\n\n\n\n<p>A inten\u00e7\u00e3o do BRB \u00e9 transformar o local em uma arena multi\u00faso e que a pista de 5,4 km do aut\u00f3dromo tenha mais do que carros de alta performance circulando. No novo formato do aut\u00f3dromo, o espa\u00e7o ter\u00e1 vez para ciclistas, caminhadas e corridas, kart\u00f3dromo, concession\u00e1rias de ve\u00edculos, pista off-road, centro m\u00e9dico e a manuten\u00e7\u00e3o do Cine Drive-in.<\/p>\n\n\n\n<p>\u201cN\u00e3o vamos mexer no tra\u00e7ado internacional, um tra\u00e7ado t\u00e9cnico elogiado por todos que viveram o aut\u00f3dromo. Mas teremos um circuito oval e uma chicane para poder receber provas internacionais\u201d, acrescenta Paulo Henrique Costa, ao explicar que, num primeiro momento, a pista ter\u00e1 classifica\u00e7\u00e3o de grade 3 e a inten\u00e7\u00e3o \u00e9 buscar a grade 2 ainda este ano.<\/p>\n\n\n\n<blockquote class=\"wp-block-quote is-layout-flow wp-block-quote-is-layout-flow\"><p>De acordo com a Confedera\u00e7\u00e3o Brasileira de Automobilismo (CBA), somente a Stock Car movimenta cerca de R$ 150 milh\u00f5es em 12 provas anuais, gerando mais de 1.200 empregos<\/p><\/blockquote>\n\n\n\n<p>Para a secret\u00e1ria de Turismo do DF, Vanessa Mendon\u00e7a, hoje foi um dia hist\u00f3rico para Bras\u00edlia. \u201cEssa \u00e9 uma excelente not\u00edcia para Bras\u00edlia, um dia hist\u00f3rico, mais um grande resgate do governador Ibaneis Rocha. O automobilismo faz parte da nossa hist\u00f3ria, grandes pilotos nasceram aqui. Pelo olhar do turismo isso \u00e9 fant\u00e1stico, pois n\u00f3s temos condi\u00e7\u00f5es de trazer todas as provas do circuito para a nossa capital. Bras\u00edlia est\u00e1 preparada\u201d, afirma a secret\u00e1ria.<\/p>\n\n\n\n<p>Segundo Vanessa Mendon\u00e7a, o turismo esportivo \u00e9 o maior arrecadador de recursos no turismo de eventos. De acordo com a Confedera\u00e7\u00e3o Brasileira de Automobilismo (CBA), somente a Stock Car movimenta cerca de R$ 150 milh\u00f5es em 12 provas anuais, gerando mais de 1.200 empregos.<\/p>\n\n\n\n<p>Renato Constantino, presidente da Federa\u00e7\u00e3o do Automobilismo do DF (FADF), disse que 406 pilotos se filiaram e participaram de eventos estaduais, regionais e nacionais. \u201cBras\u00edlia tem grandes pilotos e o governador Ibaneis Rocha e o vice-governador Paco Britto acreditaram no projeto da restaura\u00e7\u00e3o do aut\u00f3dromo.&nbsp; Com isso, n\u00f3s vamos fomentar o esporte, o turismo e a economia de uma forma grandiosa. E 2022 ser\u00e1 o ano do automobilismo\u201d, comemora Constantino.<\/p>\n\n\n\n<p><strong>Confira o calend\u00e1rio de provas do automobilismo em Bras\u00edlia em 2022<\/strong><\/p>\n\n\n\n<p>2 e 3\/7 \u2013 Turismo Nacional<br>3\/7 \u2013 Stock Car (40\u00ba largada da hist\u00f3ria nessa pista)<br>1\u00ba e 2\/10 \u2013 Porsche Cup \u2013 sprint<br>9\/10 \u2013 Porsche Cup \u2013 endurance<br>6\/11 \u2013 Copa Truck<br>6\/11 \u2013 Sprint Race<br>20\/11 \u2013 Stock Car Pro Series (Super Final BRB)<br>19 e 20\/11 \u2013 Copa Shell HB20<br>19 e 20\/11 \u2013 Turismo Nacional<\/p>\n\n\n\n<p><em>*Com informa\u00e7\u00f5es da Secretaria de Turismo<\/em><\/p>\n","protected":false},"excerpt":{"rendered":"<p>Principais categorias do automobilismo nacional retornam ao tradicional circuito, que ser\u00e1 entregue pelo GDF ap\u00f3s oito anos com as portas fechadasIAN FERRAZ, DA AG\u00caNCIA BRAS\u00cdLIA* | EDI\u00c7\u00c3O: RENATA LU&nbsp; O Aut\u00f3dromo de Bras\u00edlia est\u00e1 de volta. Nesta segunda-feira (10), o Governo do Distrito Federal (GDF) divulgou o calend\u00e1rio de provas de uma das mais tradicionais [&hellip;]<\/p>\n","protected":false},"author":1,"featured_media":0,"comment_status":"open","ping_status":"open","sticky":false,"template":"","format":"standard","meta":{"footnotes":""},"categories":[],"tags":[],"class_list":["post-5402","post","type-post","status-publish","format-standard","hentry"],"_links":{"self":[{"href":"https:\/\/aguaslindasnoticias.com.br\/index.php\/wp-json\/wp\/v2\/posts\/5402","targetHints":{"allow":["GET"]}}],"collection":[{"href":"https:\/\/aguaslindasnoticias.com.br\/index.php\/wp-json\/wp\/v2\/posts"}],"about":[{"href":"https:\/\/aguaslindasnoticias.com.br\/index.php\/wp-json\/wp\/v2\/types\/post"}],"author":[{"embeddable":true,"href":"https:\/\/aguaslindasnoticias.com.br\/index.php\/wp-json\/wp\/v2\/users\/1"}],"replies":[{"embeddable":true,"href":"https:\/\/aguaslindasnoticias.com.br\/index.php\/wp-json\/wp\/v2\/comments?post=5402"}],"version-history":[{"count":0,"href":"https:\/\/aguaslindasnoticias.com.br\/index.php\/wp-json\/wp\/v2\/posts\/5402\/revisions"}],"wp:attachment":[{"href":"https:\/\/aguaslindasnoticias.com.br\/index.php\/wp-json\/wp\/v2\/media?parent=5402"}],"wp:term":[{"taxonomy":"category","embeddable":true,"href":"https:\/\/aguaslindasnoticias.com.br\/index.php\/wp-json\/wp\/v2\/categories?post=5402"},{"taxonomy":"post_tag","embeddable":true,"href":"https:\/\/aguaslindasnoticias.com.br\/index.php\/wp-json\/wp\/v2\/tags?post=5402"}],"curies":[{"name":"wp","href":"https:\/\/api.w.org\/{rel}","templated":true}]}}