{"id":5401,"date":"2023-01-04T10:12:48","date_gmt":"2023-01-04T13:12:48","guid":{"rendered":"https:\/\/aguaslindasnoticias.com.br\/index.php\/2023\/01\/04\/cresce-o-numero-de-socioeducandos-inscritos-no-enem-ppl\/"},"modified":"2023-01-04T10:12:48","modified_gmt":"2023-01-04T13:12:48","slug":"cresce-o-numero-de-socioeducandos-inscritos-no-enem-ppl","status":"publish","type":"post","link":"https:\/\/aguaslindasnoticias.com.br\/index.php\/2023\/01\/04\/cresce-o-numero-de-socioeducandos-inscritos-no-enem-ppl\/","title":{"rendered":"Cresce o n\u00famero de socioeducandos inscritos no Enem PPL"},"content":{"rendered":"\n<h2 class=\"wp-block-heading\">Cerca de 300 jovens do Sistema Socioeducativo se inscreveram em 2021; em 2020 houve a participa\u00e7\u00e3o de 190<\/h2>\n\n\n\n<p>AG\u00caNCIA BRAS\u00cdLIA* I EDI\u00c7\u00c3O: D\u00c9BORA CRONEMBERGER<a href=\"https:\/\/www.facebook.com\/sharer.php?u=https:\/\/agenciabrasilia.df.gov.br\/2022\/01\/10\/cresce-o-numero-de-socioeducandos-inscritos-no-enem-ppl\/\" target=\"_blank\" rel=\"noreferrer noopener\"><\/a><a href=\"https:\/\/twitter.com\/intent\/tweet?source=agenciabrasilia&amp;text=Cresce%20o%20n%C3%BAmero%20de%20socioeducandos%20inscritos%20no%20Enem%20PPL&amp;url=https:\/\/agenciabrasilia.df.gov.br\/2022\/01\/10\/cresce-o-numero-de-socioeducandos-inscritos-no-enem-ppl\/&amp;via=AgenciaBrasilia\" target=\"_blank\" rel=\"noreferrer noopener\"><\/a><\/p>\n\n\n\n<p>Aproximadamente 300 jovens do Sistema Socioeducativo do Distrito Federal se inscreveram no Exame Nacional do Ensino M\u00e9dio para Pessoas Privadas de Liberdade e Jovens sob Medida Socioeducativa (Enem PPL) de 2021. Esta edi\u00e7\u00e3o superou a quantidade de inscri\u00e7\u00f5es realizadas em 2020, quando houve a participa\u00e7\u00e3o de 190 jovens.<\/p>\n\n\n\n<p>O n\u00edvel de dificuldade das provas \u00e9 o mesmo do exame regular, por\u00e9m as avalia\u00e7\u00f5es s\u00e3o aplicadas dentro das unidades de interna\u00e7\u00e3o. A primeira etapa do Enem PPL foi realizada no \u00faltimo domingo (9) e a segunda prova ser\u00e1 aplicada no pr\u00f3ximo dia 16.<\/p>\n\n\n\n<figure class=\"wp-block-image\"><img decoding=\"async\" src=\"http:\/\/www.agenciabrasilia.df.gov.br\/wp-conteudo\/uploads\/2022\/01\/WhatsApp-Image-2022-01-10-at-18.39.07-1024x682.jpeg\" alt=\"\" class=\"wp-image-368399\"\/><figcaption>Para preparar os jovens para os poss\u00edveis temas da Reda\u00e7\u00e3o do Enem PPL, a Sejus realizou oficinas de reda\u00e7\u00e3o | Foto: Divulga\u00e7\u00e3o\/Sejus<\/figcaption><\/figure>\n\n\n\n<p>\u201cAs provas do Enem PPL garantem aos socioeducandos a possibilidade de ingressar em uma universidade, com benef\u00edcios como bolsas de estudos, por exemplo. \u00c9 uma forma de dar aos jovens oportunidade de continuarem com seus estudos, permitindo uma melhor coloca\u00e7\u00e3o no mercado de trabalho\u201d, explica a secret\u00e1ria de Justi\u00e7a e Cidadania, Marcela Passamani.<\/p>\n\n\n\n<p>Para preparar os jovens para os poss\u00edveis temas da Reda\u00e7\u00e3o do Enem PPL, a Sejus realizou oficinas de reda\u00e7\u00e3o focadas na escrita, com a abordagem dos crit\u00e9rios avaliativos. Em cada unidade, foi realizado o cadastro de um respons\u00e1vel pedag\u00f3gico, que acompanhou todos os tr\u00e2mites do adolescente, desde a inscri\u00e7\u00e3o no exame at\u00e9 o poss\u00edvel ingresso no curso superior, caso seja obtida nota compat\u00edvel \u00e0 entrada.<\/p>\n\n\n\n<p><em>*Com informa\u00e7\u00f5es da Secretaria de Justi\u00e7a e Cidadania<\/em><\/p>\n","protected":false},"excerpt":{"rendered":"<p>Cerca de 300 jovens do Sistema Socioeducativo se inscreveram em 2021; em 2020 houve a participa\u00e7\u00e3o de 190 AG\u00caNCIA BRAS\u00cdLIA* I EDI\u00c7\u00c3O: D\u00c9BORA CRONEMBERGER Aproximadamente 300 jovens do Sistema Socioeducativo do Distrito Federal se inscreveram no Exame Nacional do Ensino M\u00e9dio para Pessoas Privadas de Liberdade e Jovens sob Medida Socioeducativa (Enem PPL) de 2021. [&hellip;]<\/p>\n","protected":false},"author":1,"featured_media":0,"comment_status":"open","ping_status":"open","sticky":false,"template":"","format":"standard","meta":{"footnotes":""},"categories":[],"tags":[],"class_list":["post-5401","post","type-post","status-publish","format-standard","hentry"],"_links":{"self":[{"href":"https:\/\/aguaslindasnoticias.com.br\/index.php\/wp-json\/wp\/v2\/posts\/5401","targetHints":{"allow":["GET"]}}],"collection":[{"href":"https:\/\/aguaslindasnoticias.com.br\/index.php\/wp-json\/wp\/v2\/posts"}],"about":[{"href":"https:\/\/aguaslindasnoticias.com.br\/index.php\/wp-json\/wp\/v2\/types\/post"}],"author":[{"embeddable":true,"href":"https:\/\/aguaslindasnoticias.com.br\/index.php\/wp-json\/wp\/v2\/users\/1"}],"replies":[{"embeddable":true,"href":"https:\/\/aguaslindasnoticias.com.br\/index.php\/wp-json\/wp\/v2\/comments?post=5401"}],"version-history":[{"count":0,"href":"https:\/\/aguaslindasnoticias.com.br\/index.php\/wp-json\/wp\/v2\/posts\/5401\/revisions"}],"wp:attachment":[{"href":"https:\/\/aguaslindasnoticias.com.br\/index.php\/wp-json\/wp\/v2\/media?parent=5401"}],"wp:term":[{"taxonomy":"category","embeddable":true,"href":"https:\/\/aguaslindasnoticias.com.br\/index.php\/wp-json\/wp\/v2\/categories?post=5401"},{"taxonomy":"post_tag","embeddable":true,"href":"https:\/\/aguaslindasnoticias.com.br\/index.php\/wp-json\/wp\/v2\/tags?post=5401"}],"curies":[{"name":"wp","href":"https:\/\/api.w.org\/{rel}","templated":true}]}}