{"id":5400,"date":"2023-01-04T10:12:48","date_gmt":"2023-01-04T13:12:48","guid":{"rendered":"https:\/\/aguaslindasnoticias.com.br\/index.php\/2023\/01\/04\/r-10-milhoes-para-obras-de-drenagem-no-lago-sul\/"},"modified":"2023-01-04T10:12:48","modified_gmt":"2023-01-04T13:12:48","slug":"r-10-milhoes-para-obras-de-drenagem-no-lago-sul","status":"publish","type":"post","link":"https:\/\/aguaslindasnoticias.com.br\/index.php\/2023\/01\/04\/r-10-milhoes-para-obras-de-drenagem-no-lago-sul\/","title":{"rendered":"R$ 10 milh\u00f5es para obras de drenagem no Lago Sul"},"content":{"rendered":"\n<p>Entre as quadras que ter\u00e3o nova rede de capta\u00e7\u00e3o est\u00e3o a QL 14 e as QIs 9 e 11, pontos que sempre alagaramCATARINA LIMA, DA AG\u00caNCIA BRAS\u00cdLIA | EDI\u00c7\u00c3O: RENATA LU&nbsp;<\/p>\n\n\n\n<p>O governador em exerc\u00edcio do Distrito Federal, Paco Britto, visitou obras na regi\u00e3o administrativa do Lago Sul, entre elas, a drenagem da QL 14, que beneficiar\u00e1 n\u00e3o s\u00f3 os moradores da localidade, mas tamb\u00e9m de outras quadras que passam pelos mesmos problemas, como por exemplo, as QIs 09 e 11. A obra, que est\u00e1 or\u00e7ada em R$ 10,4 milh\u00f5es, dever\u00e1 ser conclu\u00edda em julho. Toda \u00e1gua captada ser\u00e1 direcionada para o Lago do Parano\u00e1.<\/p>\n\n\n\n<figure class=\"wp-block-image\"><img decoding=\"async\" src=\"http:\/\/agenciabrasilia.df.gov.br\/wp-conteudo\/uploads\/2022\/01\/interna-2.jpg\" alt=\"\" class=\"wp-image-368448\"\/><figcaption>O governador em exerc\u00edcio tamb\u00e9m visitou outras obras no Lago Sul, como a reforma da 10\u00aa Delegacia de Pol\u00edcia, que servir\u00e1 para modernizar as instala\u00e7\u00f5es | Foto: Tony Oliveira\/Ag\u00eancia Bras\u00edlia<\/figcaption><\/figure>\n\n\n\n<p>A obra consiste em canalizar a \u00e1gua por via subterr\u00e2nea com a utiliza\u00e7\u00e3o de t\u00fanel liner, material destinado ao escoamento de cursos d\u2019\u00e1gua permanentes ou tempor\u00e1rios, executada por meio de processo n\u00e3o destrutivo. \u201cA capta\u00e7\u00e3o de \u00e1gua para acabar o alagamento come\u00e7a na QI 15. Esse foi um ponto que a popula\u00e7\u00e3o do Lago Sul sempre reclamou, que \u00e9 o calcanhar de Aquiles daqui. A solu\u00e7\u00e3o est\u00e1 se dando com o uso de an\u00e9is subterr\u00e2neos, para causar menos impacto para a popula\u00e7\u00e3o. O maior ser\u00e1 o n\u00e3o alagamento nas pr\u00f3ximas chuvas\u201d, destacou Paco.<\/p>\n\n\n\n<blockquote class=\"wp-block-quote is-layout-flow wp-block-quote-is-layout-flow\"><p>Toda \u00e1gua captada ser\u00e1 direcionada para o Lago do Parano\u00e1<\/p><\/blockquote>\n\n\n\n<p>O administrador do Lago Sul, Rubens Santoro Neto, ressaltou a import\u00e2ncia da obra para a popula\u00e7\u00e3o local. \u201cMoro h\u00e1 40 anos no Lago e h\u00e1 20 ou\u00e7o reclama\u00e7\u00f5es desse alagamento, que \u00e9 fruto de outros quatro ou cinco alagamentos grandes, que est\u00e3o sendo resolvidos. \u00c9 uma obra de grande porte, que o governador Ibaneis Rocha j\u00e1 prometeu resolver.<\/p>\n\n\n\n<p>O governador em exerc\u00edcio tamb\u00e9m visitou outras obras naquela regi\u00e3o administrativa, como constru\u00e7\u00e3o de cal\u00e7adas, coloca\u00e7\u00e3o de meios-fios e a reforma da 10\u00aa Delegacia de Pol\u00edcia. O delegado-geral adjunto da Pol\u00edcia Civil, Benito Augusto Galiani Tiezzi, disse que a reforma servir\u00e1 para modernizar as instala\u00e7\u00f5es.<\/p>\n\n\n\n<figure><iframe src=\"https:\/\/www.youtube.com\/embed\/tRukRbdx2-I\" width=\"560\" height=\"315\" allowfullscreen=\"allowfullscreen\"><\/iframe><\/figure>\n\n\n\n<p>Segundo Tiezzi, a unidade ser\u00e1 no mesmo padr\u00e3o das delegacias constru\u00eddas atualmente e vai adotar a nova identidade visual da Pol\u00edcia Civil. \u201cO diferencial dessas novas delegacias \u00e9 que s\u00e3o lugares que d\u00e3o mais acolhimento \u00e0 popula\u00e7\u00e3o e aos servidores, para oferecer uma qualidade de trabalho melhor\u201d, explicou o delegado-geral.<\/p>\n\n\n\n<p>O presidente da Novacap, Fernando Leite, empresa que coordena a execu\u00e7\u00e3o da obra, disse que est\u00e1 sendo dada sequ\u00eancia ao mesmo ritmo de trabalho de 2021. \u201cO ano virou e a Companhia segue presente em todas as regi\u00f5es do DF, com muito trabalho em andamento para melhorar a qualidade de vida dos moradores\u201d, ressalta o gestor.<\/p>\n","protected":false},"excerpt":{"rendered":"<p>Entre as quadras que ter\u00e3o nova rede de capta\u00e7\u00e3o est\u00e3o a QL 14 e as QIs 9 e 11, pontos que sempre alagaramCATARINA LIMA, DA AG\u00caNCIA BRAS\u00cdLIA | EDI\u00c7\u00c3O: RENATA LU&nbsp; O governador em exerc\u00edcio do Distrito Federal, Paco Britto, visitou obras na regi\u00e3o administrativa do Lago Sul, entre elas, a drenagem da QL 14, [&hellip;]<\/p>\n","protected":false},"author":1,"featured_media":0,"comment_status":"open","ping_status":"open","sticky":false,"template":"","format":"standard","meta":{"footnotes":""},"categories":[],"tags":[],"class_list":["post-5400","post","type-post","status-publish","format-standard","hentry"],"_links":{"self":[{"href":"https:\/\/aguaslindasnoticias.com.br\/index.php\/wp-json\/wp\/v2\/posts\/5400","targetHints":{"allow":["GET"]}}],"collection":[{"href":"https:\/\/aguaslindasnoticias.com.br\/index.php\/wp-json\/wp\/v2\/posts"}],"about":[{"href":"https:\/\/aguaslindasnoticias.com.br\/index.php\/wp-json\/wp\/v2\/types\/post"}],"author":[{"embeddable":true,"href":"https:\/\/aguaslindasnoticias.com.br\/index.php\/wp-json\/wp\/v2\/users\/1"}],"replies":[{"embeddable":true,"href":"https:\/\/aguaslindasnoticias.com.br\/index.php\/wp-json\/wp\/v2\/comments?post=5400"}],"version-history":[{"count":0,"href":"https:\/\/aguaslindasnoticias.com.br\/index.php\/wp-json\/wp\/v2\/posts\/5400\/revisions"}],"wp:attachment":[{"href":"https:\/\/aguaslindasnoticias.com.br\/index.php\/wp-json\/wp\/v2\/media?parent=5400"}],"wp:term":[{"taxonomy":"category","embeddable":true,"href":"https:\/\/aguaslindasnoticias.com.br\/index.php\/wp-json\/wp\/v2\/categories?post=5400"},{"taxonomy":"post_tag","embeddable":true,"href":"https:\/\/aguaslindasnoticias.com.br\/index.php\/wp-json\/wp\/v2\/tags?post=5400"}],"curies":[{"name":"wp","href":"https:\/\/api.w.org\/{rel}","templated":true}]}}