{"id":5399,"date":"2023-01-04T10:12:48","date_gmt":"2023-01-04T13:12:48","guid":{"rendered":"https:\/\/aguaslindasnoticias.com.br\/index.php\/2023\/01\/04\/gdf-promove-reforma-no-cine-itapua-do-gama\/"},"modified":"2023-01-04T10:12:48","modified_gmt":"2023-01-04T13:12:48","slug":"gdf-promove-reforma-no-cine-itapua-do-gama","status":"publish","type":"post","link":"https:\/\/aguaslindasnoticias.com.br\/index.php\/2023\/01\/04\/gdf-promove-reforma-no-cine-itapua-do-gama\/","title":{"rendered":"GDF promove reforma no Cine Itapu\u00e3, do Gama"},"content":{"rendered":"\n<p>Com aporte de mais de R$ 460 mil, a obra foi iniciada em outubro de 2021; reinaugura\u00e7\u00e3o est\u00e1 prevista para o primeiro semestre de 2022AG\u00caNCIA BRAS\u00cdLIA* I EDI\u00c7\u00c3O: D\u00c9BORA CRONEMBERGER&nbsp;<\/p>\n\n\n\n<p>Ap\u00f3s anos de abandono, o Cine Itapu\u00e3 do Gama entrou para o rol de espa\u00e7os culturais da Secretaria de Cultura e Economia Criativa (Secec) e transformou-se em um grande canteiro de obras. Nesta segunda-feira (10), o secret\u00e1rio em exerc\u00edcio, Carlos Alberto J\u00fanior, conferiu de perto o andamento das obras estruturais do cinema. A reforma \u00e9 o pontap\u00e9 inicial para a reativa\u00e7\u00e3o do espa\u00e7o. A primeira etapa ser\u00e1 conclu\u00edda ainda em janeiro.<\/p>\n\n\n\n<figure class=\"wp-block-image\"><img decoding=\"async\" src=\"http:\/\/www.agenciabrasilia.df.gov.br\/wp-conteudo\/uploads\/2022\/01\/WhatsApp-Image-2022-01-10-at-20.05.41-1024x682.jpeg\" alt=\"\" class=\"wp-image-368456\"\/><figcaption>Obra teve in\u00edcio em outubro de 2021, com os servi\u00e7os de manuten\u00e7\u00e3o do telhado, impermeabiliza\u00e7\u00e3o de todas as paredes e pintura da fachada frontal da edifica\u00e7\u00e3o | Foto: Divulga\u00e7\u00e3o\/Secec<\/figcaption><\/figure>\n\n\n\n<p>Com o aporte de R$ 463.355,04, a pasta iniciou a obra em outubro de 2021, com os servi\u00e7os de manuten\u00e7\u00e3o do telhado, impermeabiliza\u00e7\u00e3o de todas as paredes e pintura da fachada frontal da edifica\u00e7\u00e3o. Ap\u00f3s a conclus\u00e3o dessa etapa, a Secec cuidar\u00e1 de quest\u00f5es de acabamento da sala e da licita\u00e7\u00e3o para aquisi\u00e7\u00e3o de mobili\u00e1rio e equipamentos tecnol\u00f3gicos para a exibi\u00e7\u00e3o dos filmes. O Cine Itapu\u00e3 dever\u00e1 ser reinaugurado ainda no primeiro semestre de 2022.<\/p>\n\n\n\n<blockquote class=\"wp-block-quote is-layout-flow wp-block-quote-is-layout-flow\"><p>\u201cDevolver um espa\u00e7o desta magnitude para a popula\u00e7\u00e3o \u00e9 estimular a forma\u00e7\u00e3o de novos p\u00fablicos e o exerc\u00edcio da cidadania para as pr\u00f3ximas gera\u00e7\u00f5es\u201dCarlos Alberto J\u00fanior, secret\u00e1rio de Cultura em exerc\u00edcio<\/p><\/blockquote>\n\n\n\n<p>\u201cEstamos diante de uma grande joia do Gama e do Distrito Federal. Esse espa\u00e7o carrega consigo um ba\u00fa de mem\u00f3rias afetivas desse povo ativamente cultural. Para garantir a seguran\u00e7a da edifica\u00e7\u00e3o, a Secec investiu na parte estrutural para a primeira fase das obras, uma vez que o pr\u00e9dio estava colapsando\u201d, aponta o secret\u00e1rio em exerc\u00edcio, Carlos Alberto J\u00fanior.<\/p>\n\n\n\n<p>Localizado na Pra\u00e7a Lourival Bandeira, o cine-teatro foi um marco para os movimentos culturais do Gama, transmitindo de modo simult\u00e2neo filmes do Festival de Bras\u00edlia de Cinema Brasileiro (FBCB). O local, que \u00e9 vanguarda do cinema candango, sofreu com anos de abandono. Fechado definitivamente desde 2005, o Cine se tornou alvo de queixas recorrentes da popula\u00e7\u00e3o local, que ficou sem cinema na cidade.<\/p>\n\n\n\n<p>Ap\u00f3s visita t\u00e9cnica realizada pelo secret\u00e1rio de cultura, Bartolomeu Rodrigues, a Administra\u00e7\u00e3o Regional do Gama formalizou o pedido de apoio da pasta, tanto para a reforma, quanto para assumir a gest\u00e3o e programa\u00e7\u00e3o cultural de um dos espa\u00e7os mais significativos do DF. Ap\u00f3s tratativas assertivas, o Itapu\u00e3 passou a ser de responsabilidade total da Secec no fim de agosto. Com os problemas estruturais diagnosticados, as portas do local foram reabertas para finalmente restaur\u00e1-lo.<\/p>\n\n\n\n<p><strong>Espet\u00e1culo &#8216;Dan\u00e7a, Bras\u00edlia, Dan\u00e7a&#8217; estreia no Youtube<\/strong><\/p>\n\n\n\n<p>\u201cDevolver um espa\u00e7o desta magnitude para a popula\u00e7\u00e3o \u00e9 estimular a forma\u00e7\u00e3o de novos p\u00fablicos e o exerc\u00edcio da cidadania para as pr\u00f3ximas gera\u00e7\u00f5es\u201d, arremata Carlos Alberto.<\/p>\n\n\n\n<p>O antigo cinema, que j\u00e1 foi o segundo maior do Distrito Federal, tem capacidade para 500 pessoas e recebia apresenta\u00e7\u00f5es teatrais e shows. Fundado em 1963, o cinema era refer\u00eancia na cidade de quase 150 mil habitantes, que n\u00e3o possui outro espa\u00e7o cinematogr\u00e1fico.<\/p>\n\n\n\n<p><em>*Com informa\u00e7\u00f5es da Secretaria de Cultura e Economia Criativa<\/em><\/p>\n","protected":false},"excerpt":{"rendered":"<p>Com aporte de mais de R$ 460 mil, a obra foi iniciada em outubro de 2021; reinaugura\u00e7\u00e3o est\u00e1 prevista para o primeiro semestre de 2022AG\u00caNCIA BRAS\u00cdLIA* I EDI\u00c7\u00c3O: D\u00c9BORA CRONEMBERGER&nbsp; Ap\u00f3s anos de abandono, o Cine Itapu\u00e3 do Gama entrou para o rol de espa\u00e7os culturais da Secretaria de Cultura e Economia Criativa (Secec) e [&hellip;]<\/p>\n","protected":false},"author":1,"featured_media":0,"comment_status":"open","ping_status":"open","sticky":false,"template":"","format":"standard","meta":{"footnotes":""},"categories":[],"tags":[],"class_list":["post-5399","post","type-post","status-publish","format-standard","hentry"],"_links":{"self":[{"href":"https:\/\/aguaslindasnoticias.com.br\/index.php\/wp-json\/wp\/v2\/posts\/5399","targetHints":{"allow":["GET"]}}],"collection":[{"href":"https:\/\/aguaslindasnoticias.com.br\/index.php\/wp-json\/wp\/v2\/posts"}],"about":[{"href":"https:\/\/aguaslindasnoticias.com.br\/index.php\/wp-json\/wp\/v2\/types\/post"}],"author":[{"embeddable":true,"href":"https:\/\/aguaslindasnoticias.com.br\/index.php\/wp-json\/wp\/v2\/users\/1"}],"replies":[{"embeddable":true,"href":"https:\/\/aguaslindasnoticias.com.br\/index.php\/wp-json\/wp\/v2\/comments?post=5399"}],"version-history":[{"count":0,"href":"https:\/\/aguaslindasnoticias.com.br\/index.php\/wp-json\/wp\/v2\/posts\/5399\/revisions"}],"wp:attachment":[{"href":"https:\/\/aguaslindasnoticias.com.br\/index.php\/wp-json\/wp\/v2\/media?parent=5399"}],"wp:term":[{"taxonomy":"category","embeddable":true,"href":"https:\/\/aguaslindasnoticias.com.br\/index.php\/wp-json\/wp\/v2\/categories?post=5399"},{"taxonomy":"post_tag","embeddable":true,"href":"https:\/\/aguaslindasnoticias.com.br\/index.php\/wp-json\/wp\/v2\/tags?post=5399"}],"curies":[{"name":"wp","href":"https:\/\/api.w.org\/{rel}","templated":true}]}}