{"id":5398,"date":"2023-01-04T10:12:41","date_gmt":"2023-01-04T13:12:41","guid":{"rendered":"https:\/\/aguaslindasnoticias.com.br\/index.php\/2023\/01\/04\/noite-acessivel-no-brasilia-iluminada\/"},"modified":"2023-01-04T10:12:41","modified_gmt":"2023-01-04T13:12:41","slug":"noite-acessivel-no-brasilia-iluminada","status":"publish","type":"post","link":"https:\/\/aguaslindasnoticias.com.br\/index.php\/2023\/01\/04\/noite-acessivel-no-brasilia-iluminada\/","title":{"rendered":"Noite acess\u00edvel no Bras\u00edlia Iluminada"},"content":{"rendered":"\n<h2 class=\"wp-block-heading\">A pedido de pais de crian\u00e7as com autismo, o evento se adaptou e, por um dia, suspendeu a m\u00fasica ambiente nos quadrantes da Esplanada dos Minist\u00e9rios<\/h2>\n\n\n\n<p>ADRIANA IZEL, DA AG\u00caNCIA BRAS\u00cdLIA I EDI\u00c7\u00c3O: D\u00c9BORA CRONEMBERGER<a href=\"https:\/\/www.facebook.com\/sharer.php?u=https:\/\/agenciabrasilia.df.gov.br\/2022\/01\/10\/noite-acessivel-no-brasilia-iluminada\/\" target=\"_blank\" rel=\"noreferrer noopener\"><\/a><a href=\"https:\/\/twitter.com\/intent\/tweet?source=agenciabrasilia&amp;text=Noite%20acess%C3%ADvel%20no%20Bras%C3%ADlia%20Iluminada&amp;url=https:\/\/agenciabrasilia.df.gov.br\/2022\/01\/10\/noite-acessivel-no-brasilia-iluminada\/&amp;via=AgenciaBrasilia\" target=\"_blank\" rel=\"noreferrer noopener\"><\/a><\/p>\n\n\n\n<p>A decora\u00e7\u00e3o do projeto Bras\u00edlia Iluminada recebe at\u00e9 50 mil pessoas por dia. Apesar do grande n\u00famero de visitantes, o evento deixava de abrigar um p\u00fablico espec\u00edfico: as pessoas com hipersensibilidade auditiva, porque a estrutura contemplativa na Esplanada dos Minist\u00e9rios \u00e9 dotada de som musical.<\/p>\n\n\n\n<figure class=\"wp-block-image\"><img decoding=\"async\" src=\"http:\/\/www.agenciabrasilia.df.gov.br\/wp-conteudo\/uploads\/2022\/01\/Familia-Viviane-Benon-Luis-Ferruicio-e-N%C3%A3na-JRO_0622-1-1024x680.jpg\" alt=\"\" class=\"wp-image-368480\"\/><figcaption>Fam\u00edlia da advogada Viviane Benon, que \u00e9 idealizadora do Instituto N\u00e3na | Fotos: Joel Rodrigues\/Ag\u00eancia Bras\u00edlia<\/figcaption><\/figure>\n\n\n\n<p>Em pessoas com autismo \u00e9 comum que sons habituais gerem desconforto. Por isso, alguns pais e m\u00e3es de crian\u00e7as com o espectro estavam evitando levar os filhos para visitar o evento gratuito e dispon\u00edvel desde 22 de dezembro. \u201cViemos algumas vezes de carro, mas n\u00e3o tinha como parar para entrar, por causa do barulho\u201d, explica Verusca Medeiros, m\u00e3e de Jo\u00e3o Pedro Ara\u00fajo, jovem com autismo moderado. \u201cO Jo\u00e3o Pedro tem problemas com m\u00fasica alta. \u00c9 um gatilho para convuls\u00f5es e comportamentos, como o choro\u201d, completa.<\/p>\n\n\n\n<figure class=\"wp-block-image\"><img decoding=\"async\" src=\"http:\/\/www.agenciabrasilia.df.gov.br\/wp-conteudo\/uploads\/2022\/01\/Veruska-Medeiros-e-Joao-Pedro-JRO_0702-1-300x199.jpg\" alt=\"\" class=\"wp-image-368483\"\/><figcaption>Verusca Medeiros e o filho Jo\u00e3o Pedro Ara\u00fajo<\/figcaption><\/figure>\n\n\n\n<p>Nesta segunda-feira (10), quando o evento preparou um dia especial e acess\u00edvel, em que o som ambiente ficou desligado das 18h \u00e0s 23h nos quadrantes localizados na Esplanada dos Minist\u00e9rios, pela primeira vez, m\u00e3e e filho puderam descer do carro.<\/p>\n\n\n\n<p>Jo\u00e3o Pedro estava encantado com o que via. \u201cEstou achando perfeito. Nem imaginava que ia ser assim. Estou gostando de tudo, de estar com os meus amigos\u201d, afirma o garoto.<\/p>\n\n\n\n<p><strong>Ideia<\/strong><\/p>\n\n\n\n<p>A iniciativa surgiu do pedido da bacharel em direito e p\u00f3s-graduanda em Interven\u00e7\u00e3o ABA para autismo, Viviane Benon, que \u00e9 idealizadora do Instituto N\u00e3na, um centro de atividades esportivas, recreativas e terap\u00eauticas para pessoas com defici\u00eancia.<\/p>\n\n\n\n<p>Ao visitar o Bras\u00edlia Iluminada, ela percebeu que s\u00f3 poderia levar a enteada Ana Luiza Sampaio, a N\u00e3na, de 15 anos, se o evento retirasse o som ambiente.<\/p>\n\n\n\n<p>\u201cFiquei muito apaixonada pelo evento. Resolvi pedir e explicar a nossa situa\u00e7\u00e3o \u00e0 produ\u00e7\u00e3o. Eu queria ter a oportunidade de trazer a N\u00e3na para poder desfrutar e vivenciar essa beleza. Eu sabia que n\u00e3o seria uma oportunidade s\u00f3 para ela, mas para outras crian\u00e7as, adolescentes e idosos\u201d, conta.<\/p>\n\n\n\n<p>Viviane entrou em contato com os respons\u00e1veis pelo evento e solicitou a retirada do som por um dia, o que foi acatado pela produ\u00e7\u00e3o. \u201cA Viviane acionou uma pessoa da equipe de atendimento, que passou para a coordena\u00e7\u00e3o, e resolvemos fazer essa a\u00e7\u00e3o. Buscamos entender o que precis\u00e1vamos para acolher e atender melhor esse p\u00fablico. Assim, fizemos um dia totalmente silencioso em que todas as estruturas da Esplanada est\u00e3o sem sonoriza\u00e7\u00e3o e \u00e1udio\u201d, revela Patr\u00edcia Mazoni, coordenadora de sustentabilidade do Bras\u00edlia Iluminada.<\/p>\n\n\n\n<figure class=\"wp-block-image\"><img decoding=\"async\" src=\"http:\/\/www.agenciabrasilia.df.gov.br\/wp-conteudo\/uploads\/2022\/01\/Rebeca-Mello-E-Yan-ko-JRO_0625-1024x680.jpg\" alt=\"\" class=\"wp-image-368482\"\/><figcaption>Rebeca Mello ficou feliz com a oportunidade de levar o filho Yan Ko, de apenas 3 anos, para conhecer o Bras\u00edlia Iluminada<\/figcaption><\/figure>\n\n\n\n<p>Quem tamb\u00e9m aproveitou o dia \u201csem barulho\u201d foi o pequeno Yan Ko, de apenas 3 anos, que tem autismo moderado. A m\u00e3e Rebeca Mello estava adiando o momento de lev\u00e1-lo at\u00e9 a estrutura.<\/p>\n\n\n\n<p><strong>Leia tamb\u00e9m<\/strong><a href=\"https:\/\/agenciabrasilia.df.gov.br\/2021\/12\/22\/confira-programacao-cultural-do-brasilia-iluminada-2021\/\" target=\"_blank\" rel=\"noreferrer noopener\"><strong>Confira programa\u00e7\u00e3o cultural do Bras\u00edlia Iluminada 2021<\/strong><\/a><a href=\"https:\/\/agenciabrasilia.df.gov.br\/2021\/12\/16\/brasilia-iluminada-chega-a-segunda-edicao\/\" target=\"_blank\" rel=\"noreferrer noopener\"><strong>Bras\u00edlia Iluminada chega \u00e0 segunda edi\u00e7\u00e3o<\/strong><\/a><\/p>\n\n\n\n<p>\u201cEu j\u00e1 tinha passado de carro, mas at\u00e9 ent\u00e3o era s\u00f3 um projeto traz\u00ea-lo aqui, porque ainda estava muito cheio e tinha o som. Quando a Viviane conseguiu essa oportunidade, eu o trouxe na hora\u201d, comenta. E Yan aproveitou. \u201cEle gostou principalmente das bolhas (feitas de fuma\u00e7a) e dos bichinhos que se movem\u201d, lembra.<\/p>\n\n\n\n<p><strong>Evento<\/strong><\/p>\n\n\n\n<p>O Bras\u00edlia Iluminada ocupa 415.770 m\u00b2 de \u00e1rea enfeitada da Esplanada dos Minist\u00e9rios, na altura do Congresso Nacional, at\u00e9 o Eixo Monumental, na Igreja Rainha da Paz. S\u00e3o, ao todo, 11 eixos que celebram os s\u00edmbolos de esperan\u00e7a e renova\u00e7\u00e3o. Al\u00e9m de ser um evento contemplativo, conta com a\u00e7\u00f5es sociais e m\u00fasicas. A entrada \u00e9 gratuita e livre para todos os p\u00fablicos. O evento segue para visita\u00e7\u00e3o at\u00e9 20 de janeiro.<\/p>\n","protected":false},"excerpt":{"rendered":"<p>A pedido de pais de crian\u00e7as com autismo, o evento se adaptou e, por um dia, suspendeu a m\u00fasica ambiente nos quadrantes da Esplanada dos Minist\u00e9rios ADRIANA IZEL, DA AG\u00caNCIA BRAS\u00cdLIA I EDI\u00c7\u00c3O: D\u00c9BORA CRONEMBERGER A decora\u00e7\u00e3o do projeto Bras\u00edlia Iluminada recebe at\u00e9 50 mil pessoas por dia. Apesar do grande n\u00famero de visitantes, o [&hellip;]<\/p>\n","protected":false},"author":1,"featured_media":0,"comment_status":"open","ping_status":"open","sticky":false,"template":"","format":"standard","meta":{"footnotes":""},"categories":[],"tags":[],"class_list":["post-5398","post","type-post","status-publish","format-standard","hentry"],"_links":{"self":[{"href":"https:\/\/aguaslindasnoticias.com.br\/index.php\/wp-json\/wp\/v2\/posts\/5398","targetHints":{"allow":["GET"]}}],"collection":[{"href":"https:\/\/aguaslindasnoticias.com.br\/index.php\/wp-json\/wp\/v2\/posts"}],"about":[{"href":"https:\/\/aguaslindasnoticias.com.br\/index.php\/wp-json\/wp\/v2\/types\/post"}],"author":[{"embeddable":true,"href":"https:\/\/aguaslindasnoticias.com.br\/index.php\/wp-json\/wp\/v2\/users\/1"}],"replies":[{"embeddable":true,"href":"https:\/\/aguaslindasnoticias.com.br\/index.php\/wp-json\/wp\/v2\/comments?post=5398"}],"version-history":[{"count":0,"href":"https:\/\/aguaslindasnoticias.com.br\/index.php\/wp-json\/wp\/v2\/posts\/5398\/revisions"}],"wp:attachment":[{"href":"https:\/\/aguaslindasnoticias.com.br\/index.php\/wp-json\/wp\/v2\/media?parent=5398"}],"wp:term":[{"taxonomy":"category","embeddable":true,"href":"https:\/\/aguaslindasnoticias.com.br\/index.php\/wp-json\/wp\/v2\/categories?post=5398"},{"taxonomy":"post_tag","embeddable":true,"href":"https:\/\/aguaslindasnoticias.com.br\/index.php\/wp-json\/wp\/v2\/tags?post=5398"}],"curies":[{"name":"wp","href":"https:\/\/api.w.org\/{rel}","templated":true}]}}