{"id":5396,"date":"2023-01-04T10:12:41","date_gmt":"2023-01-04T13:12:41","guid":{"rendered":"https:\/\/aguaslindasnoticias.com.br\/index.php\/2023\/01\/04\/que-tal-doar-sangue-estoque-do-hemocentro-segue-em-forte-queda\/"},"modified":"2023-01-04T10:12:41","modified_gmt":"2023-01-04T13:12:41","slug":"que-tal-doar-sangue-estoque-do-hemocentro-segue-em-forte-queda","status":"publish","type":"post","link":"https:\/\/aguaslindasnoticias.com.br\/index.php\/2023\/01\/04\/que-tal-doar-sangue-estoque-do-hemocentro-segue-em-forte-queda\/","title":{"rendered":"Que tal doar sangue? Estoque do Hemocentro segue em forte queda"},"content":{"rendered":"\n<h2 class=\"wp-block-heading\">Os primeiros dias de 2022 registraram m\u00e9dia de 126 bolsas coletadas por dia \u2013 os piores dias at\u00e9 agora foram 2 e 3 de janeiro, com apenas 94 doa\u00e7\u00f5es<\/h2>\n\n\n\n<p>AG\u00caNCIA BRAS\u00cdLIA * I EDI\u00c7\u00c3O: CAROLINA JARDON<a href=\"https:\/\/www.facebook.com\/sharer.php?u=https:\/\/agenciabrasilia.df.gov.br\/2022\/01\/11\/que-tal-doar-sangue-estoque-do-hemocentro-segue-em-forte-queda\/\" target=\"_blank\" rel=\"noreferrer noopener\"><\/a><a href=\"https:\/\/twitter.com\/intent\/tweet?source=agenciabrasilia&amp;text=Que%20tal%20doar%20sangue?%20Estoque%20do%20Hemocentro%20segue%20em%20forte%20queda&amp;url=https:\/\/agenciabrasilia.df.gov.br\/2022\/01\/11\/que-tal-doar-sangue-estoque-do-hemocentro-segue-em-forte-queda\/&amp;via=AgenciaBrasilia\" target=\"_blank\" rel=\"noreferrer noopener\"><\/a><\/p>\n\n\n\n<p>Com o aumento no n\u00famero de infec\u00e7\u00f5es por covid-19 e por gripe, o movimento de doadores na Funda\u00e7\u00e3o Hemocentro de Bras\u00edlia caiu sensivelmente na primeira semana do ano \u2013 a redu\u00e7\u00e3o foi de 23% no per\u00edodo. Os primeiros dias de 2022 registraram m\u00e9dia de 126 bolsas coletadas por dia \u2013 os piores dias at\u00e9 agora foram 2 e 3 de janeiro, com apenas 94 doa\u00e7\u00f5es efetivadas. Ao longo de 2021, a m\u00e9dia foi de 163 doa\u00e7\u00f5es por dia.<\/p>\n\n\n\n<figure class=\"wp-block-image\"><a href=\"http:\/\/www.agenciabrasilia.df.gov.br\/2016\/08\/12\/hemocentro-precisa-de-doadores-de-sangue-tipo-o\/hemocentro-doacao-sangue-pedro-ventura-agencia-brasilia\/\" target=\"_blank\" rel=\"noreferrer noopener\"><img decoding=\"async\" src=\"http:\/\/www.agenciabrasilia.df.gov.br\/wp-conteudo\/uploads\/2016\/08\/hemocentro-doacao-sangue-pedro-ventura-agencia-brasilia-300x200.jpg\" alt=\"\" class=\"wp-image-53270\"\/><\/a><figcaption>Para doar sangue, \u00e9 preciso ter entre 16 e 69 anos, pesar mais de 51 kg e estar saud\u00e1vel&nbsp;| Foto: Arquivo\/Ag\u00eancia Bras\u00edlia<\/figcaption><\/figure>\n\n\n\n<p>A redu\u00e7\u00e3o nas doa\u00e7\u00f5es j\u00e1 impacta os estoques de sangue. Todos os grupos sangu\u00edneos negativos e os tipos O e A positivo est\u00e3o em n\u00edveis baixos ou cr\u00edticos.<\/p>\n\n\n\n<p>Caso as reservas continuem nessa situa\u00e7\u00e3o por muitos dias, procedimentos de rotina e cirurgias eletivas podem ser adiadas ou at\u00e9 canceladas para que atendimentos de urg\u00eancia sejam priorizados.<\/p>\n\n\n\n<p>\u201cUma queda de mais de 20% n\u00e3o \u00e9 esperada, mesmo sendo um m\u00eas de f\u00e9rias, em que as pessoas costumam sair de Bras\u00edlia. Temos percebido que h\u00e1 doadores cancelando o agendamento da doa\u00e7\u00e3o porque est\u00e3o com gripe ou covid-19\u201d, comenta a chefe da Subse\u00e7\u00e3o de Capta\u00e7\u00e3o de Doadores do Hemocentro de Bras\u00edlia, Kelly Barbi.<\/p>\n\n\n\n<p>Al\u00e9m disso, a segunda semana de 2022 n\u00e3o d\u00e1 sinais de melhora no movimento. Menos da metade das vagas para doadores de sangue s\u00e3o preenchidas desde segunda-feira (10). \u201cA gente nunca sabe quem vai precisar amanh\u00e3. Tamb\u00e9m temos muitos pacientes que precisam de transfus\u00f5es com frequ\u00eancia. Ent\u00e3o, a mobiliza\u00e7\u00e3o da nossa sociedade neste momento \u00e9 important\u00edssima para que as pessoas que precisam continuem sendo atendidas\u201d, refor\u00e7a Kelly.<\/p>\n\n\n\n<p><strong>Doe sangue<\/strong><\/p>\n\n\n\n<p>O agendamento da doa\u00e7\u00e3o de sangue segue obrigat\u00f3rio, para n\u00e3o haver aglomera\u00e7\u00f5es, e deve ser feito pelo site&nbsp;<a href=\"https:\/\/agenciabrasilia.df.gov.br\/2022\/01\/11\/que-tal-doar-sangue-estoque-do-hemocentro-segue-em-forte-queda\/agenda.df.gov.br\" target=\"_blank\" rel=\"noreferrer noopener\">agenda.df.gov.br<\/a>. O Hemocentro de Bras\u00edlia est\u00e1 localizado no Setor M\u00e9dico Hospitalar Norte (in\u00edcio da W3 Norte), pr\u00f3ximo ao Hran e a Funda\u00e7\u00e3o de Ensino e Pesquisa em Ci\u00eancias da Sa\u00fade e atende de segunda a s\u00e1bado, das 7h15 \u00e0s 18h.<\/p>\n\n\n\n<p>Para doar sangue, \u00e9 preciso ter entre 16 e 69 anos, pesar mais de 51 kg e estar saud\u00e1vel. Quem passou por cirurgia, exame endosc\u00f3pico ou adoeceu recentemente, a recomenda\u00e7\u00e3o \u00e9 consultar o site do Hemocentro para saber se est\u00e1 apto a doar sangue:&nbsp;<a href=\"http:\/\/www.hemocentro.df.gov.br\/\" target=\"_blank\" rel=\"noreferrer noopener\">www.hemocentro.df.gov.br<\/a><\/p>\n\n\n\n<p>Quem teve gripe deve aguardar 15 dias ap\u00f3s o desaparecimento dos sintomas para poder doar sangue \u2013 para quem teve covid-19, s\u00e3o 30 dias. J\u00e1 quem teve contato com pessoa diagnosticada ou com suspeita de covid-19 ou gripe deve esperar 14 dias para se candidatar \u00e0 doa\u00e7\u00e3o de sangue.<\/p>\n\n\n\n<p>Com rela\u00e7\u00e3o \u00e0s vacinas, o tempo de impedimento \u00e9 mais curto: a vacina contra gripe e a Coronavac impedem a doa\u00e7\u00e3o de sangue por dois dias ap\u00f3s a dose. J\u00e1 as vacinas Pfizer, Astrazeneca e Janssen impedem por sete dias ap\u00f3s cada dose.<\/p>\n\n\n\n<p><em>* Com informa\u00e7\u00f5es do Hemocentro<\/em><\/p>\n","protected":false},"excerpt":{"rendered":"<p>Os primeiros dias de 2022 registraram m\u00e9dia de 126 bolsas coletadas por dia \u2013 os piores dias at\u00e9 agora foram 2 e 3 de janeiro, com apenas 94 doa\u00e7\u00f5es AG\u00caNCIA BRAS\u00cdLIA * I EDI\u00c7\u00c3O: CAROLINA JARDON Com o aumento no n\u00famero de infec\u00e7\u00f5es por covid-19 e por gripe, o movimento de doadores na Funda\u00e7\u00e3o Hemocentro [&hellip;]<\/p>\n","protected":false},"author":1,"featured_media":0,"comment_status":"open","ping_status":"open","sticky":false,"template":"","format":"standard","meta":{"footnotes":""},"categories":[],"tags":[],"class_list":["post-5396","post","type-post","status-publish","format-standard","hentry"],"_links":{"self":[{"href":"https:\/\/aguaslindasnoticias.com.br\/index.php\/wp-json\/wp\/v2\/posts\/5396","targetHints":{"allow":["GET"]}}],"collection":[{"href":"https:\/\/aguaslindasnoticias.com.br\/index.php\/wp-json\/wp\/v2\/posts"}],"about":[{"href":"https:\/\/aguaslindasnoticias.com.br\/index.php\/wp-json\/wp\/v2\/types\/post"}],"author":[{"embeddable":true,"href":"https:\/\/aguaslindasnoticias.com.br\/index.php\/wp-json\/wp\/v2\/users\/1"}],"replies":[{"embeddable":true,"href":"https:\/\/aguaslindasnoticias.com.br\/index.php\/wp-json\/wp\/v2\/comments?post=5396"}],"version-history":[{"count":0,"href":"https:\/\/aguaslindasnoticias.com.br\/index.php\/wp-json\/wp\/v2\/posts\/5396\/revisions"}],"wp:attachment":[{"href":"https:\/\/aguaslindasnoticias.com.br\/index.php\/wp-json\/wp\/v2\/media?parent=5396"}],"wp:term":[{"taxonomy":"category","embeddable":true,"href":"https:\/\/aguaslindasnoticias.com.br\/index.php\/wp-json\/wp\/v2\/categories?post=5396"},{"taxonomy":"post_tag","embeddable":true,"href":"https:\/\/aguaslindasnoticias.com.br\/index.php\/wp-json\/wp\/v2\/tags?post=5396"}],"curies":[{"name":"wp","href":"https:\/\/api.w.org\/{rel}","templated":true}]}}