{"id":5394,"date":"2023-01-04T10:12:41","date_gmt":"2023-01-04T13:12:41","guid":{"rendered":"https:\/\/aguaslindasnoticias.com.br\/index.php\/2023\/01\/04\/deputados-convencem-governo-e-aprovam-ipva-para-2022-com-reajuste-menor\/"},"modified":"2023-01-04T10:12:41","modified_gmt":"2023-01-04T13:12:41","slug":"deputados-convencem-governo-e-aprovam-ipva-para-2022-com-reajuste-menor","status":"publish","type":"post","link":"https:\/\/aguaslindasnoticias.com.br\/index.php\/2023\/01\/04\/deputados-convencem-governo-e-aprovam-ipva-para-2022-com-reajuste-menor\/","title":{"rendered":"Deputados convencem governo e aprovam IPVA para 2022 com reajuste menor"},"content":{"rendered":"\n<p>Foto: Silvio Abdon\/CLDF<\/p>\n\n\n\n<figure class=\"wp-block-image\"><img decoding=\"async\" src=\"https:\/\/www.cl.df.gov.br\/documents\/10162\/25367638\/2111186SA+%2822%29.jpg\/0e464317-b831-8caf-f3f2-d3ce52bdd290?t=1639498590327\" alt=\"Reajuste de 10,42% ser\u00e1 a metade do que estava previsto no projeto do Executivo, baseada na tabela Fipe\"\/><\/figure>\n\n\n\n<p>Reajuste de 10,42% ser\u00e1 a metade do que estava previsto no projeto do Executivo, baseada na tabela Fipe<\/p>\n\n\n\n<p>O Imposto sobre a Propriedade de Ve\u00edculos Automotores (IPVA) de 2022 ter\u00e1 um reajuste de 10,42%, aumento menor do que os 22% inicialmente previstos pelo governo. A redu\u00e7\u00e3o do aumento do imposto foi negociada pelos deputados distritais, que conseguiram que o GDF concordasse em reduzir o percentual.<\/p>\n\n\n\n<p>A C\u00e2mara Legislativa aprovou nesta ter\u00e7a-feira (14) o projeto de lei n\u00ba 2.328\/2021, do Executivo, que estabelece a pauta de valores venais dos ve\u00edculos automotores registrados e licenciados no Distrito Federal para efeito de lan\u00e7amento do IPVA, para o exerc\u00edcio de 2022.<\/p>\n\n\n\n<p>O texto original do projeto previa que a base de c\u00e1lculo do IPVA fosse a tabela de pre\u00e7os da FIPE, que registrou neste ano uma valoriza\u00e7\u00e3o estimada de 22%. Ap\u00f3s muita reclama\u00e7\u00e3o de alguns deputados, o governo cedeu e concordou em fixar o reajuste do imposto com base na varia\u00e7\u00e3o do \u00cdndice Nacional de Pre\u00e7os ao Consumidor (INPC), que foi de 10,42%. Este foi o mesmo percentual de reajuste utilizado no c\u00e1lculo do Imposto Predial e Territorial Urbano (IPTU) de 2022.<\/p>\n\n\n\n<p>O deputado Chico Vigilante (PT) foi um dos primeiros a criticar o aumento proposto inicialmente e sugeriu o congelamento da tabela nos valores cobrados este ano. J\u00e1 a deputada Arlete Sampaio (PT) chamou de incoer\u00eancia, \u201cconceder desconto de 10% para pagamento \u00e0 vista e, ao mesmo tempo, aprovar uma pauta com 20% de reajuste\u201d.&nbsp;<\/p>\n\n\n\n<p>O deputado Leandro Grass (Rede) disse que o projeto original gerava injusti\u00e7a tribut\u00e1ria, \u201cpois prejudicava aqueles que tem os carros seminovos\u201d. Para F\u00e1bio F\u00e9lix (Psol), o aumento prejudica a popula\u00e7\u00e3o que \u201cj\u00e1 sofre com o aumento de gasolina, do desemprego e da infla\u00e7\u00e3o\u201d.<\/p>\n\n\n\n<p><strong>Lu\u00eds Cl\u00e1udio Alves &#8211; Ag\u00eancia CLDF<\/strong><\/p>\n","protected":false},"excerpt":{"rendered":"<p>Foto: Silvio Abdon\/CLDF Reajuste de 10,42% ser\u00e1 a metade do que estava previsto no projeto do Executivo, baseada na tabela Fipe O Imposto sobre a Propriedade de Ve\u00edculos Automotores (IPVA) de 2022 ter\u00e1 um reajuste de 10,42%, aumento menor do que os 22% inicialmente previstos pelo governo. A redu\u00e7\u00e3o do aumento do imposto foi negociada [&hellip;]<\/p>\n","protected":false},"author":1,"featured_media":0,"comment_status":"open","ping_status":"open","sticky":false,"template":"","format":"standard","meta":{"footnotes":""},"categories":[],"tags":[],"class_list":["post-5394","post","type-post","status-publish","format-standard","hentry"],"_links":{"self":[{"href":"https:\/\/aguaslindasnoticias.com.br\/index.php\/wp-json\/wp\/v2\/posts\/5394","targetHints":{"allow":["GET"]}}],"collection":[{"href":"https:\/\/aguaslindasnoticias.com.br\/index.php\/wp-json\/wp\/v2\/posts"}],"about":[{"href":"https:\/\/aguaslindasnoticias.com.br\/index.php\/wp-json\/wp\/v2\/types\/post"}],"author":[{"embeddable":true,"href":"https:\/\/aguaslindasnoticias.com.br\/index.php\/wp-json\/wp\/v2\/users\/1"}],"replies":[{"embeddable":true,"href":"https:\/\/aguaslindasnoticias.com.br\/index.php\/wp-json\/wp\/v2\/comments?post=5394"}],"version-history":[{"count":0,"href":"https:\/\/aguaslindasnoticias.com.br\/index.php\/wp-json\/wp\/v2\/posts\/5394\/revisions"}],"wp:attachment":[{"href":"https:\/\/aguaslindasnoticias.com.br\/index.php\/wp-json\/wp\/v2\/media?parent=5394"}],"wp:term":[{"taxonomy":"category","embeddable":true,"href":"https:\/\/aguaslindasnoticias.com.br\/index.php\/wp-json\/wp\/v2\/categories?post=5394"},{"taxonomy":"post_tag","embeddable":true,"href":"https:\/\/aguaslindasnoticias.com.br\/index.php\/wp-json\/wp\/v2\/tags?post=5394"}],"curies":[{"name":"wp","href":"https:\/\/api.w.org\/{rel}","templated":true}]}}