{"id":5392,"date":"2023-01-04T10:12:41","date_gmt":"2023-01-04T13:12:41","guid":{"rendered":"https:\/\/aguaslindasnoticias.com.br\/index.php\/2023\/01\/04\/cldf-aprova-lei-orcamentaria-anual-com-previsao-de-reajuste-e-pacote-economico\/"},"modified":"2023-01-04T10:12:41","modified_gmt":"2023-01-04T13:12:41","slug":"cldf-aprova-lei-orcamentaria-anual-com-previsao-de-reajuste-e-pacote-economico","status":"publish","type":"post","link":"https:\/\/aguaslindasnoticias.com.br\/index.php\/2023\/01\/04\/cldf-aprova-lei-orcamentaria-anual-com-previsao-de-reajuste-e-pacote-economico\/","title":{"rendered":"CLDF aprova Lei Or\u00e7ament\u00e1ria Anual com previs\u00e3o de reajuste e pacote econ\u00f4mico"},"content":{"rendered":"\n<p>Foto: Carlos Gandra\/CLDF<\/p>\n\n\n\n<figure class=\"wp-block-image\"><img decoding=\"async\" src=\"https:\/\/www.cl.df.gov.br\/documents\/10162\/25369378\/2111187CG+%2813%29.jpg\/e24618ae-9e6b-36dc-4d73-aab64470c42e?t=1639510810315\" alt=\"Com crescimento de 9,1%, o or\u00e7amento total estimado para 2022 \u00e9 composto por R$ 31,94 bilh\u00f5es do Tesouro Distrital e com o repasse da Uni\u00e3o de R$ 16,28 bilh\u00f5es do Fundo Constitucional do DF\"\/><\/figure>\n\n\n\n<p>Com crescimento de 9,1%, o or\u00e7amento total estimado para 2022 \u00e9 composto por R$ 31,94 bilh\u00f5es do Tesouro Distrital e com o repasse da Uni\u00e3o de R$ 16,28 bilh\u00f5es do Fundo Constitucional do DF<\/p>\n\n\n\n<p>As vota\u00e7\u00f5es no plen\u00e1rio da C\u00e2mara Legislativa come\u00e7aram logo de manh\u00e3 nesta ter\u00e7a-feira (14). Ao longo de todo o dia, os deputados distritais se debru\u00e7aram sobre uma pauta extensa, em esfor\u00e7o concentrado para apreciar projetos das \u00e1reas&nbsp;<a href=\"https:\/\/www.cl.df.gov.br\/-\/refis-2021-c3-a9-aprovado-pela-c-c3-a2mara-legislativa\">econ\u00f4mica<\/a>,&nbsp;<a href=\"https:\/\/www.cl.df.gov.br\/-\/c-c3-a2mara-legislativa-aprova-plano-df-social-com-programas-de-transfer-c3-aancia-de-renda\">social<\/a>&nbsp;e&nbsp;<a href=\"https:\/\/www.cl.df.gov.br\/-\/cldf-aprova-lei-que-regulamenta-ocupa-c3-a7-c3-a3o-no-com-c3-a9rcio-local-sul-do-setor-de-habita-c3-a7-c3-b5es-coletivas-sul\">fundi\u00e1ria<\/a>. O \u00faltimo item aprovado, por volta das 22h, foi o projeto da Lei Or\u00e7ament\u00e1ria Anual (LOA) de 2022, o qual prev\u00ea um or\u00e7amento total de R$ 48,2 bilh\u00f5es para o pr\u00f3ximo exerc\u00edcio financeiro. Com a tramita\u00e7\u00e3o conclu\u00edda, o texto segue para san\u00e7\u00e3o. Essa vota\u00e7\u00e3o d\u00e1 sinal verde para o in\u00edcio do recesso parlamentar.&nbsp;<\/p>\n\n\n\n<p>Do or\u00e7amento total estimado pelo governo na LOA, R$ 31,94 bilh\u00f5es adv\u00eam do Tesouro Distrital e R$ 16,28 bilh\u00f5es do Fundo Constitucional do Distrito Federal (FCDF), com recursos da Uni\u00e3o. A cifra total \u00e9 9,1% maior do que a prevista no or\u00e7amento deste ano: a LOA de 2021 previa R$ 44,18 bi.<\/p>\n\n\n\n<p>Ao projeto da Lei Or\u00e7ament\u00e1ria de 2022, foram apresentadas 608 emendas de parlamentares, destinando recursos para benfeitorias em diversas \u00e1reas em todas as regi\u00f5es administrativas do DF. Al\u00e9m disso, o pr\u00f3prio governo encaminhou ajustes ao texto, a exemplo do que possibilita o pagamento da terceira parcela dos reajustes devidos a categorias de servidores distritais e da previs\u00e3o dos impactos dos projetos do chamado \u201cPr\u00f3-Economia\u201d.<\/p>\n\n\n\n<p><img decoding=\"async\" width=\"369\" src=\"https:\/\/www.cl.df.gov.br\/documents\/10162\/25367638\/2111186SA+%286%29.jpg\/674d7e5d-750a-0067-4d3e-4957d7b62055?t=1639498588010\">No encerramento da sess\u00e3o, o presidente da Casa, deputado Rafael Prudente (MDB), agradeceu o empenho dos colegas e servidores e afirmou: \u201cVotamos todos os projetos importantes para a popula\u00e7\u00e3o do DF, com muita vontade de lutar e trabalhar\u201d. &nbsp;O distrital tamb\u00e9m destacou: \u201cAo longo do ano, tiramos o governo, muitas vezes, do buraco; sa\u00edmos de um or\u00e7amento de R$ 44 bilh\u00f5es para R$ 48 bi\u201d. Ele apontou, ainda, alguns avan\u00e7os no dia de hoje, como a&nbsp;<a href=\"https:\/\/www.cl.df.gov.br\/-\/deputados-convencem-governo-e-aprovam-ipva-para-2022-com-reajuste-menor\">redu\u00e7\u00e3o da al\u00edquota inicialmente prevista para o IPVA<\/a>, fruto de muito debate e constru\u00e7\u00e3o. E concluiu: \u201cCumprimos mais essa miss\u00e3o em 2021\u201d.&nbsp;<\/p>\n\n\n\n<p>O relator do PLOA na Comiss\u00e3o de Economia, Or\u00e7amento e Finan\u00e7as (CEOF), Agaciel Maia (PL), falou do processo de an\u00e1lise do projeto, votado com celeridade pelo plen\u00e1rio: \u201cDemocratizamos as informa\u00e7\u00f5es&nbsp;e demos um tratamento igualit\u00e1rio a todos os deputados. Praticamente, a proposta passou sem discuss\u00e3o hoje e deve ser aprovada sem qualquer veto do governador. Isso demonstra a seriedade com que a Casa trata o assunto or\u00e7ament\u00e1rio\u201d.<\/p>\n\n\n\n<figure class=\"wp-block-image\"><img decoding=\"async\" src=\"https:\/\/www.cl.df.gov.br\/documents\/10162\/25367638\/2111186SA+%2817%29.jpg\/cccebbc8-cb3c-60d5-7693-ac434b6addd5?t=1639498589556\" alt=\"\"\/><\/figure>\n\n\n\n<p>O projeto foi alvo de audi\u00eancia p\u00fablica e, como de costume, foi submetido a relatorias parciais antes de ter o relat\u00f3rio final&nbsp;consolidado.&nbsp;<\/p>\n\n\n\n<p><strong>N\u00fameros<\/strong><\/p>\n\n\n\n<p>O or\u00e7amento pr\u00f3prio do Distrito Federal est\u00e1 dividido em: Fiscal (R$ 20,67 bilh\u00f5es); Seguridade Social (R$ 10,04 bi) e Investimento (R$ 1,22 bi).&nbsp;<\/p>\n\n\n\n<p>Com rela\u00e7\u00e3o \u00e0s despesas, o GDF prev\u00ea o empenho de R$ 16,57 bi com pessoal e encargos sociais, correspondendo a 53,97% do total. As outras despesas correntes \u2013 de custeio \u2013 representam 30,54% da pe\u00e7a or\u00e7ament\u00e1ria; e os investimentos, 8,06%, um incremento de 74% em rela\u00e7\u00e3o a este ano.<\/p>\n\n\n\n<p>No que diz respeito aos recursos do FCDF, os R$16,28 bilh\u00f5es est\u00e3o distribu\u00eddos em tr\u00eas \u00e1reas priorit\u00e1rias. A Seguran\u00e7a P\u00fablica receber\u00e1 um total de R$ 8,65 bilh\u00f5es \u2013 3,49% a mais do que o previsto na LOA 2021. \u00c0 Sa\u00fade ser\u00e3o repassados R$ 4,35 bilh\u00f5es, um acr\u00e9scimo de 6,35% em rela\u00e7\u00e3o ao previsto para este ano. J\u00e1 a Educa\u00e7\u00e3o vai receber um total de R$ 3,27 bilh\u00f5es, uma redu\u00e7\u00e3o de cerca de 3,44% em rela\u00e7\u00e3o ao valor deste ano.<\/p>\n\n\n\n<p><strong>Denise Caputo &#8211; Ag\u00eancia CLDF<\/strong><\/p>\n","protected":false},"excerpt":{"rendered":"<p>Foto: Carlos Gandra\/CLDF Com crescimento de 9,1%, o or\u00e7amento total estimado para 2022 \u00e9 composto por R$ 31,94 bilh\u00f5es do Tesouro Distrital e com o repasse da Uni\u00e3o de R$ 16,28 bilh\u00f5es do Fundo Constitucional do DF As vota\u00e7\u00f5es no plen\u00e1rio da C\u00e2mara Legislativa come\u00e7aram logo de manh\u00e3 nesta ter\u00e7a-feira (14). Ao longo de todo [&hellip;]<\/p>\n","protected":false},"author":1,"featured_media":0,"comment_status":"open","ping_status":"open","sticky":false,"template":"","format":"standard","meta":{"footnotes":""},"categories":[],"tags":[],"class_list":["post-5392","post","type-post","status-publish","format-standard","hentry"],"_links":{"self":[{"href":"https:\/\/aguaslindasnoticias.com.br\/index.php\/wp-json\/wp\/v2\/posts\/5392","targetHints":{"allow":["GET"]}}],"collection":[{"href":"https:\/\/aguaslindasnoticias.com.br\/index.php\/wp-json\/wp\/v2\/posts"}],"about":[{"href":"https:\/\/aguaslindasnoticias.com.br\/index.php\/wp-json\/wp\/v2\/types\/post"}],"author":[{"embeddable":true,"href":"https:\/\/aguaslindasnoticias.com.br\/index.php\/wp-json\/wp\/v2\/users\/1"}],"replies":[{"embeddable":true,"href":"https:\/\/aguaslindasnoticias.com.br\/index.php\/wp-json\/wp\/v2\/comments?post=5392"}],"version-history":[{"count":0,"href":"https:\/\/aguaslindasnoticias.com.br\/index.php\/wp-json\/wp\/v2\/posts\/5392\/revisions"}],"wp:attachment":[{"href":"https:\/\/aguaslindasnoticias.com.br\/index.php\/wp-json\/wp\/v2\/media?parent=5392"}],"wp:term":[{"taxonomy":"category","embeddable":true,"href":"https:\/\/aguaslindasnoticias.com.br\/index.php\/wp-json\/wp\/v2\/categories?post=5392"},{"taxonomy":"post_tag","embeddable":true,"href":"https:\/\/aguaslindasnoticias.com.br\/index.php\/wp-json\/wp\/v2\/tags?post=5392"}],"curies":[{"name":"wp","href":"https:\/\/api.w.org\/{rel}","templated":true}]}}