{"id":5391,"date":"2023-01-04T10:12:41","date_gmt":"2023-01-04T13:12:41","guid":{"rendered":"https:\/\/aguaslindasnoticias.com.br\/index.php\/2023\/01\/04\/lancamento-do-livro-reencantar-poesias-de-vinicioz-borba\/"},"modified":"2023-01-04T10:12:41","modified_gmt":"2023-01-04T13:12:41","slug":"lancamento-do-livro-reencantar-poesias-de-vinicioz-borba","status":"publish","type":"post","link":"https:\/\/aguaslindasnoticias.com.br\/index.php\/2023\/01\/04\/lancamento-do-livro-reencantar-poesias-de-vinicioz-borba\/","title":{"rendered":"Lan\u00e7amento do livro Reencantar, Poesias de Vinicioz B\u00f3rba"},"content":{"rendered":"\n<p><\/p>\n\n\n\n<p>Reencantar \u00e9 o t\u00edtulo do novo livro de Vinicioz B\u00f3rba, poeta e jornalista que lan\u00e7a sua a obra em Bras\u00edlia em diversos locais em dezembro. Trazendo reflex\u00f5es do autor sobre espiritualidade e humanidades em tempos de pandemia, o livro apresenta quest\u00f5es ambientais, os desafios da democracia e a busca de esperan\u00e7a num momento em que cada pessoa \u00e9 chamada ao pr\u00f3prio interior. Sobradinho, Taguatinga, Jardim Bot\u00e2nico e Bras\u00edlia ter\u00e3o apresenta\u00e7\u00f5es do poeta e ator que interpreta os poemas com acompanhamento musical de Ulisses C\u00e2ndido e outros convidados.<\/p>\n\n\n\n<p>As densidades da mat\u00e9ria, boemia e os amores e desilus\u00f5es do poeta tamb\u00e9m provocam, com ilustra\u00e7\u00f5es, fotografias e mandalas que comp\u00f5e a obra. Discuss\u00f5es de g\u00eanero e descontru\u00e7\u00e3o das masculinidades tamb\u00e9m fazem parte da po\u00e9tica de Vinicioz.<\/p>\n\n\n\n<p>Com apresenta\u00e7\u00e3o de Paulo Dagom\u00e9 e pref\u00e1cio do jornalista e doutor em letras, Marcos Fabr\u00edcio, o livro \u00e9 lan\u00e7amento independente do autor e entra em pr\u00e9-venda via internet.<\/p>\n\n\n\n<p>Agenda<\/p>\n\n\n\n<p>Dia 17, pr\u00f3xima sexta o livro ser\u00e1 apresentado no Emp\u00f3rio do Sol, condom\u00ednio Quintas Itaipu, regi\u00e3o do Jardim Bot\u00e2nico. S\u00e1bado dia 18 a tarde ocorre apresenta\u00e7\u00e3o em evento na Feira Permanente de Sobradinho, \u00e0s 14h, e a noite \u00e0s 20h com participa\u00e7\u00e3o especial de M\u00e1ximo Mansur ocorre na galeria Olho de \u00c1guia, Taguatinga Norte.<\/p>\n\n\n\n<p>Em Bras\u00edlia o lan\u00e7amento ocorre dia 20 de dezembro no tradicional Beirute na 109 Sul, e ter\u00e7a o autor Vinicioz B\u00f3rba participa de bate papo com o pessoal do projeto Salada de Letras, na galeria Infinu na 506 Sul.<\/p>\n\n\n\n<p>Reencantamento Providencial<\/p>\n\n\n\n<p>Inspirado em suas jornadas espirituais e universalistas, a obra traz a ess\u00eancia apaixonada de quem vivencia a transi\u00e7\u00e3o de Eras nos anos 2000, ante ao caos pol\u00edtico do Brasil num cen\u00e1rio pand\u00eamico, trazendo ainda assim a esperan\u00e7a de resgatar o que h\u00e1 de essencial no ser humano\/a: o amor e uma nova consci\u00eancia em plena gesta\u00e7\u00e3o.<\/p>\n\n\n\n<p>Caminhando na contradi\u00e7\u00e3o, entre a incoer\u00eancia e a loucura, discute os dilemas de uma religiosidade t\u00e3o l\u00edquida quanto os valores relativizados pelo excesso de informa\u00e7\u00e3o em meio a tantas redes e os profundos vazios que desafiam a humanidade, quando a morte se apresenta mais crua e real do que nunca.<\/p>\n\n\n\n<p>O Poeta<br>Radicado na periferia do DF, convivendo com um cen\u00e1rio pol\u00edtico com evidentes atentados contra a democracia, Vinicioz denuncia com sua verve a import\u00e2ncia de seguir em frente.<\/p>\n\n\n\n<p>Vinicioz B\u00f3rba \u00e9 poeta, jornalista, artivista cultural e mestre de cerim\u00f4nias radicado no Distrito Federal. Realiza saraus nas periferias e na capital federal h\u00e1 18 anos conduzindo pela for\u00e7a da palavra a miss\u00e3o de reencantar. Integrante dos coletivos Radicais Livres S\/A e Coletivo Palavra, foi tamb\u00e9m autor do livro Fora da Ordem (2015). Terapeuta reikiano e numer\u00f3logo segue em sua busca pelo pr\u00f3prio despertar.<\/p>\n\n\n\n<p>Servi\u00e7o: Lan\u00e7amento em Bras\u00edlia do livro Reencantar: Poesias de Vinicioz B\u00f3rba<br>Entrada Franca<br>Classifica\u00e7\u00e3o Livre<\/p>\n\n\n\n<p>\u2022 17\/12 \u2013 Sexta &#8211; Emp\u00f3rio P\u00f4r do Sol &#8211; Ch\u00e1cara Itaipu, 39 &#8211; Jardim Bot\u00e2nico<br>\u00e0s 20 horas.<br>\u2022 18\/12 \u2013 S\u00e1bado &#8211; Feira Permanente de Sobradinho &#8211; 14:30h<br>\u2022 18\/12 \u2013 S\u00e1bado &#8211; Galeria Olho de \u00c1guia &#8211; Taguatinga Norte &#8211; CNF1, Ed. Praiamar, Bl. D, loja 12, Taguatinga, DF &#8211; \u00e0s 20 horas<br>\u2022 20\/12 \u2013 Segunda &#8211; Beirute &#8211; 109 Sul<br>\u00e0s 19 horas.<br>\u2022 21\/12 \u2013 ter\u00e7a &#8211; Galeria Infinu &#8211; 506 Sul<br>\u00e0s 20 horas.<\/p>\n\n\n\n<p>Informa\u00e7\u00f5es: (61) 985511075<br>Livro: R$ 30,00<\/p>\n","protected":false},"excerpt":{"rendered":"<p>Reencantar \u00e9 o t\u00edtulo do novo livro de Vinicioz B\u00f3rba, poeta e jornalista que lan\u00e7a sua a obra em Bras\u00edlia em diversos locais em dezembro. Trazendo reflex\u00f5es do autor sobre espiritualidade e humanidades em tempos de pandemia, o livro apresenta quest\u00f5es ambientais, os desafios da democracia e a busca de esperan\u00e7a num momento em que [&hellip;]<\/p>\n","protected":false},"author":1,"featured_media":0,"comment_status":"open","ping_status":"open","sticky":false,"template":"","format":"standard","meta":{"footnotes":""},"categories":[],"tags":[],"class_list":["post-5391","post","type-post","status-publish","format-standard","hentry"],"_links":{"self":[{"href":"https:\/\/aguaslindasnoticias.com.br\/index.php\/wp-json\/wp\/v2\/posts\/5391","targetHints":{"allow":["GET"]}}],"collection":[{"href":"https:\/\/aguaslindasnoticias.com.br\/index.php\/wp-json\/wp\/v2\/posts"}],"about":[{"href":"https:\/\/aguaslindasnoticias.com.br\/index.php\/wp-json\/wp\/v2\/types\/post"}],"author":[{"embeddable":true,"href":"https:\/\/aguaslindasnoticias.com.br\/index.php\/wp-json\/wp\/v2\/users\/1"}],"replies":[{"embeddable":true,"href":"https:\/\/aguaslindasnoticias.com.br\/index.php\/wp-json\/wp\/v2\/comments?post=5391"}],"version-history":[{"count":0,"href":"https:\/\/aguaslindasnoticias.com.br\/index.php\/wp-json\/wp\/v2\/posts\/5391\/revisions"}],"wp:attachment":[{"href":"https:\/\/aguaslindasnoticias.com.br\/index.php\/wp-json\/wp\/v2\/media?parent=5391"}],"wp:term":[{"taxonomy":"category","embeddable":true,"href":"https:\/\/aguaslindasnoticias.com.br\/index.php\/wp-json\/wp\/v2\/categories?post=5391"},{"taxonomy":"post_tag","embeddable":true,"href":"https:\/\/aguaslindasnoticias.com.br\/index.php\/wp-json\/wp\/v2\/tags?post=5391"}],"curies":[{"name":"wp","href":"https:\/\/api.w.org\/{rel}","templated":true}]}}