{"id":5390,"date":"2023-01-04T10:12:41","date_gmt":"2023-01-04T13:12:41","guid":{"rendered":"https:\/\/aguaslindasnoticias.com.br\/index.php\/2023\/01\/04\/movimento-terco-dos-homens-e-homenageado-em-sessao-solene\/"},"modified":"2023-01-04T10:12:41","modified_gmt":"2023-01-04T13:12:41","slug":"movimento-terco-dos-homens-e-homenageado-em-sessao-solene","status":"publish","type":"post","link":"https:\/\/aguaslindasnoticias.com.br\/index.php\/2023\/01\/04\/movimento-terco-dos-homens-e-homenageado-em-sessao-solene\/","title":{"rendered":"Movimento \u201cTer\u00e7o dos Homens\u201d \u00e9 homenageado em sess\u00e3o solene"},"content":{"rendered":"\n<p>Foto: Silvio Abdon\/CLDF<\/p>\n\n\n\n<figure class=\"wp-block-image\"><img decoding=\"async\" src=\"https:\/\/www.cl.df.gov.br\/documents\/10162\/25363685\/2111184SA+%2810%29.jpg\/7ceb2c15-4379-3a4b-1e14-97b76df33cd0?t=1639410020182\" alt=\"Iniciado em Pernambuco a partir de um grupo de 11 homens que rezavam o ter\u00e7o, mensalmente, na rua, movimento foi acolhido por par\u00f3quias de todo o Pa\u00eds\"\/><\/figure>\n\n\n\n<p>Iniciado em Pernambuco a partir de um grupo de 11 homens que rezavam o ter\u00e7o, mensalmente, na rua, movimento foi acolhido por par\u00f3quias de todo o Pa\u00eds<\/p>\n\n\n\n<p>Movimento cat\u00f3lico, o Ter\u00e7o dos Homens M\u00e3e Rainha tem como objetivo reunir homens para rezarem o ros\u00e1rio. A iniciativa \u2013 que completa 25 anos em 2022 \u2013 foi homenageada nesta segunda-feira (13), em sess\u00e3o solene no plen\u00e1rio da C\u00e2mara Legislativa.<\/p>\n\n\n\n<p>O deputado Jo\u00e3o Cardoso (Avante) integra o movimento e pediu a realiza\u00e7\u00e3o da solenidade. \u201cO Ter\u00e7o dos Homens mexeu com a igreja quando surgiu. Os homens come\u00e7aram a se sentir mais \u00e0 vontade para ir para igreja\u201d, disse. \u201c\u00c9 um instrumento de transforma\u00e7\u00e3o de homens e de suas fam\u00edlias\u201d, completou o distrital, que deu seu testemunho sobre a import\u00e2ncia da ora\u00e7\u00e3o do ter\u00e7o em sua vida pessoal e projeto pol\u00edtico.<\/p>\n\n\n\n<p>O coordenador nacional e do Centro Oeste do Ter\u00e7o dos Homens M\u00e3e Rainha, Jos\u00e9 Feitosa de Carvalho, resumiu o surgimento do movimento, iniciado em Pernambuco a partir de um grupo de 11 homens que rezavam o ter\u00e7o, mensalmente, na rua. Acolhida por par\u00f3quias de todo o Pa\u00eds, a iniciativa ganha cada vez mais adeptos, segundo informou. \u201cO ros\u00e1rio \u00e9 dos mais simples, n\u00e3o exige cultura, basta saber rezar. O segredo do Ter\u00e7o dos Homens est\u00e1 em tr\u00eas gra\u00e7as: abrigo espiritual, transforma\u00e7\u00e3o e envio\u201d, afirmou.<\/p>\n\n\n\n<p>\u201c\u00c9 uma nova forma de transformar fam\u00edlias. Todo homem que participa do movimento \u00e9 acolhido, transformado e se torna um mission\u00e1rio\u201d, destacou o coordenador arquidiocesano de Bras\u00edlia do Ter\u00e7o dos Homens M\u00e3e Rainha, Francisco das Chagas de Oliveira.<\/p>\n\n\n\n<p><img decoding=\"async\" width=\"408\" src=\"https:\/\/www.cl.df.gov.br\/documents\/10162\/25363685\/2111184SA+%288%29.jpg\/55f42e4e-f4db-bf81-9f51-36c1ed39a13d?t=1639410019907\">Durante a solenidade, v\u00e1rios coordenadores de vicariatos, que agregam par\u00f3quias em todo o Distrito Federal, apontaram o movimento como uma forma de aumentar o engajamento de homens na Igreja Cat\u00f3lica. Dirigindo-se a eles, a irm\u00e3 Gladys, coordenadora da pastoral do santu\u00e1rio M\u00e3e Rainha e assessora do movimento apost\u00f3lico de Schoenstatt, pregou: \u201cO leigo pode ser um evangelizador. Perseverem na miss\u00e3o, mesmo que seja dif\u00edcil\u201d.<\/p>\n\n\n\n<p>Ao final da sess\u00e3o solene, representantes do Ter\u00e7o dos Homens receberam mo\u00e7\u00f5es de louvor.<\/p>\n\n\n\n<p><strong>Denise Caputo &#8211; Ag\u00eancia CLDF<\/strong><\/p>\n","protected":false},"excerpt":{"rendered":"<p>Foto: Silvio Abdon\/CLDF Iniciado em Pernambuco a partir de um grupo de 11 homens que rezavam o ter\u00e7o, mensalmente, na rua, movimento foi acolhido por par\u00f3quias de todo o Pa\u00eds Movimento cat\u00f3lico, o Ter\u00e7o dos Homens M\u00e3e Rainha tem como objetivo reunir homens para rezarem o ros\u00e1rio. A iniciativa \u2013 que completa 25 anos em [&hellip;]<\/p>\n","protected":false},"author":1,"featured_media":0,"comment_status":"open","ping_status":"open","sticky":false,"template":"","format":"standard","meta":{"footnotes":""},"categories":[],"tags":[],"class_list":["post-5390","post","type-post","status-publish","format-standard","hentry"],"_links":{"self":[{"href":"https:\/\/aguaslindasnoticias.com.br\/index.php\/wp-json\/wp\/v2\/posts\/5390","targetHints":{"allow":["GET"]}}],"collection":[{"href":"https:\/\/aguaslindasnoticias.com.br\/index.php\/wp-json\/wp\/v2\/posts"}],"about":[{"href":"https:\/\/aguaslindasnoticias.com.br\/index.php\/wp-json\/wp\/v2\/types\/post"}],"author":[{"embeddable":true,"href":"https:\/\/aguaslindasnoticias.com.br\/index.php\/wp-json\/wp\/v2\/users\/1"}],"replies":[{"embeddable":true,"href":"https:\/\/aguaslindasnoticias.com.br\/index.php\/wp-json\/wp\/v2\/comments?post=5390"}],"version-history":[{"count":0,"href":"https:\/\/aguaslindasnoticias.com.br\/index.php\/wp-json\/wp\/v2\/posts\/5390\/revisions"}],"wp:attachment":[{"href":"https:\/\/aguaslindasnoticias.com.br\/index.php\/wp-json\/wp\/v2\/media?parent=5390"}],"wp:term":[{"taxonomy":"category","embeddable":true,"href":"https:\/\/aguaslindasnoticias.com.br\/index.php\/wp-json\/wp\/v2\/categories?post=5390"},{"taxonomy":"post_tag","embeddable":true,"href":"https:\/\/aguaslindasnoticias.com.br\/index.php\/wp-json\/wp\/v2\/tags?post=5390"}],"curies":[{"name":"wp","href":"https:\/\/api.w.org\/{rel}","templated":true}]}}