{"id":5389,"date":"2023-01-04T10:12:41","date_gmt":"2023-01-04T13:12:41","guid":{"rendered":"https:\/\/aguaslindasnoticias.com.br\/index.php\/2023\/01\/04\/pafiadache-diz-a-cesc-que-prioridade-atual-da-pasta-e-a-busca-ativa-pelos-nao-vacinados\/"},"modified":"2023-01-04T10:12:41","modified_gmt":"2023-01-04T13:12:41","slug":"pafiadache-diz-a-cesc-que-prioridade-atual-da-pasta-e-a-busca-ativa-pelos-nao-vacinados","status":"publish","type":"post","link":"https:\/\/aguaslindasnoticias.com.br\/index.php\/2023\/01\/04\/pafiadache-diz-a-cesc-que-prioridade-atual-da-pasta-e-a-busca-ativa-pelos-nao-vacinados\/","title":{"rendered":"Pafiadache diz \u00e0 CESC que prioridade atual da pasta \u00e9 a busca ativa pelos n\u00e3o vacinados"},"content":{"rendered":"\n<p>Foto: Reprodu\u00e7\u00e3o\/TV C\u00e2mara Distrital<\/p>\n\n\n\n<figure class=\"wp-block-image\"><img decoding=\"async\" src=\"https:\/\/www.cl.df.gov.br\/documents\/10162\/25365363\/c2.jpeg\/6f74d149-5ae2-1e52-42dc-c62a81ce0a0e?t=1639432375339\" alt=\"Distritais questionaram o secret\u00e1rio de Sa\u00fade sobre falta de medicamentos e preju\u00edzos no Iges\"\/><\/figure>\n\n\n\n<p>Distritais questionaram o secret\u00e1rio de Sa\u00fade sobre falta de medicamentos e preju\u00edzos no Iges<\/p>\n\n\n\n<p>Vacinar as cerca de 220 mil pessoas que ainda n\u00e3o se vacinaram ou tomaram apenas a primeira dose \u00e9 a prioridade da Secretaria de Sa\u00fade do DF no atual momento, segundo declarou o secret\u00e1rio Manoel Luiz Pafiadache \u00e0 Comiss\u00e3o de Educa\u00e7\u00e3o, Sa\u00fade e Cultura (CESC) da C\u00e2mara Legislativa durante audi\u00eancia p\u00fablica na tarde desta segunda-feira (13), transmitida ao vivo pela TV C\u00e2mara Distrital (canal 9.3) e<a href=\"https:\/\/www.youtube.com\/watch?v=XmotmwFV3jw&amp;list=PLgjufDVoPk_NJlqfd9x5KyI80FcsTb1eW&amp;index=1\">&nbsp;Youtube<\/a>.&nbsp;<\/p>\n\n\n\n<p>H\u00e1 tr\u00eas meses \u00e0 frente da pasta, o general Pafiadache explicou que para alcan\u00e7ar os n\u00e3o vacinados a estrat\u00e9gia \u00e9 ir ao encontro da popula\u00e7\u00e3o, pela \u201cbusca ativa\u201d, com vacina\u00e7\u00e3o em feiras, al\u00e9m do posto fixo na Rodovi\u00e1ria do Plano Piloto, o qual disponibiliza todas as vacinas, exceto a da Janssen. Ele acrescentou que as \u00e1reas rurais ser\u00e3o alvo de a\u00e7\u00e3o da pasta ainda este ano. \u201cQueremos levar a vacina para quem n\u00e3o tomou porque n\u00e3o teve a oportunidade ou n\u00e3o teve condi\u00e7\u00f5es de ir at\u00e9 uma Unidade B\u00e1sica de Sa\u00fade\u201d, alegou.<\/p>\n\n\n\n<p>Com rela\u00e7\u00e3o&nbsp;\u00e0s pessoas que n\u00e3o querem se vacinar, a \u201csensibiliza\u00e7\u00e3o \u00e9 uma de nossas ferramentas\u201d, completou, ao informar que a meta \u00e9 atingir 85% da popula\u00e7\u00e3o vacin\u00e1vel do DF, isto \u00e9, as pessoas acima de 12 anos, at\u00e9 o final deste m\u00eas.<\/p>\n\n\n\n<p>Na avalia\u00e7\u00e3o de Pafiadache, o processo de vacina\u00e7\u00e3o tem sido positivo tanto em rela\u00e7\u00e3o \u00e0 primeira e segunda doses quanto \u00e0 dose de refor\u00e7o. Ele defendeu a cobertura vacinal completa para conter a doen\u00e7a e citou que at\u00e9 agora ocorreram apenas dois casos da variante \u00d4micron no DF, que j\u00e1 est\u00e3o curados. Ele adiantou ainda que a pasta dever\u00e1 ter um posto de vacina\u00e7\u00e3o e de testagem no Aeroporto JK.&nbsp;<\/p>\n\n\n\n<p><strong>Medicamentos<\/strong><\/p>\n\n\n\n<p>Ao destacar que o secret\u00e1rio foi \u201cconvidado\u201d pela CESC para fazer um balan\u00e7o da atual situa\u00e7\u00e3o da pasta, a presidente do colegiado, deputada&nbsp;<a href=\"https:\/\/www.cl.df.gov.br\/web\/guest\/arlete-sampaio1\">Arlete Sampaio<\/a>&nbsp;(PT), disse que a comiss\u00e3o recebeu den\u00fancias de falta de manuten\u00e7\u00e3o nos hospitais e nas Unidades B\u00e1sicas de Sa\u00fade (UBS) e tamb\u00e9m de falta de medicamentos na rede.&nbsp;<\/p>\n\n\n\n<p>Em resposta, Pafiadache sustentou que \u201cinsumos, recursos humanos e melhoria dos processos \u00e9 o trip\u00e9 para melhorar as a\u00e7\u00f5es da Secretaria\u201d. Segundo ele, foram empenhados cerca de R$ 80 milh\u00f5es em insumos para abastecer a rede at\u00e9 mar\u00e7o do pr\u00f3ximo ano a fim de evitar a falta de rem\u00e9dios, sendo que a pasta est\u00e1 na fase de liquida\u00e7\u00e3o e distribui\u00e7\u00e3o de&nbsp;insumos. Quanto \u00e0 manuten\u00e7\u00e3o em hospitais, ele informou que houve 28 contratos de manuten\u00e7\u00e3o predial continuada, al\u00e9m da manuten\u00e7\u00e3o em 6.900 equipamentos.&nbsp;<\/p>\n\n\n\n<p>Por outro lado, o secret\u00e1rio relatou as dificuldades na \u00e1rea de recursos humanos, especialmente na capta\u00e7\u00e3o de m\u00e9dicos. \u201c\u00c9 um momento de absente\u00edsmo, principalmente no final do ano\u201d. O que tem sido feito para atender as escalas \u00e9 aumentar a carga hor\u00e1ria de 20 para 40 horas, explicou, ao frisar a \u201cdificuldade hist\u00f3rica de RH\u201d.&nbsp;<\/p>\n\n\n\n<p>Quanto aos processos, o&nbsp;general Pafiadache entende que a prioridade deva ser dada \u00e0 aten\u00e7\u00e3o prim\u00e1ria a fim de \u201caliviar\u201d o restante da rede, principalmente os hospitais de alta complexidade. Desse modo, a expans\u00e3o e a qualifica\u00e7\u00e3o da aten\u00e7\u00e3o prim\u00e1ria \u00e9 uma das metas da pasta,&nbsp;refor\u00e7ou o secret\u00e1rio-adjunto Fernando \u00c9rick Damasceno.<\/p>\n\n\n\n<p><strong>Iges-DF<\/strong><\/p>\n\n\n\n<p>Para Pafiadache, o general Gislei Morais de Oliveira tem feito um trabalho satisfat\u00f3rio de planejamento \u00e0 frente do Instituto de Gest\u00e3o Estrat\u00e9gica de Sa\u00fade do Distrito Federal (Iges-DF) desde setembro. \u201c\u00c9 preciso dar tempo para que as coisas aconte\u00e7am\u201d, considerou.<\/p>\n\n\n\n<p>No entanto, o deputado&nbsp;<a href=\"https:\/\/www.cl.df.gov.br\/web\/guest\/leandro-grass-2019-2022\">Leandro Grass&nbsp;<\/a>(Rede) alertou que, apesar do planejamento que est\u00e1 em curso, existem situa\u00e7\u00f5es emergenciais que precisam ser resolvidas. Ele enumerou os tom\u00f3grafos quebrados no Hospital de Base, a bandeira vermelha por falta de trabalhadores no Hospital de Santa Maria e a a falta de incubadora para receber rec\u00e9m-nascidos na UBS de Santa Maria.&nbsp;<\/p>\n\n\n\n<p>Grass questionou sobre os preju\u00edzos acumulados pelo Iges: \u201cAinda n\u00e3o tivemos um indicativo sobre a responsabiliza\u00e7\u00e3o dos agentes que deixaram preju\u00edzos de mais de R$ 350 milh\u00f5es\u201d. O parlamentar cobrou transpar\u00eancia, interven\u00e7\u00e3o e recupera\u00e7\u00e3o do instituto.&nbsp;<\/p>\n\n\n\n<p>Nesse aspecto, Pafiadach descartou a possibilidade de interven\u00e7\u00e3o no Iges&nbsp;e refor\u00e7ou a confian\u00e7a no trabalho do coronel Gislei. Sobre o preju\u00edzo or\u00e7ament\u00e1rio causado por outras gest\u00f5es, o secret\u00e1rio opinou que essa quest\u00e3o cabe ao Judici\u00e1rio.&nbsp;<\/p>\n\n\n\n<p><strong>\u00d4micron<\/strong><\/p>\n\n\n\n<p>Leandro Grass e Arlete Sampaio sugeriram \u00e0 Secretaria a divulga\u00e7\u00e3o dos dados da pandemia tamb\u00e9m aos finais de semana e feriados para que a popula\u00e7\u00e3o saiba como se comportar diante da possibilidade de um cen\u00e1rio cr\u00edtico em virtude da variante \u00d4micron. Arlete refor\u00e7ou ainda a import\u00e2ncia da divulga\u00e7\u00e3o dos dados sobre a evolu\u00e7\u00e3o da doen\u00e7a, novos casos e testes gen\u00f4micos.&nbsp;<\/p>\n\n\n\n<p><strong>Franci Moraes &#8211; Ag\u00eancia CLDF<\/strong><\/p>\n","protected":false},"excerpt":{"rendered":"<p>Foto: Reprodu\u00e7\u00e3o\/TV C\u00e2mara Distrital Distritais questionaram o secret\u00e1rio de Sa\u00fade sobre falta de medicamentos e preju\u00edzos no Iges Vacinar as cerca de 220 mil pessoas que ainda n\u00e3o se vacinaram ou tomaram apenas a primeira dose \u00e9 a prioridade da Secretaria de Sa\u00fade do DF no atual momento, segundo declarou o secret\u00e1rio Manoel Luiz Pafiadache [&hellip;]<\/p>\n","protected":false},"author":1,"featured_media":0,"comment_status":"open","ping_status":"open","sticky":false,"template":"","format":"standard","meta":{"footnotes":""},"categories":[],"tags":[],"class_list":["post-5389","post","type-post","status-publish","format-standard","hentry"],"_links":{"self":[{"href":"https:\/\/aguaslindasnoticias.com.br\/index.php\/wp-json\/wp\/v2\/posts\/5389","targetHints":{"allow":["GET"]}}],"collection":[{"href":"https:\/\/aguaslindasnoticias.com.br\/index.php\/wp-json\/wp\/v2\/posts"}],"about":[{"href":"https:\/\/aguaslindasnoticias.com.br\/index.php\/wp-json\/wp\/v2\/types\/post"}],"author":[{"embeddable":true,"href":"https:\/\/aguaslindasnoticias.com.br\/index.php\/wp-json\/wp\/v2\/users\/1"}],"replies":[{"embeddable":true,"href":"https:\/\/aguaslindasnoticias.com.br\/index.php\/wp-json\/wp\/v2\/comments?post=5389"}],"version-history":[{"count":0,"href":"https:\/\/aguaslindasnoticias.com.br\/index.php\/wp-json\/wp\/v2\/posts\/5389\/revisions"}],"wp:attachment":[{"href":"https:\/\/aguaslindasnoticias.com.br\/index.php\/wp-json\/wp\/v2\/media?parent=5389"}],"wp:term":[{"taxonomy":"category","embeddable":true,"href":"https:\/\/aguaslindasnoticias.com.br\/index.php\/wp-json\/wp\/v2\/categories?post=5389"},{"taxonomy":"post_tag","embeddable":true,"href":"https:\/\/aguaslindasnoticias.com.br\/index.php\/wp-json\/wp\/v2\/tags?post=5389"}],"curies":[{"name":"wp","href":"https:\/\/api.w.org\/{rel}","templated":true}]}}