{"id":5384,"date":"2023-01-04T10:12:41","date_gmt":"2023-01-04T13:12:41","guid":{"rendered":"https:\/\/aguaslindasnoticias.com.br\/index.php\/2023\/01\/04\/distritais-aprovam-indicacao-de-andre-clemente-para-o-tcdf\/"},"modified":"2023-01-04T10:12:41","modified_gmt":"2023-01-04T13:12:41","slug":"distritais-aprovam-indicacao-de-andre-clemente-para-o-tcdf","status":"publish","type":"post","link":"https:\/\/aguaslindasnoticias.com.br\/index.php\/2023\/01\/04\/distritais-aprovam-indicacao-de-andre-clemente-para-o-tcdf\/","title":{"rendered":"Distritais aprovam indica\u00e7\u00e3o de Andr\u00e9 Clemente para o TCDF"},"content":{"rendered":"\n<p>Foto: Carlos Gandra\/CLDF<\/p>\n\n\n\n<figure class=\"wp-block-image\"><img decoding=\"async\" src=\"https:\/\/www.cl.df.gov.br\/documents\/10162\/25332525\/2111170CG+%2866%29.jpg\/b59760ca-cfb5-a996-89b4-ce1ba66ff1df?t=1638470236854\" alt=\"A indica\u00e7\u00e3o de Andr\u00e9 Clemente ao TCDF foi aprovada com 19 votos favor\u00e1veis\"\/><\/figure>\n\n\n\n<p>A indica\u00e7\u00e3o de Andr\u00e9 Clemente ao TCDF foi aprovada com 19 votos favor\u00e1veis<\/p>\n\n\n\n<p>Os deputados distritais aprovaram na tarde desta quinta-feira (2) a indica\u00e7\u00e3o do secret\u00e1rio de Economia, Andr\u00e9 Clemente, para ocupar uma vaga de conselheiro do Tribunal de Contas do Distrito Federal (TCDF). A indica\u00e7\u00e3o foi feita pelo governador Ibaneis Rocha.<\/p>\n\n\n\n<p>Clemente \u00e9 auditor da Receita e ocupar\u00e1 a vaga de conselheiro aberta ap\u00f3s a aposentadoria compuls\u00f3ria de Paiva Martins. A indica\u00e7\u00e3o foi aprovada com 19 votos favor\u00e1veis, o voto contr\u00e1rio do deputado Leandro Grass (Rede) e absten\u00e7\u00e3o do deputado F\u00e1bio Felix (Psol).<\/p>\n\n\n\n<h4 class=\"wp-block-heading\">Forma\u00e7\u00e3o e experi\u00eancia<\/h4>\n\n\n\n<p>Andr\u00e9 Clemente possui gradua\u00e7\u00e3o em Direito pela Universidade Cat\u00f3lica de Bras\u00edlia (2006) e gradua\u00e7\u00e3o em Ci\u00eancias Cont\u00e1beis pelo Centro Universit\u00e1rio de Bras\u00edlia (1994). \u00c9 p\u00f3s-graduado em Auditoria Interna e Externa. Tem experi\u00eancia em administra\u00e7\u00e3o p\u00fablica, finan\u00e7as p\u00fablicas, direito tribut\u00e1rio, direito administrativo, processo legislativo, auditoria cont\u00e1bil e fiscal.<\/p>\n\n\n\n<p>Em sua trajet\u00f3ria profissional, ocupou os cargos de secret\u00e1rio de Fazenda, secret\u00e1rio de Planejamento, secret\u00e1rio do Entorno, secret\u00e1rio da Representa\u00e7\u00e3o do Estado de Goi\u00e1s, presidente do Conselho de Administra\u00e7\u00e3o da BRB Corretora de Seguros S\/A e presidente do Conselho de Administra\u00e7\u00e3o do Banco de Bras\u00edlia \u2013 BRB.<\/p>\n\n\n\n<h4 class=\"wp-block-heading\">Sabatina na CEOF<\/h4>\n\n\n\n<p><img decoding=\"async\" width=\"384\" src=\"https:\/\/www.cl.df.gov.br\/documents\/10162\/25332525\/2111170CG+%2837%29.jpg\/931c3feb-9ea3-16f7-0d41-73a0c6c9bf04?t=1638470236463\">Antes da confirma\u00e7\u00e3o de sua indica\u00e7\u00e3o ser aprovada pelo plen\u00e1rio da C\u00e2mara, Andr\u00e9 Clemente foi sabatinado longamente pelos integrantes da Comiss\u00e3o de Economia, Or\u00e7amento e Finan\u00e7as (CEOF) e outros deputados que participaram da argui\u00e7\u00e3o. Ele respondeu a quest\u00f5es de 15 distritais sobre assuntos tribut\u00e1rios, fiscais e previdenci\u00e1rios. Ao final da argui\u00e7\u00e3o, a Comiss\u00e3o aprovou a indica\u00e7\u00e3o feita pelo governador, por unanimidade.<\/p>\n\n\n\n<p>O indicado destacou a import\u00e2ncia de o DF mudar suas matrizes econ\u00f4micas, uma vez que o setor p\u00fablico n\u00e3o ter\u00e1 nos pr\u00f3ximos anos poder de gera\u00e7\u00e3o de empregos, segundo sua avalia\u00e7\u00e3o. Defendeu a desvincula\u00e7\u00e3o or\u00e7ament\u00e1ria para permitir o crescimento dos investimentos do governo. E recebeu elogios por sua atua\u00e7\u00e3o \u00e0 frente da secretaria de Economia do GDF.<\/p>\n\n\n\n<p>A deputada J\u00falia Lucy (Novo) chegou a questionar se a&nbsp;vaga poderia ser ocupada por uma indica\u00e7\u00e3o do governador. Segundo ela, a atual vaga deveria ser preenchida por um auditor do TCDF. O problema \u00e9 que n\u00e3o h\u00e1 nenhum profissional desta categoria no quadro atualmente. Andr\u00e9 Clemente explicou que o governador pode fazer a indica\u00e7\u00e3o, uma vez que n\u00e3o h\u00e1 nenhuma regra explicando este tipo de vac\u00e2ncia.<\/p>\n\n\n\n<p><img decoding=\"async\" width=\"368\" src=\"https:\/\/www.cl.df.gov.br\/documents\/10162\/25332525\/2111170CG+%2894%29.jpg\/b99685a1-05db-a84d-5f8f-442acce11e40?t=1638470237404\">O deputado F\u00e1bio Felix questionou Clemente sobre sua atua\u00e7\u00e3o futura em processos envolvendo contas do governo Ibaneis no TCDF. O futuro conselheiro disse que vai analisar caso a caso e que poder\u00e1 se declarar impedido de participar da an\u00e1lise das contas, quando julgar pertinente.<\/p>\n\n\n\n<p>J\u00e1 o deputado Leandro Grass apresentou pareceres do TCDF que questionam decis\u00f5es do GDF sobre o repasse de recursos para o Fundo de Cultura e sobre falta de transpar\u00eancia nas contas p\u00fablicas. V\u00e1rios outros parlamentares fizeram questionamentos ao indicado sobre quest\u00f5es como contrata\u00e7\u00e3o de servidores, pagamento de reajustes retroativos, entre outras.<\/p>\n\n\n\n<p><strong>Lu\u00eds Cl\u00e1udio Alves &#8211; Ag\u00eancia CLDF<\/strong><\/p>\n","protected":false},"excerpt":{"rendered":"<p>Foto: Carlos Gandra\/CLDF A indica\u00e7\u00e3o de Andr\u00e9 Clemente ao TCDF foi aprovada com 19 votos favor\u00e1veis Os deputados distritais aprovaram na tarde desta quinta-feira (2) a indica\u00e7\u00e3o do secret\u00e1rio de Economia, Andr\u00e9 Clemente, para ocupar uma vaga de conselheiro do Tribunal de Contas do Distrito Federal (TCDF). A indica\u00e7\u00e3o foi feita pelo governador Ibaneis Rocha. [&hellip;]<\/p>\n","protected":false},"author":1,"featured_media":0,"comment_status":"open","ping_status":"open","sticky":false,"template":"","format":"standard","meta":{"footnotes":""},"categories":[],"tags":[],"class_list":["post-5384","post","type-post","status-publish","format-standard","hentry"],"_links":{"self":[{"href":"https:\/\/aguaslindasnoticias.com.br\/index.php\/wp-json\/wp\/v2\/posts\/5384","targetHints":{"allow":["GET"]}}],"collection":[{"href":"https:\/\/aguaslindasnoticias.com.br\/index.php\/wp-json\/wp\/v2\/posts"}],"about":[{"href":"https:\/\/aguaslindasnoticias.com.br\/index.php\/wp-json\/wp\/v2\/types\/post"}],"author":[{"embeddable":true,"href":"https:\/\/aguaslindasnoticias.com.br\/index.php\/wp-json\/wp\/v2\/users\/1"}],"replies":[{"embeddable":true,"href":"https:\/\/aguaslindasnoticias.com.br\/index.php\/wp-json\/wp\/v2\/comments?post=5384"}],"version-history":[{"count":0,"href":"https:\/\/aguaslindasnoticias.com.br\/index.php\/wp-json\/wp\/v2\/posts\/5384\/revisions"}],"wp:attachment":[{"href":"https:\/\/aguaslindasnoticias.com.br\/index.php\/wp-json\/wp\/v2\/media?parent=5384"}],"wp:term":[{"taxonomy":"category","embeddable":true,"href":"https:\/\/aguaslindasnoticias.com.br\/index.php\/wp-json\/wp\/v2\/categories?post=5384"},{"taxonomy":"post_tag","embeddable":true,"href":"https:\/\/aguaslindasnoticias.com.br\/index.php\/wp-json\/wp\/v2\/tags?post=5384"}],"curies":[{"name":"wp","href":"https:\/\/api.w.org\/{rel}","templated":true}]}}