{"id":5382,"date":"2023-01-04T10:12:41","date_gmt":"2023-01-04T13:12:41","guid":{"rendered":"https:\/\/aguaslindasnoticias.com.br\/index.php\/2023\/01\/04\/atendimento-especializado-para-casos-de-obesidade\/"},"modified":"2023-01-04T10:12:41","modified_gmt":"2023-01-04T13:12:41","slug":"atendimento-especializado-para-casos-de-obesidade","status":"publish","type":"post","link":"https:\/\/aguaslindasnoticias.com.br\/index.php\/2023\/01\/04\/atendimento-especializado-para-casos-de-obesidade\/","title":{"rendered":"Atendimento especializado para casos de obesidade"},"content":{"rendered":"\n<p>Tratamento com equipe multidisciplinar dura pelo menos dois anos; estar acima do peso \u00e9 doen\u00e7a e deve ser tratadaAG\u00caNCIA BRAS\u00cdLIA* I EDI\u00c7\u00c3O: CAROLINA JARDON&nbsp;<\/p>\n\n\n\n<figure class=\"wp-block-image\"><a href=\"http:\/\/www.agenciabrasilia.df.gov.br\/2021\/12\/05\/pessoas-com-obesidade-tem-atendimento-especializado\/foto-sandro-araujo-agencia-saude-df-1-1-1\/\" target=\"_blank\" rel=\"noreferrer noopener\"><img decoding=\"async\" src=\"http:\/\/www.agenciabrasilia.df.gov.br\/wp-conteudo\/uploads\/2021\/12\/FOTO-SANDRO-ARA%C3%9AJO-AG%C3%8ANCIA-SA%C3%9ADE-DF-1-1-1-300x200.jpg\" alt=\"\" class=\"wp-image-358864\"\/><\/a><figcaption>Inaugurado em dezembro de 2017, o Cedoh j\u00e1 atendeu nestes quatro anos um total de 521 pacientes, alguns receberam alta, outros est\u00e3o em tratamento e h\u00e1 ainda os que desistiram&nbsp;| Fotos: Sandro Ara\u00fajo \/ Ag\u00eancia Sa\u00fade<\/figcaption><\/figure>\n\n\n\n<p>A obesidade \u00e9 uma doen\u00e7a cr\u00f4nica que afeta milhares de brasileiros. Al\u00e9m de gerar danos f\u00edsicos, v\u00e1rias doen\u00e7as correlacionadas podem surgir \u2013 como diabetes e hipertens\u00e3o \u2013 e, ainda, danos emocionais e psicol\u00f3gicos \u2013 problemas de autoestima e ansiedade.<\/p>\n\n\n\n<p>A Secretaria de Sa\u00fade disponibiliza tratamento em toda a rede p\u00fablica para quem quer emagrecer. A porta de entrada para o servi\u00e7o \u00e9 a Aten\u00e7\u00e3o Prim\u00e1ria \u00e0 Sa\u00fade.<\/p>\n\n\n\n<p>\u201cA pessoa com obesidade identificada pelas unidades b\u00e1sicas de sa\u00fade com IMC superior a 35 e comorbidades como diabetes e hipertens\u00e3o, por exemplo, ou IMC maior que 40 s\u00e3o reguladas para consultas com o endocrinologista\u201d, explica a Refer\u00eancia T\u00e9cnica Distrital (RTD) de Endocrinologia e Diabetes, Eliziane Leite.<\/p>\n\n\n\n<p>Na aten\u00e7\u00e3o especializada, os endocrinologistas adultos e pedi\u00e1tricos dos ambulat\u00f3rios dos hospitais regionais de Taguatinga (HRT), Sobradinho (HRS), Gama (HRG), Ceil\u00e2ndia (HRC), Hospital da Regi\u00e3o Leste (HRL) e Hospital da Crian\u00e7a de Bras\u00edlia (HCB) tratam aproximadamente 800 pacientes com obesidade.<\/p>\n\n\n\n<figure class=\"wp-block-image\"><a href=\"http:\/\/www.agenciabrasilia.df.gov.br\/2021\/12\/05\/pessoas-com-obesidade-tem-atendimento-especializado\/foto-sandro-araujo-agencia-saude-df-7-3\/\" target=\"_blank\" rel=\"noreferrer noopener\"><img decoding=\"async\" src=\"http:\/\/www.agenciabrasilia.df.gov.br\/wp-conteudo\/uploads\/2021\/12\/FOTO-SANDRO-ARA%C3%9AJO-AG%C3%8ANCIA-SA%C3%9ADE-DF-7-3-300x200.jpg\" alt=\"\" class=\"wp-image-358863\"\/><\/a><figcaption>Izaurene estava pesando 98 kg e, atualmente, est\u00e1 com 83 kg, saindo da obesidade II para o sobrepeso<\/figcaption><\/figure>\n\n\n\n<p>Al\u00e9m disso, a Secretaria de Sa\u00fade tamb\u00e9m disponibiliza o Centro Especializado em Diabetes, Obesidade e Hipertens\u00e3o (Cedoh), localizado na Asa Norte.<\/p>\n\n\n\n<p>A RTD de Endocrinologia e Diabetes esclarece que os pacientes em geral devem ser mantidos por dois anos em tratamento com equipe multiprofissional de nutricionistas, psic\u00f3logos, fisioterapeutas, endocrinologistas e enfermeiros. \u201cAp\u00f3s esse per\u00edodo, poder\u00e3o ser encaminhados de volta para a UBS ou para a cirurgia bari\u00e1trica nos casos de insucesso, quando perderam menos de 15% do excesso de peso em dois anos.\u201d<\/p>\n\n\n\n<p><strong>Satisfa\u00e7\u00e3o com tratamento<br><\/strong><br>A aut\u00f4noma Izaurene Prado, de 49 anos, iniciou o tratamento no Cedoh em 2019. Por motivos pessoais, acabou saindo do acompanhamento. Em 2020, ganhou muito peso por conta da pandemia e adquiriu uma gonartrose no joelho. Neste ano, ela procurou atendimento na UBS pr\u00f3xima de casa e, em junho, voltou a ser encaminhada para o Cedoh.<\/p>\n\n\n\n<p>\u201cEstou muito feliz com meu tratamento, pois aqui recebo toda a assist\u00eancia que preciso. O programa alimentar \u00e9 bem realista e associado ao uso dos medicamentos indicados para tratar a ansiedade e a obesidade, consegui emagrecer 15 quilos de junho at\u00e9 dezembro\u201d, comemora.<\/p>\n\n\n\n<p>Izaurene estava pesando 98 kg e atualmente est\u00e1 com 83 kg, saindo da obesidade II para o sobrepeso. Al\u00e9m da melhora na sa\u00fade f\u00edsica e mental, a perda de peso ajuda muito a reduzir as dores causadas pelo problema no joelho.<\/p>\n\n\n\n<p>\u201cO tratamento aqui \u00e9 bem realista, temos que nos reeducar, aprender a comer, pois o sucesso depende de mim. A equipe multidisciplinar \u00e9 fant\u00e1stica, se integra e trata o paciente de maneira humanizada. \u00c9 uma verdadeira ben\u00e7\u00e3o na vida de quem \u00e9 obeso\u201d, avalia.<\/p>\n\n\n\n<figure class=\"wp-block-image\"><a href=\"http:\/\/www.agenciabrasilia.df.gov.br\/2021\/12\/05\/pessoas-com-obesidade-tem-atendimento-especializado\/foto-sandro-araujo-agencia-saude-df-17\/\" target=\"_blank\" rel=\"noreferrer noopener\"><img decoding=\"async\" src=\"http:\/\/www.agenciabrasilia.df.gov.br\/wp-conteudo\/uploads\/2021\/12\/FOTO-SANDRO-ARA%C3%9AJO-AG%C3%8ANCIA-SA%C3%9ADE-DF-17-300x200.jpg\" alt=\"\" class=\"wp-image-358865\"\/><\/a><figcaption>De acordo com Alexandra Rubim, endocrinologista e gerente do Centro Especializado em Diabetes, Obesidade e Hipertens\u00e3o (Cedoh), os pacientes obesos enfrentam muitos preconceitos<\/figcaption><\/figure>\n\n\n\n<p><strong>Acolhimento e humaniza\u00e7\u00e3o<\/strong><\/p>\n\n\n\n<p>De acordo com Alexandra Rubim, endocrinologista e gerente do Centro Especializado em Diabetes, Obesidade e Hipertens\u00e3o (Cedoh), os pacientes obesos enfrentam muitos preconceitos, at\u00e9 mesmo de profissionais da sa\u00fade, que julgam que ele chegou ao excesso de peso por motivos de pregui\u00e7a e falta de for\u00e7a de vontade.<\/p>\n\n\n\n<p>\u201cO paciente obeso \u00e9 algu\u00e9m que j\u00e1 foi muito julgado, at\u00e9 dentro de casa, pela fam\u00edlia. A obesidade \u00e9 uma doen\u00e7a que pode ocorrer por in\u00fameros fatores, tanto metab\u00f3licos como psicol\u00f3gicos, al\u00e9m de h\u00e1bitos de vida. Por isso, \u00e9 importante ter uma equipe multidisciplinar e interdisciplinar, com atendimento integrado e humanizado. A obesidade \u00e9 uma doen\u00e7a que precisa ser tratada\u201d, afirma.<\/p>\n\n\n\n<p>Inaugurado em dezembro de 2017, o Cedoh j\u00e1 atendeu nestes quatro anos um total de 521 pacientes, alguns receberam alta, outros est\u00e3o em tratamento e h\u00e1 ainda os que desistiram. Em 2018, foram 74 pacientes atendidos na unidade, em 2019 o n\u00famero subiu para 188. Em 2020, por conta da pandemia, somente 54 pacientes fizeram o tratamento. Em 2021, a demanda subiu e 205 pacientes est\u00e3o em tratamento.<\/p>\n\n\n\n<p>Vale lembrar que \u00e9 esperado a taxa de abandono de at\u00e9 50% nesse tipo de tratamento, mas no Cedoh o \u00edndice fica em 41%. Durante os dois anos de tratamento, os pacientes passam pela consulta com endocrinologista, acolhimento por aplicativo, cinco oficinas educativas on-line semanais, atendimento individual e oficinas de manuten\u00e7\u00e3o. Por fim, ele recebe alta ou \u00e9 encaminhado para a cirurgia bari\u00e1trica.<\/p>\n\n\n\n<p>\u201cHoje, recebemos pacientes de todo o Distrito Federal, mediante encaminhamento da regula\u00e7\u00e3o. Apenas as gestantes moradoras da regi\u00e3o de Sa\u00fade Central s\u00e3o atendidas no sistema de portas abertas\u201d, explica Alexandra. A equipe do Cedoh \u00e9 composta por m\u00e9dicos endocrinologistas adulto e infantil, fisioterapeutas, psic\u00f3logas, enfermeiros, nutricionistas, assistente social e nefrologista.<\/p>\n","protected":false},"excerpt":{"rendered":"<p>Tratamento com equipe multidisciplinar dura pelo menos dois anos; estar acima do peso \u00e9 doen\u00e7a e deve ser tratadaAG\u00caNCIA BRAS\u00cdLIA* I EDI\u00c7\u00c3O: CAROLINA JARDON&nbsp; A obesidade \u00e9 uma doen\u00e7a cr\u00f4nica que afeta milhares de brasileiros. Al\u00e9m de gerar danos f\u00edsicos, v\u00e1rias doen\u00e7as correlacionadas podem surgir \u2013 como diabetes e hipertens\u00e3o \u2013 e, ainda, danos emocionais [&hellip;]<\/p>\n","protected":false},"author":1,"featured_media":0,"comment_status":"open","ping_status":"open","sticky":false,"template":"","format":"standard","meta":{"footnotes":""},"categories":[],"tags":[],"class_list":["post-5382","post","type-post","status-publish","format-standard","hentry"],"_links":{"self":[{"href":"https:\/\/aguaslindasnoticias.com.br\/index.php\/wp-json\/wp\/v2\/posts\/5382","targetHints":{"allow":["GET"]}}],"collection":[{"href":"https:\/\/aguaslindasnoticias.com.br\/index.php\/wp-json\/wp\/v2\/posts"}],"about":[{"href":"https:\/\/aguaslindasnoticias.com.br\/index.php\/wp-json\/wp\/v2\/types\/post"}],"author":[{"embeddable":true,"href":"https:\/\/aguaslindasnoticias.com.br\/index.php\/wp-json\/wp\/v2\/users\/1"}],"replies":[{"embeddable":true,"href":"https:\/\/aguaslindasnoticias.com.br\/index.php\/wp-json\/wp\/v2\/comments?post=5382"}],"version-history":[{"count":0,"href":"https:\/\/aguaslindasnoticias.com.br\/index.php\/wp-json\/wp\/v2\/posts\/5382\/revisions"}],"wp:attachment":[{"href":"https:\/\/aguaslindasnoticias.com.br\/index.php\/wp-json\/wp\/v2\/media?parent=5382"}],"wp:term":[{"taxonomy":"category","embeddable":true,"href":"https:\/\/aguaslindasnoticias.com.br\/index.php\/wp-json\/wp\/v2\/categories?post=5382"},{"taxonomy":"post_tag","embeddable":true,"href":"https:\/\/aguaslindasnoticias.com.br\/index.php\/wp-json\/wp\/v2\/tags?post=5382"}],"curies":[{"name":"wp","href":"https:\/\/api.w.org\/{rel}","templated":true}]}}