{"id":5381,"date":"2023-01-04T10:12:41","date_gmt":"2023-01-04T13:12:41","guid":{"rendered":"https:\/\/aguaslindasnoticias.com.br\/index.php\/2023\/01\/04\/saiba-como-identificar-os-agentes-de-vigilancia-ambiental\/"},"modified":"2023-01-04T10:12:41","modified_gmt":"2023-01-04T13:12:41","slug":"saiba-como-identificar-os-agentes-de-vigilancia-ambiental","status":"publish","type":"post","link":"https:\/\/aguaslindasnoticias.com.br\/index.php\/2023\/01\/04\/saiba-como-identificar-os-agentes-de-vigilancia-ambiental\/","title":{"rendered":"Saiba como identificar os agentes de vigil\u00e2ncia ambiental"},"content":{"rendered":"\n<p>Servidores que realizam a\u00e7\u00f5es nas resid\u00eancias do Distrito Federal trabalham uniformizados e devidamente identificados com crach\u00e1 funcionalAG\u00caNCIA BRAS\u00cdLIA* I EDI\u00c7\u00c3O: D\u00c9BORA CRONEMBERGER&nbsp;<\/p>\n\n\n\n<p>Diariamente, os Agentes de Vigil\u00e2ncia Ambiental (Avas) v\u00e3o de casa em casa orientar a popula\u00e7\u00e3o sobre o perigo da prolifera\u00e7\u00e3o do mosquito&nbsp;<em>Aedes aegypti<\/em>. Al\u00e9m disso, os servidores eliminam poss\u00edveis focos ou tratam os prov\u00e1veis dep\u00f3sitos de ovos do mosquito com o uso de larvicida. O papel dos agentes \u00e9 importante no combate ao&nbsp;<em>aedes<\/em>&nbsp;e, por isso, \u00e9 fundamental permitir as visitas de rotina.<\/p>\n\n\n\n<figure class=\"wp-block-image\"><img decoding=\"async\" src=\"http:\/\/www.agenciabrasilia.df.gov.br\/wp-conteudo\/uploads\/2021\/12\/FOTO-SANDRO-ARA%C3%9AJO-AG%C3%8ANCIA-SA%C3%9ADE-DF-7-6-1024x683.jpg\" alt=\"\" class=\"wp-image-358443\"\/><figcaption>Gestores segurando os uniformes dos novos agentes de vigil\u00e2ncia ambiental. Da esquerda para a direita: subsecret\u00e1rio de Vigil\u00e2ncia \u00e0 Sa\u00fade, Divino Valero; secret\u00e1rio adjunto de Assist\u00eancia \u00e0 Sa\u00fade, Fernando Erick Damasceno; e secret\u00e1rios de Sa\u00fade, Manoel Pafiadache, e de Trabalho, Thales Mendes | Fotos: Sandro Ara\u00fajo\/Ag\u00eancia Sa\u00fade-DF<\/figcaption><\/figure>\n\n\n\n<p>Os servidores sempre estar\u00e3o uniformizados e usando crach\u00e1 funcional. Recentemente, a Secretaria de Sa\u00fade contratou 500 profissionais para somar esfor\u00e7os nas a\u00e7\u00f5es di\u00e1rias. Eles usar\u00e3o um colete na cor azul com a logomarca do Governo do Distrito Federal e com o bras\u00e3o do Distrito Federal. Os Avas mais antigos continuar\u00e3o usando o colete na cor bege com o bras\u00e3o do GDF, al\u00e9m do crach\u00e1.<\/p>\n\n\n\n<figure class=\"wp-block-image\"><img decoding=\"async\" src=\"http:\/\/www.agenciabrasilia.df.gov.br\/wp-conteudo\/uploads\/2021\/12\/FOTO-SANDRO-ARA%C3%9AJO-AG%C3%8ANCIA-SA%C3%9ADE-DF-9-6-1024x683.jpg\" alt=\"\" class=\"wp-image-358444\"\/><figcaption>Os agentes de vigil\u00e2ncia ambiental mais antigos continuar\u00e3o usando o colete na cor bege com o bras\u00e3o do GDF, al\u00e9m de crach\u00e1<\/figcaption><\/figure>\n\n\n\n<p>\u201cOs uniformes v\u00e3o ajudar na identifica\u00e7\u00e3o destes agentes rec\u00e9m-contratados e que atuar\u00e3o nas ruas do DF contra poss\u00edveis focos de mosquito da dengue e atendendo as demandas de sa\u00fade da popula\u00e7\u00e3o. \u00c9 uma integra\u00e7\u00e3o entre a Vigil\u00e2ncia \u00e0 Sa\u00fade e a Aten\u00e7\u00e3o Prim\u00e1ria\u201d, afirma o secret\u00e1rio de Sa\u00fade, general Manoel Pafiadache.<\/p>\n\n\n\n<p>De acordo com o gestor, \u00e9 de extrema import\u00e2ncia que a popula\u00e7\u00e3o receba os agentes de sa\u00fade que est\u00e3o devidamente uniformizados.<\/p>\n\n\n\n<p><strong>Parceria<\/strong><\/p>\n\n\n\n<blockquote class=\"wp-block-quote is-layout-flow wp-block-quote-is-layout-flow\"><p>A dengue apresenta um comportamento sazonal no Distrito Federal, ocorrendo, principalmente, entre os meses de outubro a maio \u2013 que s\u00e3o os mais chuvosos. Al\u00e9m das a\u00e7\u00f5es da Vigil\u00e2ncia Ambiental, a popula\u00e7\u00e3o deve ser a principal aliada no combate \u00e0 dengue<\/p><\/blockquote>\n\n\n\n<p>Os novos uniformes tamb\u00e9m identificar\u00e3o os 500 novos agentes comunit\u00e1rios de sa\u00fade (ACSs), que atuam nas equipes de Sa\u00fade da Fam\u00edlia. A aquisi\u00e7\u00e3o dos uniformes \u00e9 fruto de uma parceria entre as secretarias de Sa\u00fade e de Trabalho.<\/p>\n\n\n\n<p>Al\u00e9m deles, foram confeccionadas mil mochilas, tudo produzido pela F\u00e1brica Social. A ideia \u00e9 produzir mais 3 mil coletes e mochilas do novo modelo para os Avas e ACSs que j\u00e1 atuam na rede.<\/p>\n\n\n\n<p><strong>A\u00e7\u00f5es contra a dengue<\/strong><\/p>\n\n\n\n<p>As a\u00e7\u00f5es de combate \u00e0 dengue n\u00e3o param. Independentemente da \u00e9poca do ano, os agentes de vigil\u00e2ncia ambiental est\u00e3o sempre vistoriando as resid\u00eancias e terrenos de todo o Distrito Federal para combater o mosquito&nbsp;<em>Aedes aegypti<\/em>.<\/p>\n\n\n\n<p>De acordo com o Boletim Epidemiol\u00f3gico n\u00ba 45, observa-se neste ano um decr\u00e9scimo de 70,9% no n\u00famero de casos prov\u00e1veis de dengue em residentes no DF se comparado ao mesmo per\u00edodo de 2020, quando foram registrados 46.043 casos prov\u00e1veis da doen\u00e7a no DF. Em 2021, at\u00e9 o momento, foram notificados 13.382 novos casos.<\/p>\n\n\n\n<p><strong>Comportamento sazonal da doen\u00e7a<\/strong><\/p>\n\n\n\n<p>A dengue apresenta um comportamento sazonal no Distrito Federal, ocorrendo, principalmente, entre os meses de outubro a maio \u2013 que s\u00e3o os mais chuvosos. Al\u00e9m das a\u00e7\u00f5es da Vigil\u00e2ncia Ambiental, a popula\u00e7\u00e3o deve ser a principal aliada no combate \u00e0 dengue, fazendo sua parte.<\/p>\n\n\n\n<blockquote class=\"wp-block-quote is-layout-flow wp-block-quote-is-layout-flow\"><p>\u201cMesmo uniformizados, com crach\u00e1 e coletes de identifica\u00e7\u00e3o, nossos agentes de vigil\u00e2ncia ambiental ainda s\u00e3o barrados e ficam impedidos de fazer a inspe\u00e7\u00e3o. Cada casa a menos pode significar um foco do mosquito que n\u00e3o foi identificado e nem tratado\u201dEdi Xavier de Faria, gerente de Campo de Vetores e Animais Pe\u00e7onhentos da Vigil\u00e2ncia Ambiental<\/p><\/blockquote>\n\n\n\n<p>\u201cToda a sociedade deve contribuir limpando seus quintais. \u00c9 de extrema import\u00e2ncia descartar qualquer objeto que possa acumular \u00e1gua parada, observar plantas, calhas e outros locais que possam servir de criadouros do mosquito\u201d, afirma o gerente de Campo de Vetores e Animais Pe\u00e7onhentos da Vigil\u00e2ncia Ambiental, Edi Xavier de Faria.<\/p>\n\n\n\n<p>Outra contribui\u00e7\u00e3o importante da popula\u00e7\u00e3o \u00e9 colaborar com as inspe\u00e7\u00f5es dos agentes de vigil\u00e2ncia ambiental, pois segundo o gerente, uma das grandes dificuldades hoje em dia \u00e9 adentrar as resid\u00eancias.<\/p>\n\n\n\n<p>\u201cMesmo uniformizados, com crach\u00e1 e coletes de identifica\u00e7\u00e3o, nossos agentes de vigil\u00e2ncia ambiental ainda s\u00e3o barrados e ficam impedidos de fazer a inspe\u00e7\u00e3o. Cada casa a menos pode significar um foco do mosquito que n\u00e3o foi identificado e nem tratado\u201d, explica.<\/p>\n\n\n\n<p>Segundo Edi Xavier, a \u00faltima semana foi utilizada para fazer o Liraa (Levantamento de \u00cdndice R\u00e1pido por Amostragem), em que s\u00e3o selecionados 20% dos im\u00f3veis de cada regi\u00e3o para receberem uma vistoria completa, com identifica\u00e7\u00e3o dos locais onde h\u00e1 mais focos do mosquito, como caixa d\u2019\u00e1gua, vasilha de planta, balde.<\/p>\n\n\n\n<p>Com os resultados do Liraa \u00e9 poss\u00edvel ter uma vis\u00e3o geral de como est\u00e1 a dengue no Distrito Federal. O gerente adianta que, pelos resultados que j\u00e1 recebeu dos n\u00facleos de inspe\u00e7\u00e3o, o \u00edndice vai ser um pouco elevado, pois os agentes est\u00e3o encontrando muitos focos, em consequ\u00eancia dos dias chuvosos.<\/p>\n\n\n\n<p>\u201cAp\u00f3s os resultados do Liraa os agentes voltam nos locais e fazem o tratamento de 100% das casas, ou seja, o tratamento \u00e9 realizado em um raio de 300 metros do local identificado com foco\u201d, esclarece.<\/p>\n\n\n\n<p><strong>Fun\u00e7\u00e3o dos agentes<\/strong><\/p>\n\n\n\n<p>Edi Xavier destaca que os agentes de vigil\u00e2ncia ambiental t\u00eam papel fundamental no combate \u00e0 dengue, mas a fun\u00e7\u00e3o deles \u00e9 orientar a popula\u00e7\u00e3o, inspecionar as resid\u00eancias e realizar o tratamento nos focos encontrados.<\/p>\n\n\n\n<p>\u201cA popula\u00e7\u00e3o deve ser aliada dos agentes de vigil\u00e2ncia ambiental e abrir a porta de casa para eles fazerem as inspe\u00e7\u00f5es\u201d, conclui.<\/p>\n\n\n\n<p><em>*Com informa\u00e7\u00f5es da Secretaria de Sa\u00fade<\/em><\/p>\n","protected":false},"excerpt":{"rendered":"<p>Servidores que realizam a\u00e7\u00f5es nas resid\u00eancias do Distrito Federal trabalham uniformizados e devidamente identificados com crach\u00e1 funcionalAG\u00caNCIA BRAS\u00cdLIA* I EDI\u00c7\u00c3O: D\u00c9BORA CRONEMBERGER&nbsp; Diariamente, os Agentes de Vigil\u00e2ncia Ambiental (Avas) v\u00e3o de casa em casa orientar a popula\u00e7\u00e3o sobre o perigo da prolifera\u00e7\u00e3o do mosquito&nbsp;Aedes aegypti. Al\u00e9m disso, os servidores eliminam poss\u00edveis focos ou tratam os [&hellip;]<\/p>\n","protected":false},"author":1,"featured_media":0,"comment_status":"open","ping_status":"open","sticky":false,"template":"","format":"standard","meta":{"footnotes":""},"categories":[],"tags":[],"class_list":["post-5381","post","type-post","status-publish","format-standard","hentry"],"_links":{"self":[{"href":"https:\/\/aguaslindasnoticias.com.br\/index.php\/wp-json\/wp\/v2\/posts\/5381","targetHints":{"allow":["GET"]}}],"collection":[{"href":"https:\/\/aguaslindasnoticias.com.br\/index.php\/wp-json\/wp\/v2\/posts"}],"about":[{"href":"https:\/\/aguaslindasnoticias.com.br\/index.php\/wp-json\/wp\/v2\/types\/post"}],"author":[{"embeddable":true,"href":"https:\/\/aguaslindasnoticias.com.br\/index.php\/wp-json\/wp\/v2\/users\/1"}],"replies":[{"embeddable":true,"href":"https:\/\/aguaslindasnoticias.com.br\/index.php\/wp-json\/wp\/v2\/comments?post=5381"}],"version-history":[{"count":0,"href":"https:\/\/aguaslindasnoticias.com.br\/index.php\/wp-json\/wp\/v2\/posts\/5381\/revisions"}],"wp:attachment":[{"href":"https:\/\/aguaslindasnoticias.com.br\/index.php\/wp-json\/wp\/v2\/media?parent=5381"}],"wp:term":[{"taxonomy":"category","embeddable":true,"href":"https:\/\/aguaslindasnoticias.com.br\/index.php\/wp-json\/wp\/v2\/categories?post=5381"},{"taxonomy":"post_tag","embeddable":true,"href":"https:\/\/aguaslindasnoticias.com.br\/index.php\/wp-json\/wp\/v2\/tags?post=5381"}],"curies":[{"name":"wp","href":"https:\/\/api.w.org\/{rel}","templated":true}]}}