{"id":5380,"date":"2023-01-04T10:12:41","date_gmt":"2023-01-04T13:12:41","guid":{"rendered":"https:\/\/aguaslindasnoticias.com.br\/index.php\/2023\/01\/04\/gdf-presente-recupera-ruas-com-erosao-no-morro-da-cruz\/"},"modified":"2023-01-04T10:12:41","modified_gmt":"2023-01-04T13:12:41","slug":"gdf-presente-recupera-ruas-com-erosao-no-morro-da-cruz","status":"publish","type":"post","link":"https:\/\/aguaslindasnoticias.com.br\/index.php\/2023\/01\/04\/gdf-presente-recupera-ruas-com-erosao-no-morro-da-cruz\/","title":{"rendered":"GDF Presente recupera ruas com eros\u00e3o no Morro da Cruz"},"content":{"rendered":"\n<h2 class=\"wp-block-heading\">Trabalho, em conjunto com a Administra\u00e7\u00e3o Regional de S\u00e3o Sebasti\u00e3o, seguir\u00e1 para outras vias sem pavimenta\u00e7\u00e3o onde as chuvas v\u00eam causando estragos<\/h2>\n\n\n\n<p>H\u00c9DIO FERREIRA J\u00daNIOR, DA AG\u00caNCIA BRAS\u00cdLIA | EDI\u00c7\u00c3O: ISAAC MARRA<a href=\"https:\/\/www.facebook.com\/sharer.php?u=https:\/\/www.agenciabrasilia.df.gov.br\/2021\/12\/06\/gdf-presente-recupera-ruas-com-erosao-no-morro-da-cruz\/\" target=\"_blank\" rel=\"noreferrer noopener\"><\/a><a href=\"https:\/\/twitter.com\/intent\/tweet?source=agenciabrasilia&amp;text=GDF%20Presente%20recupera%20ruas%20com%20eros%C3%A3o%20no%20Morro%20da%20Cruz&amp;url=https:\/\/www.agenciabrasilia.df.gov.br\/2021\/12\/06\/gdf-presente-recupera-ruas-com-erosao-no-morro-da-cruz\/&amp;via=AgenciaBrasilia\" target=\"_blank\" rel=\"noreferrer noopener\"><\/a><\/p>\n\n\n\n<p>O Governo do Distrito Federal (GDF) mant\u00e9m as opera\u00e7\u00f5es de recupera\u00e7\u00e3o dos estragos causados pelas chuvas dos \u00faltimos dias. Dessa vez, equipes do programa GDF Presente e da Administra\u00e7\u00e3o Regional de S\u00e3o Sebasti\u00e3o iniciaram os trabalhos de nivelamento compacta\u00e7\u00e3o na Ch\u00e1cara 40 do Morro da Cruz.<\/p>\n\n\n\n<figure class=\"wp-block-image\"><a href=\"http:\/\/www.agenciabrasilia.df.gov.br\/2021\/12\/06\/gdf-presente-recupera-ruas-com-erosao-no-morro-da-cruz\/whatsapp-image-2021-12-05-at-10-44-36\/\" target=\"_blank\" rel=\"noreferrer noopener\"><img decoding=\"async\" src=\"http:\/\/www.agenciabrasilia.df.gov.br\/wp-conteudo\/uploads\/2021\/12\/WhatsApp-Image-2021-12-05-at-10.44.36-300x200.jpg\" alt=\"\" class=\"wp-image-359362\"\/><\/a><figcaption>Situada em uma baixada, S\u00e3o Sebasti\u00e3o tem diversas ruas em declive, o que exige um trabalho constante de manuten\u00e7\u00e3o nesse per\u00edodo chuvoso&nbsp;| Foto: Divulga\u00e7\u00e3o<\/figcaption><\/figure>\n\n\n\n<p>Por l\u00e1, ruas sem pavimenta\u00e7\u00e3o e sem rede de drenagem foram danificadas pela for\u00e7a das enxurradas, que causaram eros\u00f5es e deixaram moradores \u201cilhados\u201d, sem conseguir sair de casa com seus carros.<\/p>\n\n\n\n<p>\u201cAs ruas ficaram intransit\u00e1veis e os carros que estavam dentro das casas n\u00e3o conseguiam sair nem os que estavam fora conseguiam entrar\u201d, conta o coordenador do Polo Central Adjacente 1 do GDF Presente, Leandro Cardoso, que esteve na regi\u00e3o dando suporte ao Polo Leste.<\/p>\n\n\n\n<p>Situada em uma baixada, S\u00e3o Sebasti\u00e3o tem diversas ruas em declive, o que exige um trabalho constante de manuten\u00e7\u00e3o nesse per\u00edodo chuvoso. \u201cEstamos trabalhando diariamente para tentar garantir o conforto e a acessibilidade dos moradores\u201d, completa J\u00fanior Carvalho, coordenador do Polo Leste.<\/p>\n\n\n\n<p>Com o suporte de uma p\u00e1 carregadeira, uma patrol, um rolo compactado e tr\u00eas caminh\u00f5es trucados, as equipes do GDF Presente e da administra\u00e7\u00e3o regional nivelaram o terreno e aplicaram restos de entulhos de obras em peda\u00e7os e tamb\u00e9m reciclados pelo Servi\u00e7o de Limpeza Urbana (SLU). Os dois materiais juntos ajudam a firmar o terreno molhado.<\/p>\n\n\n\n<p><strong>Infraestrutura<\/strong><\/p>\n\n\n\n<p>Administrador regional de S\u00e3o Sebasti\u00e3o, Alan Valim informa que os trabalhos seguem a partir desta segunda-feira (6) nas comunidades Aguilhada e Cap\u00e3o Comprido. Ele explica que a regi\u00e3o ainda tem muitas \u00e1reas em fase de regulariza\u00e7\u00e3o, o que justifica que as interven\u00e7\u00f5es sejam paliativas e ainda n\u00e3o possam ser estruturantes. \u201cEnquanto isso, vamos suprindo as necessidades de urg\u00eancia at\u00e9 que a regulariza\u00e7\u00e3o fundi\u00e1ria seja feita e as obras de infraestrutura possam ser levadas a esses locais\u201d.<\/p>\n","protected":false},"excerpt":{"rendered":"<p>Trabalho, em conjunto com a Administra\u00e7\u00e3o Regional de S\u00e3o Sebasti\u00e3o, seguir\u00e1 para outras vias sem pavimenta\u00e7\u00e3o onde as chuvas v\u00eam causando estragos H\u00c9DIO FERREIRA J\u00daNIOR, DA AG\u00caNCIA BRAS\u00cdLIA | EDI\u00c7\u00c3O: ISAAC MARRA O Governo do Distrito Federal (GDF) mant\u00e9m as opera\u00e7\u00f5es de recupera\u00e7\u00e3o dos estragos causados pelas chuvas dos \u00faltimos dias. Dessa vez, equipes do [&hellip;]<\/p>\n","protected":false},"author":1,"featured_media":0,"comment_status":"open","ping_status":"open","sticky":false,"template":"","format":"standard","meta":{"footnotes":""},"categories":[],"tags":[],"class_list":["post-5380","post","type-post","status-publish","format-standard","hentry"],"_links":{"self":[{"href":"https:\/\/aguaslindasnoticias.com.br\/index.php\/wp-json\/wp\/v2\/posts\/5380","targetHints":{"allow":["GET"]}}],"collection":[{"href":"https:\/\/aguaslindasnoticias.com.br\/index.php\/wp-json\/wp\/v2\/posts"}],"about":[{"href":"https:\/\/aguaslindasnoticias.com.br\/index.php\/wp-json\/wp\/v2\/types\/post"}],"author":[{"embeddable":true,"href":"https:\/\/aguaslindasnoticias.com.br\/index.php\/wp-json\/wp\/v2\/users\/1"}],"replies":[{"embeddable":true,"href":"https:\/\/aguaslindasnoticias.com.br\/index.php\/wp-json\/wp\/v2\/comments?post=5380"}],"version-history":[{"count":0,"href":"https:\/\/aguaslindasnoticias.com.br\/index.php\/wp-json\/wp\/v2\/posts\/5380\/revisions"}],"wp:attachment":[{"href":"https:\/\/aguaslindasnoticias.com.br\/index.php\/wp-json\/wp\/v2\/media?parent=5380"}],"wp:term":[{"taxonomy":"category","embeddable":true,"href":"https:\/\/aguaslindasnoticias.com.br\/index.php\/wp-json\/wp\/v2\/categories?post=5380"},{"taxonomy":"post_tag","embeddable":true,"href":"https:\/\/aguaslindasnoticias.com.br\/index.php\/wp-json\/wp\/v2\/tags?post=5380"}],"curies":[{"name":"wp","href":"https:\/\/api.w.org\/{rel}","templated":true}]}}