{"id":5379,"date":"2023-01-04T10:12:41","date_gmt":"2023-01-04T13:12:41","guid":{"rendered":"https:\/\/aguaslindasnoticias.com.br\/index.php\/2023\/01\/04\/do-diagnostico-de-hiv-ao-sonho-de-ser-mae\/"},"modified":"2023-01-04T10:12:41","modified_gmt":"2023-01-04T13:12:41","slug":"do-diagnostico-de-hiv-ao-sonho-de-ser-mae","status":"publish","type":"post","link":"https:\/\/aguaslindasnoticias.com.br\/index.php\/2023\/01\/04\/do-diagnostico-de-hiv-ao-sonho-de-ser-mae\/","title":{"rendered":"Do diagn\u00f3stico de HIV ao sonho de ser m\u00e3e"},"content":{"rendered":"\n<h2 class=\"wp-block-heading\">Secretaria de Sa\u00fade acompanha gestantes com o v\u00edrus para impedir a transmiss\u00e3o para beb\u00eas<\/h2>\n\n\n\n<p>AG\u00caNCIA BRAS\u00cdLIA * I EDI\u00c7\u00c3O: CAROLINA JARDON<a href=\"https:\/\/www.facebook.com\/sharer.php?u=https:\/\/www.agenciabrasilia.df.gov.br\/2021\/12\/05\/do-diagnostico-de-hiv-ao-sonho-de-ser-mae\/\" target=\"_blank\" rel=\"noreferrer noopener\"><\/a><a href=\"https:\/\/twitter.com\/intent\/tweet?source=agenciabrasilia&amp;text=Do%20diagn%C3%B3stico%20de%20HIV%20ao%20sonho%20de%20ser%20m%C3%A3e&amp;url=https:\/\/www.agenciabrasilia.df.gov.br\/2021\/12\/05\/do-diagnostico-de-hiv-ao-sonho-de-ser-mae\/&amp;via=AgenciaBrasilia\" target=\"_blank\" rel=\"noreferrer noopener\"><\/a><\/p>\n\n\n\n<figure class=\"wp-block-image\"><a href=\"http:\/\/www.agenciabrasilia.df.gov.br\/2021\/12\/05\/do-diagnostico-de-hiv-ao-sonho-de-ser-mae\/nelma-foto-breno-esaki-agencia-saude-df-2\/\" target=\"_blank\" rel=\"noreferrer noopener\"><img decoding=\"async\" src=\"http:\/\/www.agenciabrasilia.df.gov.br\/wp-conteudo\/uploads\/2021\/12\/Nelma-FOTO-BRENO-ESAKI-AG%C3%8ANCIA-SA%C3%9ADE-DF-2-300x200.jpg\" alt=\"\" class=\"wp-image-358093\"\/><\/a><figcaption>Nelma foi diagnosticada com HIV aos 6 anos de idade. Hoje, aos 28, \u00e9 m\u00e3e e seus exames de sangue j\u00e1 resultam em \u201cn\u00e3o-detect\u00e1vel\u201d&nbsp;| Fotos: Breno Esaki \/ Ag\u00eancia Sa\u00fade<\/figcaption><\/figure>\n\n\n\n<p>S\u00e3o 28 anos de vida e 22 de tratamento, mas o que realmente impressiona na vida da estudante Nelma Tavares \u00e9 a capacidade de manter seus sonhos.<\/p>\n\n\n\n<p>Eles pareciam interrompidos quando, em 1999, um exame do Hospital Materno Infantil de Bras\u00edlia Dr. Ant\u00f4nio Lisboa (HMIB) explicou porque a crian\u00e7a de 6 anos apresentava doen\u00e7as com tanta frequ\u00eancia: ela tinha HIV.<\/p>\n\n\n\n<p>Mas, hoje, Nelma tem a alegria de ter filhos, fazer planos e dar conselhos para quem descobre estar infectado com o v\u00edrus causador da Aids.<\/p>\n\n\n\n<p>\u201cSei que \u00e9 um baque, sei que parece que o mundo vai se acabar, que a vida acabou ali. Mas n\u00e3o. H\u00e1 chances de voc\u00ea sobreviver se voc\u00ea se aceitar\u201d, aconselha.<\/p>\n\n\n\n<p><strong>Autoaceita\u00e7\u00e3o<\/strong><\/p>\n\n\n\n<p>A autoaceita\u00e7\u00e3o de agora foi conquistada depois de enfrentar muito preconceito. A comunidade onde Nelma vivia sabia que a crian\u00e7a tinha o v\u00edrus, tendo como resultado uma inf\u00e2ncia solit\u00e1ria e com frequentes termos pejorativos. \u201cTinha muita discrimina\u00e7\u00e3o em rela\u00e7\u00e3o a mim, porque havia muito desconhecimento. At\u00e9 hoje ainda falta. At\u00e9 hoje ainda passo por situa\u00e7\u00f5es devastadoras\u201d, conta.<\/p>\n\n\n\n<p>Apesar de na inf\u00e2ncia ter tido consultas mensais, foi s\u00f3 na adolesc\u00eancia que Nelma Tavares percebeu a import\u00e2ncia de seguir o tratamento de forma correta. As interna\u00e7\u00f5es come\u00e7aram a se tornar menos frequentes e, em 2013, aos 20 anos de idade, ela realizou o sonho de ser m\u00e3e.<\/p>\n\n\n\n<p>Depois de mais de onze anos de casamento e duas filhas, ela encara sua trajet\u00f3ria com orgulho na luta contra o preconceito. \u201cHoje eu j\u00e1 n\u00e3o deixo mais que me humilhem, que me julguem por isso\u201d, afirma.<\/p>\n\n\n\n<figure class=\"wp-block-image\"><a href=\"http:\/\/www.agenciabrasilia.df.gov.br\/2021\/12\/05\/do-diagnostico-de-hiv-ao-sonho-de-ser-mae\/foto-breno-esaki-agencia-saude-df-6-7-2\/\" target=\"_blank\" rel=\"noreferrer noopener\"><img decoding=\"async\" src=\"http:\/\/www.agenciabrasilia.df.gov.br\/wp-conteudo\/uploads\/2021\/12\/FOTO-BRENO-ESAKI-AG%C3%8ANCIA-SA%C3%9ADE-DF-6-7-300x200.jpg\" alt=\"\" class=\"wp-image-358095\"\/><\/a><figcaption>A rede p\u00fablica de sa\u00fade do DF oferece tratamento nas policl\u00ednicas de Taguatinga, Planaltina, Parano\u00e1, Gama, Lago Sul e Ceil\u00e2ndia, no Hospital de Base, no Hospital Universit\u00e1rio e nos hospitais regionais de Ceil\u00e2ndia e Sobradinho<\/figcaption><\/figure>\n\n\n\n<p>Os exames atuais, realizados de seis em seis meses, t\u00eam o resultado \u201cindetect\u00e1vel\u201d, o que significa o controle do v\u00edrus gra\u00e7as \u00e0 medica\u00e7\u00e3o de uso cont\u00ednuo. Ela faz o acompanhamento no Centro Especializado em Doen\u00e7as Infecciosas (Cedin), o antigo Hospital Dia.<\/p>\n\n\n\n<p>A rede p\u00fablica de sa\u00fade do DF tamb\u00e9m oferece tratamento nas policl\u00ednicas de Taguatinga, Planaltina, Parano\u00e1, Gama, Lago Sul e Ceil\u00e2ndia, no Hospital de Base, no Hospital Universit\u00e1rio e nos Hospitais Regionais de Ceil\u00e2ndia e Sobradinho.<\/p>\n\n\n\n<p><strong>Mulheres com HIV podem ser m\u00e3es<br><\/strong><br>Nelma Tavares foi, possivelmente, um caso de transmiss\u00e3o vertical do HIV, quando o beb\u00ea tem contato com v\u00edrus ainda na gesta\u00e7\u00e3o, durante o parto ou na amamenta\u00e7\u00e3o. Hoje, esse tipo de situa\u00e7\u00e3o pode ser evitada: no per\u00edodo de 2016 a 2020, foram notificados 222 casos de gestantes no DF portadoras do v\u00edrus HIV, enquanto a transmiss\u00e3o vertical foi confirmada em um caso por ano entre 2017 e 2019, e nenhum em 2020.<\/p>\n\n\n\n<p>\u201cTodas as mulheres que vivem com HIV podem engravidar. Idealmente devem planejar sua gravidez para o momento em que estiverem com sua carga viral indetect\u00e1vel, para oferecer o menor risco ao seu beb\u00ea e fazer todo o acompanhamento durante o pr\u00e9-natal, para que possamos ofertar o cuidado durante o parto\u201d, explica a gerente do Cedin, Denise Arakaki Sanchez.<\/p>\n\n\n\n<p>Caso o v\u00edrus seja detectado durante o pr\u00e9-natal, \u00e9 oferecido tratamento para baixar a carga viral e oferecer o menor risco para o beb\u00ea durante o parto. \u201cTudo isso s\u00f3 \u00e9 poss\u00edvel se a gestante fizer um pr\u00e9-natal de boa qualidade e seguir as recomenda\u00e7\u00f5es da equipe\u201d, completa a m\u00e9dica.<\/p>\n\n\n\n<p>O informativo epidemiol\u00f3gico da Secretaria de Sa\u00fade do DF sobre HIV e Aids entre 2016 e 2020 revelou que 88% das gestantes com o v\u00edrus realizaram o pr\u00e9-natal no per\u00edodo, mas houve uma queda de 91,2% em 2016 e 92,5% em 2017 para 82,9% em 2019 e 85,1% em 2020. O \u00edndice de mulheres que descobriram o HIV durante o parto saltou de 3,5% em 2016 para 8,5% em 2020. Nos cinco anos analisados, 88% das mulheres receberam medica\u00e7\u00e3o durante a gesta\u00e7\u00e3o e o parto.<\/p>\n\n\n\n<p>Quando o beb\u00ea nasce, os medicamentos antirretrovirais s\u00e3o administrados logo ap\u00f3s o parto e ao longo dos primeiros 28 dias de vida, como parte dos procedimentos de preven\u00e7\u00e3o. \u201cSempre s\u00e3o usados tr\u00eas medicamentos associados e a escolha \u00e9 baseada na idade e no peso da crian\u00e7a. Para obter sucesso no tratamento, esses medicamentos devem ser administrados todos os dias. Sendo a infec\u00e7\u00e3o pelo HIV uma condi\u00e7\u00e3o cr\u00f4nica, a terapia medicamentosa n\u00e3o deve ser interrompida\u201d, detalha o pediatra Ricardo Azevedo, tamb\u00e9m do Cedin.<\/p>\n\n\n\n<p>A amamenta\u00e7\u00e3o \u00e9 vetada mesmo para as mulheres com tratamento regular e \u00edndices de carga viral baixos. \u201cA Secretaria de Sa\u00fade fornece o medicamento para a inibi\u00e7\u00e3o da lacta\u00e7\u00e3o \u00e0s mulheres vivendo com HIV ap\u00f3s o parto\u201d, explica a m\u00e9dica Beatriz Luz, gerente de Vigil\u00e2ncia de Infec\u00e7\u00f5es Sexualmente Transmiss\u00edveis da Secretaria de Sa\u00fade. J\u00e1 os beb\u00eas t\u00eam o desenvolvimento acompanhado por pediatras que indicam as f\u00f3rmulas necess\u00e1rias para a substitui\u00e7\u00e3o do leite materno at\u00e9 os 12 meses de vida.<\/p>\n\n\n\n<p><strong>Dezembro Vermelho<br><\/strong><br>Ao longo do m\u00eas, a Secretaria de Sa\u00fade do Distrito Federal promove a campanha Dezembro Vermelho, criada para refor\u00e7ar o cuidado contra o HIV e a Aids. A&nbsp; pasta atua desde o fornecimento gratuito de preservativos penianos e vaginais nas unidades de sa\u00fade at\u00e9 o tratamento dos pacientes.<\/p>\n\n\n\n<p>Entre as principais a\u00e7\u00f5es tamb\u00e9m est\u00e3o a possibilidade de realizar nos postos de sa\u00fade a testagem do v\u00edrus HIV e de outras infec\u00e7\u00f5es sexualmente transmiss\u00edveis (ISTs), como s\u00edfilis e hepatite.<\/p>\n\n\n\n<p>Saiba mais sobre a campanha Dezembro Vermelho&nbsp;<a href=\"https:\/\/www.saude.df.gov.br\/campanha-dezembro-vermelho-2021\/\" target=\"_blank\" rel=\"noreferrer noopener\">aqui<\/a>.<\/p>\n\n\n\n<p><em>*Com informa\u00e7\u00f5es da Secretaria de Sa\u00fade<\/em><\/p>\n","protected":false},"excerpt":{"rendered":"<p>Secretaria de Sa\u00fade acompanha gestantes com o v\u00edrus para impedir a transmiss\u00e3o para beb\u00eas AG\u00caNCIA BRAS\u00cdLIA * I EDI\u00c7\u00c3O: CAROLINA JARDON S\u00e3o 28 anos de vida e 22 de tratamento, mas o que realmente impressiona na vida da estudante Nelma Tavares \u00e9 a capacidade de manter seus sonhos. Eles pareciam interrompidos quando, em 1999, um [&hellip;]<\/p>\n","protected":false},"author":1,"featured_media":0,"comment_status":"open","ping_status":"open","sticky":false,"template":"","format":"standard","meta":{"footnotes":""},"categories":[],"tags":[],"class_list":["post-5379","post","type-post","status-publish","format-standard","hentry"],"_links":{"self":[{"href":"https:\/\/aguaslindasnoticias.com.br\/index.php\/wp-json\/wp\/v2\/posts\/5379","targetHints":{"allow":["GET"]}}],"collection":[{"href":"https:\/\/aguaslindasnoticias.com.br\/index.php\/wp-json\/wp\/v2\/posts"}],"about":[{"href":"https:\/\/aguaslindasnoticias.com.br\/index.php\/wp-json\/wp\/v2\/types\/post"}],"author":[{"embeddable":true,"href":"https:\/\/aguaslindasnoticias.com.br\/index.php\/wp-json\/wp\/v2\/users\/1"}],"replies":[{"embeddable":true,"href":"https:\/\/aguaslindasnoticias.com.br\/index.php\/wp-json\/wp\/v2\/comments?post=5379"}],"version-history":[{"count":0,"href":"https:\/\/aguaslindasnoticias.com.br\/index.php\/wp-json\/wp\/v2\/posts\/5379\/revisions"}],"wp:attachment":[{"href":"https:\/\/aguaslindasnoticias.com.br\/index.php\/wp-json\/wp\/v2\/media?parent=5379"}],"wp:term":[{"taxonomy":"category","embeddable":true,"href":"https:\/\/aguaslindasnoticias.com.br\/index.php\/wp-json\/wp\/v2\/categories?post=5379"},{"taxonomy":"post_tag","embeddable":true,"href":"https:\/\/aguaslindasnoticias.com.br\/index.php\/wp-json\/wp\/v2\/tags?post=5379"}],"curies":[{"name":"wp","href":"https:\/\/api.w.org\/{rel}","templated":true}]}}