{"id":5376,"date":"2023-01-04T10:12:33","date_gmt":"2023-01-04T13:12:33","guid":{"rendered":"https:\/\/aguaslindasnoticias.com.br\/index.php\/2023\/01\/04\/parques-urbanos-sao-temas-de-debates-nesta-semana-segunda-29-e-quinta-2-as-19h\/"},"modified":"2023-01-04T10:12:33","modified_gmt":"2023-01-04T13:12:33","slug":"parques-urbanos-sao-temas-de-debates-nesta-semana-segunda-29-e-quinta-2-as-19h","status":"publish","type":"post","link":"https:\/\/aguaslindasnoticias.com.br\/index.php\/2023\/01\/04\/parques-urbanos-sao-temas-de-debates-nesta-semana-segunda-29-e-quinta-2-as-19h\/","title":{"rendered":"Parques urbanos s\u00e3o temas de debates nesta semana: segunda (29) e quinta (2), \u00e0s 19h"},"content":{"rendered":"\n<p>Foto: Ac\u00e1cio Pinheiro\/Ag\u00eancia Bras\u00edlia<\/p>\n\n\n\n<figure class=\"wp-block-image\"><img decoding=\"async\" src=\"https:\/\/www.cl.df.gov.br\/documents\/21991200\/25320268\/27.1.-Parque-da-Asa-Sul.-Foto-Ac%C3%A1cio-Pinheiro-Ag%C3%AAncia-Bras%C3%ADlia5.jpg\/5f9a00df-3406-e804-07b2-6eeafa46e269?t=1638213050318\" alt=\"Parque da EQS 112\/113 Sul\"\/><\/figure>\n\n\n\n<p>Parque da EQS 112\/113 Sul<\/p>\n\n\n\n<p>A ocupa\u00e7\u00e3o de parques urbanos ser\u00e1 discutida em audi\u00eancia p\u00fablica da C\u00e2mara Legislativa nesta segunda-feira (29), \u00e0s 19h. O evento ser\u00e1 mediado pela deputada&nbsp;<a href=\"https:\/\/www.cl.df.gov.br\/web\/guest\/julia-lucy-2019-2022\">J\u00falia Lucy<\/a>&nbsp;(Novo) e transmitido ao vivo pela TV Distrital (canal 9.3) e&nbsp;<a href=\"http:\/\/%20https\/\/www.youtube.com\/channel\/UCq1lyhE02Q9I0x8gBDM9lOQ\">Youtube<\/a>.&nbsp;\u201c\u00c9 indiscut\u00edvel o potencial dos parques urbanos enquanto promotores de desenvolvimento social e econ\u00f4mico por meio da melhoria na qualidade de vida da popula\u00e7\u00e3o\u201d, defende Lucy, ao acrescentar que \u201cum parque bem estruturado pode ser atraente a novos empreendimentos\u201d.<\/p>\n\n\n\n<p>A parlamentar avalia que os resultados ser\u00e3o positivos se houver o envolvimento da popula\u00e7\u00e3o no processo de concep\u00e7\u00e3o e gest\u00e3o dos parques, por gerar apropria\u00e7\u00e3o e compromisso social.<\/p>\n\n\n\n<p><strong>Asa Norte<\/strong><\/p>\n\n\n\n<p>Na mesma tem\u00e1tica, a C\u00e2mara Legislativa debate, em audi\u00eancia p\u00fablica na noite desta quinta-feira (2), o PL 2.180\/2021, que cria o Parque Urbano da SQN 114\/115, no Plano Piloto. O autor da proposta, deputado&nbsp;<a href=\"https:\/\/www.cl.df.gov.br\/web\/guest\/delmasso-2019-2022\">Delmasso<\/a>&nbsp;(Republicanos), explica que os parques urbanos s\u00e3o grandes espa\u00e7os verdes localizados em \u00e1reas urbanizadas de uso p\u00fablico para propiciar recrea\u00e7\u00e3o e lazer aos seus visitantes.<\/p>\n\n\n\n<p>Segundo o distrital, em sua maioria, esses parques oferecem tamb\u00e9m servi\u00e7os culturais, como museus, casas de espet\u00e1culo e centros educativos, e est\u00e3o ligados a atividades esportivas, com quadras, campos e ciclovias. \u201cA \u00e1rea proposta para o Parque Urbano da SQN 114\/115 constitui-se em importante local que necessita urgentemente de pol\u00edticas sustent\u00e1veis e de meio ambiente para atingir seu principal objetivo, que \u00e9 garantir a preserva\u00e7\u00e3o da \u00e1rea, recrea\u00e7\u00e3o e lazer \u00e0 popula\u00e7\u00e3o\u201d, alega. O encontro, portanto, visa discutir e estabelecer crit\u00e9rios para aproximar as pol\u00edticas p\u00fablicas da comunidade local.<\/p>\n\n\n\n<p>Na \u00faltima quarta-feira (24), audi\u00eancia da Casa reuniu moradores da Asa Sul, lideran\u00e7as comunit\u00e1rias e gestores do GDF em debate sobre a cria\u00e7\u00e3o do Parque Urbano da SQS 412. As propostas de Delmasso tomam por base a&nbsp;<a href=\"http:\/\/www.sinj.df.gov.br\/sinj\/Norma\/7d2ebc105ad04d3aa8c83989ab6b389a\/Lei_Complementar_961_26_12_2019.html#:~:text=Disp%C3%B5e%20sobre%20a%20cria%C3%A7%C3%A3o%2C%20implanta%C3%A7%C3%A3o,Federal%20e%20d%C3%A1%20outras%20provid%C3%AAncias.&amp;text=2%C2%BA%20Os%20parques%20urbanos%20devem,Par%C3%A1grafo%20%C3%BAnico.\">Lei Complementar 961\/2019<\/a>, do Executivo, que trata sobre cria\u00e7\u00e3o, implanta\u00e7\u00e3o e gest\u00e3o de parques urbanos no Distrito Federal.<br>Leia Mais:&nbsp;<a href=\"https:\/\/www.cl.df.gov.br\/-\/audi-c3-aancia-debate-a-cria-c3-a7-c3-a3o-do-parque-urbano-da-sqs-412\">Audi\u00eancia debate a cria\u00e7\u00e3o do Parque Urbano da SQS 412<\/a><\/p>\n\n\n\n<p><strong>Franci Moraes &#8211; Ag\u00eancia CLDF<\/strong><\/p>\n","protected":false},"excerpt":{"rendered":"<p>Foto: Ac\u00e1cio Pinheiro\/Ag\u00eancia Bras\u00edlia Parque da EQS 112\/113 Sul A ocupa\u00e7\u00e3o de parques urbanos ser\u00e1 discutida em audi\u00eancia p\u00fablica da C\u00e2mara Legislativa nesta segunda-feira (29), \u00e0s 19h. O evento ser\u00e1 mediado pela deputada&nbsp;J\u00falia Lucy&nbsp;(Novo) e transmitido ao vivo pela TV Distrital (canal 9.3) e&nbsp;Youtube.&nbsp;\u201c\u00c9 indiscut\u00edvel o potencial dos parques urbanos enquanto promotores de desenvolvimento social [&hellip;]<\/p>\n","protected":false},"author":1,"featured_media":0,"comment_status":"open","ping_status":"open","sticky":false,"template":"","format":"standard","meta":{"footnotes":""},"categories":[],"tags":[],"class_list":["post-5376","post","type-post","status-publish","format-standard","hentry"],"_links":{"self":[{"href":"https:\/\/aguaslindasnoticias.com.br\/index.php\/wp-json\/wp\/v2\/posts\/5376","targetHints":{"allow":["GET"]}}],"collection":[{"href":"https:\/\/aguaslindasnoticias.com.br\/index.php\/wp-json\/wp\/v2\/posts"}],"about":[{"href":"https:\/\/aguaslindasnoticias.com.br\/index.php\/wp-json\/wp\/v2\/types\/post"}],"author":[{"embeddable":true,"href":"https:\/\/aguaslindasnoticias.com.br\/index.php\/wp-json\/wp\/v2\/users\/1"}],"replies":[{"embeddable":true,"href":"https:\/\/aguaslindasnoticias.com.br\/index.php\/wp-json\/wp\/v2\/comments?post=5376"}],"version-history":[{"count":0,"href":"https:\/\/aguaslindasnoticias.com.br\/index.php\/wp-json\/wp\/v2\/posts\/5376\/revisions"}],"wp:attachment":[{"href":"https:\/\/aguaslindasnoticias.com.br\/index.php\/wp-json\/wp\/v2\/media?parent=5376"}],"wp:term":[{"taxonomy":"category","embeddable":true,"href":"https:\/\/aguaslindasnoticias.com.br\/index.php\/wp-json\/wp\/v2\/categories?post=5376"},{"taxonomy":"post_tag","embeddable":true,"href":"https:\/\/aguaslindasnoticias.com.br\/index.php\/wp-json\/wp\/v2\/tags?post=5376"}],"curies":[{"name":"wp","href":"https:\/\/api.w.org\/{rel}","templated":true}]}}