{"id":5375,"date":"2023-01-04T10:12:33","date_gmt":"2023-01-04T13:12:33","guid":{"rendered":"https:\/\/aguaslindasnoticias.com.br\/index.php\/2023\/01\/04\/parquinhos-e-pracas-reformados-para-o-lazer-em-planaltina\/"},"modified":"2023-01-04T10:12:33","modified_gmt":"2023-01-04T13:12:33","slug":"parquinhos-e-pracas-reformados-para-o-lazer-em-planaltina","status":"publish","type":"post","link":"https:\/\/aguaslindasnoticias.com.br\/index.php\/2023\/01\/04\/parquinhos-e-pracas-reformados-para-o-lazer-em-planaltina\/","title":{"rendered":"Parquinhos e pra\u00e7as reformados para o lazer em Planaltina"},"content":{"rendered":"\n<p>Governo recupera espa\u00e7os p\u00fablicos em sete bairros da cidade. Comunidade vai ganhar pelo menos mais cinco novas \u00e1reas para a crian\u00e7adaRAFAEL SECUNHO, DA AG\u00caNCIA BRAS\u00cdLIA I EDI\u00c7\u00c3O: D\u00c9BORA CRONEMBERGER&nbsp;<\/p>\n\n\n\n<p>Os \u00faltimos dois meses foram de trabalho intenso em Planaltina para a recupera\u00e7\u00e3o de diversos espa\u00e7os de lazer de uso da comunidade. Um investimento de cerca de R$ 100 mil do governo transformou pra\u00e7as, pergolados, quadras de esportes, pontos de encontro comunit\u00e1rios e parquinhos infantis, tudo ficou novinho em folha. N\u00e3o s\u00f3 na regi\u00e3o central da cidade, mas tamb\u00e9m em bairros pr\u00f3ximos (confira a lista ao final).<\/p>\n\n\n\n<figure class=\"wp-block-image\"><img decoding=\"async\" src=\"http:\/\/www.agenciabrasilia.df.gov.br\/wp-conteudo\/uploads\/2021\/11\/Capa-DVO-01-1024x680.jpg\" alt=\"\" class=\"wp-image-357870\"\/><figcaption>Um investimento de cerca de R$ 100 mil do governo transformou pra\u00e7as, pergolados, quadras de esportes, pontos de encontro comunit\u00e1rios e parquinhos infantis em Planaltina | Foto: L\u00facio Bernardo Jr\/Ag\u00eancia Bras\u00edlia<\/figcaption><\/figure>\n\n\n\n<p>Uma empresa contratada atuou em alguns pontos de lazer conhecidos da popula\u00e7\u00e3o, mas que foram se deteriorando com o passar dos anos. No Residencial DVO, pouco antes da entrada da cidade, crian\u00e7as se divertem durante toda a semana num parquinho totalmente novo. \u201cFicou bem legal, agora colocaram areia nova. Pintaram os brinquedos. Antes o ch\u00e3o era de pedra. At\u00e9 j\u00e1 me machuquei\u201d, conta o estudante Zhayon Barcelos, 8 anos.<\/p>\n\n\n\n<figure class=\"wp-block-image\"><img decoding=\"async\" src=\"http:\/\/www.agenciabrasilia.df.gov.br\/wp-conteudo\/uploads\/2021\/11\/Dentro-DVO-02-300x199.jpg\" alt=\"\" class=\"wp-image-357872\"\/><figcaption>No Residencial DVO, pouco antes da entrada da cidade, crian\u00e7as se divertem durante toda a semana num parquinho totalmente novo<\/figcaption><\/figure>\n\n\n\n<p>\u201cAgora, falta melhorar a quadra de esportes que est\u00e1 velha\u201d, opina o irm\u00e3o de Zhayon, James Barcelos, 6. O parque infantil do DVO foi cercado, recebeu dois caminh\u00f5es de areia e teve todos os brinquedos pintados em azul, amarelo e vermelho. O local \u00e9 uma das poucas op\u00e7\u00f5es para a crian\u00e7ada brincar no contraturno.<\/p>\n\n\n\n<p>O gin\u00e1sio de esportes do Buritis 3, um parque vizinho e o campinho de areia tamb\u00e9m ficaram com aspecto de novos. Com o piso preservado, a administra\u00e7\u00e3o vai investir na pintura do gin\u00e1sio, alvo de picha\u00e7\u00f5es. O campo de futebol teve a areia trocada, al\u00e9m das traves consertadas e pintadas. Os equipamentos de calistenia tamb\u00e9m foram reparados.<\/p>\n\n\n\n<p>Diversos pergolados de madeira coberto de flores \u2013 locais onde se pega uma \u2018sombrinha\u2019 \u2013 tamb\u00e9m foram lixados e envernizados pela cidade. A\u00e7\u00f5es que se concentraram tamb\u00e9m no Vale do Amanhecer,&nbsp; Mestre D\u2019armas e em outros pontos da cidade.<\/p>\n\n\n\n<p><strong>Mais cinco parquinhos ser\u00e3o constru\u00eddos<\/strong><\/p>\n\n\n\n<p>\u201cS\u00e3o pontos que a gente visitou e viu que estavam prec\u00e1rios. No Buritis 3, por exemplo, o campo de areia precisou de uma terraplanagem e de areia nova porque j\u00e1 n\u00e3o tinha\u201d, explica o diretor de obras, Jo\u00e3o Link. \u201c\u00c9 um dos maiores bairros de Planaltina e esse complexo de esporte \u00e9 bem cheio aos finais de semana\u201d, complementa.<\/p>\n\n\n\n<p>Segundo o administrador C\u00e9lio Rodrigues, o pr\u00f3ximo passo \u00e9 construir mais cinco parquinhos na regi\u00e3o administrativa. A obra ser\u00e1 licitada no m\u00eas que vem. \u201cVamos atender a todas as comunidades daqui. Eu acredito que as cidades perif\u00e9ricas do DF s\u00e3o muito carentes de lazer. E nossa gest\u00e3o seguir\u00e1 investindo nisso\u201d, revela.<\/p>\n\n\n\n<p><strong>Equipamentos p\u00fablicos reformados e locais<\/strong><\/p>\n\n\n\n<ul class=\"wp-block-list\"><li>Manuten\u00e7\u00e3o na Pra\u00e7a Coronel Salviano Guimar\u00e3es \u2013 Setor Tradicional<\/li><li>Manuten\u00e7\u00e3o na Pra\u00e7a da Igrejinha \u2013 Setor Tradicional<\/li><li>Recupera\u00e7\u00e3o do parquinho infantil do DVO<\/li><li>Pintura e reforma do telhado do gin\u00e1sio, revitaliza\u00e7\u00e3o e pintura do parquinho infantil e de equipamentos de calistenia no Buritis 3<\/li><li>Manuten\u00e7\u00e3o do parquinho e bancos de concreto na Vila Nossa Senhora de F\u00e1tima<\/li><li>Manuten\u00e7\u00e3o do parquinho infantil, recupera\u00e7\u00e3o do pergolado e instala\u00e7\u00e3o do alambrado em pra\u00e7a do Vale do Amanhecer<\/li><li>Recupera\u00e7\u00e3o do pergolado no Est\u00e2ncia Mestre D\u2019armas<\/li><li>Recupera\u00e7\u00e3o do pergolado, instala\u00e7\u00e3o de banco de concreto e manuten\u00e7\u00e3o do piso na \u00e1rea do pergolado no Est\u00e2ncia 5<\/li><\/ul>\n","protected":false},"excerpt":{"rendered":"<p>Governo recupera espa\u00e7os p\u00fablicos em sete bairros da cidade. Comunidade vai ganhar pelo menos mais cinco novas \u00e1reas para a crian\u00e7adaRAFAEL SECUNHO, DA AG\u00caNCIA BRAS\u00cdLIA I EDI\u00c7\u00c3O: D\u00c9BORA CRONEMBERGER&nbsp; Os \u00faltimos dois meses foram de trabalho intenso em Planaltina para a recupera\u00e7\u00e3o de diversos espa\u00e7os de lazer de uso da comunidade. Um investimento de cerca [&hellip;]<\/p>\n","protected":false},"author":1,"featured_media":0,"comment_status":"open","ping_status":"open","sticky":false,"template":"","format":"standard","meta":{"footnotes":""},"categories":[],"tags":[],"class_list":["post-5375","post","type-post","status-publish","format-standard","hentry"],"_links":{"self":[{"href":"https:\/\/aguaslindasnoticias.com.br\/index.php\/wp-json\/wp\/v2\/posts\/5375","targetHints":{"allow":["GET"]}}],"collection":[{"href":"https:\/\/aguaslindasnoticias.com.br\/index.php\/wp-json\/wp\/v2\/posts"}],"about":[{"href":"https:\/\/aguaslindasnoticias.com.br\/index.php\/wp-json\/wp\/v2\/types\/post"}],"author":[{"embeddable":true,"href":"https:\/\/aguaslindasnoticias.com.br\/index.php\/wp-json\/wp\/v2\/users\/1"}],"replies":[{"embeddable":true,"href":"https:\/\/aguaslindasnoticias.com.br\/index.php\/wp-json\/wp\/v2\/comments?post=5375"}],"version-history":[{"count":0,"href":"https:\/\/aguaslindasnoticias.com.br\/index.php\/wp-json\/wp\/v2\/posts\/5375\/revisions"}],"wp:attachment":[{"href":"https:\/\/aguaslindasnoticias.com.br\/index.php\/wp-json\/wp\/v2\/media?parent=5375"}],"wp:term":[{"taxonomy":"category","embeddable":true,"href":"https:\/\/aguaslindasnoticias.com.br\/index.php\/wp-json\/wp\/v2\/categories?post=5375"},{"taxonomy":"post_tag","embeddable":true,"href":"https:\/\/aguaslindasnoticias.com.br\/index.php\/wp-json\/wp\/v2\/tags?post=5375"}],"curies":[{"name":"wp","href":"https:\/\/api.w.org\/{rel}","templated":true}]}}