{"id":5373,"date":"2023-01-04T10:12:33","date_gmt":"2023-01-04T13:12:33","guid":{"rendered":"https:\/\/aguaslindasnoticias.com.br\/index.php\/2023\/01\/04\/semana-de-prevencao-das-ists-oferece-testagem-e-tratamento\/"},"modified":"2023-01-04T10:12:33","modified_gmt":"2023-01-04T13:12:33","slug":"semana-de-prevencao-das-ists-oferece-testagem-e-tratamento","status":"publish","type":"post","link":"https:\/\/aguaslindasnoticias.com.br\/index.php\/2023\/01\/04\/semana-de-prevencao-das-ists-oferece-testagem-e-tratamento\/","title":{"rendered":"Semana de Preven\u00e7\u00e3o das ISTs oferece testagem e tratamento"},"content":{"rendered":"\n<h2 class=\"wp-block-heading\">Mobiliza\u00e7\u00e3o antecede a campanha Dezembro Vermelho, que tem como foco a conscientiza\u00e7\u00e3o sobre HIV\/Aids<\/h2>\n\n\n\n<p>AG\u00caNCIA BRAS\u00cdLIA* | EDI\u00c7\u00c3O: CHICO NETO<a href=\"https:\/\/www.facebook.com\/sharer.php?u=https:\/\/www.agenciabrasilia.df.gov.br\/2021\/11\/29\/semana-de-prevencao-das-ists-oferece-testagem-e-tratamento\/\" target=\"_blank\" rel=\"noreferrer noopener\"><\/a><a href=\"https:\/\/twitter.com\/intent\/tweet?source=agenciabrasilia&amp;text=Semana%20de%20Preven%C3%A7%C3%A3o%20das%20ISTs%20oferece%20testagem%20e%20tratamento&amp;url=https:\/\/www.agenciabrasilia.df.gov.br\/2021\/11\/29\/semana-de-prevencao-das-ists-oferece-testagem-e-tratamento\/&amp;via=AgenciaBrasilia\" target=\"_blank\" rel=\"noreferrer noopener\"><\/a><\/p>\n\n\n\n<p>Desta segunda-feira (29) a 3 de dezembro, a Secretaria de Sa\u00fade (SES) promove a Semana Distrital de Preven\u00e7\u00e3o das Infec\u00e7\u00f5es Sexualmente Transmiss\u00edveis (ISTs). A a\u00e7\u00e3o antecede a campanha Dezembro Vermelho, criada para destacar a import\u00e2ncia da preven\u00e7\u00e3o contra&nbsp; HIV\/Aids.<\/p>\n\n\n\n<p>Apesar dos avan\u00e7os, a doen\u00e7a ainda constitui grave problema de sa\u00fade p\u00fablica no Brasil e no mundo, raz\u00e3o pela qual as autoridades de sa\u00fade prop\u00f5em intensificar as a\u00e7\u00f5es de preven\u00e7\u00e3o em toda a popula\u00e7\u00e3o sexualmente ativa.<\/p>\n\n\n\n<p>\u201cO Sistema \u00danico de Sa\u00fade oferece insumos de preven\u00e7\u00e3o e diagn\u00f3stico em todas as unidades de sa\u00fade, al\u00e9m do tratamento e exames para o monitoramento da evolu\u00e7\u00e3o da doen\u00e7a\u201d, explica a gerente de Vigil\u00e2ncia de Infec\u00e7\u00f5es Sexualmente Transmiss\u00edveis, Beatriz Maciel Luz. Ela lembra que h\u00e1 v\u00e1rias medidas preventivas dispon\u00edveis, como preservativos penianos e vaginais, gel lubrificante, medicamentos profil\u00e1ticos pr\u00e9 e p\u00f3s-exposi\u00e7\u00e3o, testagem r\u00e1pida, autoteste para HIV e tratamento precoce. Tamb\u00e9m est\u00e1 dispon\u00edvel o tratamento para outras ISTs que s\u00e3o porta de entrada para o v\u00edrus, como a s\u00edfilis.<\/p>\n\n\n\n<figure class=\"wp-block-image\"><img decoding=\"async\" src=\"http:\/\/agenciabrasilia.df.gov.br\/wp-conteudo\/uploads\/2021\/11\/29.11.-Semana-de-Preven%C3%A7%C3%A3o.-Arte-Divulga%C3%A7%C3%A3o-SES.-DEZEMBRO_VERM.png\" alt=\"\" class=\"wp-image-357488\"\/><figcaption>Artes: Divulga\u00e7\u00e3o\/Ag\u00eancia Sa\u00fade<\/figcaption><\/figure>\n\n\n\n<p><strong>Unidades b\u00e1sicas de sa\u00fade<br><\/strong><br>Al\u00e9m dos preservativos, as unidades b\u00e1sicas de sa\u00fade (UBSs) promovem outras a\u00e7\u00f5es. \u201cNas UBSs s\u00e3o realizados aconselhamentos pr\u00e9 e p\u00f3s-testagem para HIV, bem como o teste r\u00e1pido para HIV\u201d, explica o coordenador da Aten\u00e7\u00e3o Prim\u00e1ria, Jos\u00e9 Eudes Barroso. \u201cTamb\u00e9m s\u00e3o ofertadas atividades de educa\u00e7\u00e3o em sa\u00fade para preven\u00e7\u00e3o \u00e0s Infec\u00e7\u00f5es Sexualmente Transmiss\u00edveis [ISTs], entre elas o HIV, tanto nas unidades b\u00e1sicas de sa\u00fade como nas escolas que fazem parte do territ\u00f3rio das equipes de Estrat\u00e9gia de Sa\u00fade da Fam\u00edlia [ESF]\u201d.<\/p>\n\n\n\n<div class=\"wp-block-image\"><figure class=\"aligncenter\"><img decoding=\"async\" src=\"http:\/\/agenciabrasilia.df.gov.br\/wp-conteudo\/uploads\/2021\/11\/29.11.-Semana-de-Preven%C3%A7%C3%A3o.-Arte-Divulga%C3%A7%C3%A3o-SES.-DEZ_VERM.png\" alt=\"\" class=\"wp-image-357489\"\/><\/figure><\/div>\n\n\n\n<p>A campanha Dezembro Vermelho tem como objetivo sensibilizar a popula\u00e7\u00e3o sobre como prevenir a infec\u00e7\u00e3o pelo v\u00edrus HIV, fazer o teste para detec\u00e7\u00e3o da doen\u00e7a e realizar o tratamento caso o resultado do exame seja positivo. O tratamento est\u00e1 dispon\u00edvel em 11 pontos no DF (<em>veja arte acima<\/em>).<\/p>\n\n\n\n<p><strong>Leia tamb\u00e9m<\/strong><a href=\"https:\/\/www.agenciabrasilia.df.gov.br\/2021\/11\/25\/dezembro-vermelho-lembra-importancia-da-prevencao-ao-hiv\/\" target=\"_blank\" rel=\"noreferrer noopener\"><strong>Dezembro Vermelho lembra import\u00e2ncia da preven\u00e7\u00e3o ao HIV<\/strong><\/a><\/p>\n\n\n\n<p>Acesse o&nbsp;<a href=\"https:\/\/info.saude.df.gov.br\/area-tecnica\/atencao-primaria-estabelecimentos-saude\/\" target=\"_blank\" rel=\"noreferrer noopener\">Portal Info Sa\u00fade-DF<\/a>&nbsp;e consulte a rela\u00e7\u00e3o de todas as unidades b\u00e1sicas de sa\u00fade do Distrito Federal.<\/p>\n\n\n\n<p>Para informa\u00e7\u00f5es sobre o cen\u00e1rio epidemiol\u00f3gico de HIV\/Aids no DF, acesse a&nbsp;<a href=\"https:\/\/www.saude.df.gov.br\/campanha-dezembro-vermelho-2021\/\" target=\"_blank\" rel=\"noreferrer noopener\">p\u00e1gina da campanha<\/a>&nbsp;Dezembro Vermelho.<\/p>\n\n\n\n<p>*<em>Com informa\u00e7\u00f5es da Secretaria de Sa\u00fade<\/em><\/p>\n","protected":false},"excerpt":{"rendered":"<p>Mobiliza\u00e7\u00e3o antecede a campanha Dezembro Vermelho, que tem como foco a conscientiza\u00e7\u00e3o sobre HIV\/Aids AG\u00caNCIA BRAS\u00cdLIA* | EDI\u00c7\u00c3O: CHICO NETO Desta segunda-feira (29) a 3 de dezembro, a Secretaria de Sa\u00fade (SES) promove a Semana Distrital de Preven\u00e7\u00e3o das Infec\u00e7\u00f5es Sexualmente Transmiss\u00edveis (ISTs). A a\u00e7\u00e3o antecede a campanha Dezembro Vermelho, criada para destacar a import\u00e2ncia [&hellip;]<\/p>\n","protected":false},"author":1,"featured_media":0,"comment_status":"open","ping_status":"open","sticky":false,"template":"","format":"standard","meta":{"footnotes":""},"categories":[],"tags":[],"class_list":["post-5373","post","type-post","status-publish","format-standard","hentry"],"_links":{"self":[{"href":"https:\/\/aguaslindasnoticias.com.br\/index.php\/wp-json\/wp\/v2\/posts\/5373","targetHints":{"allow":["GET"]}}],"collection":[{"href":"https:\/\/aguaslindasnoticias.com.br\/index.php\/wp-json\/wp\/v2\/posts"}],"about":[{"href":"https:\/\/aguaslindasnoticias.com.br\/index.php\/wp-json\/wp\/v2\/types\/post"}],"author":[{"embeddable":true,"href":"https:\/\/aguaslindasnoticias.com.br\/index.php\/wp-json\/wp\/v2\/users\/1"}],"replies":[{"embeddable":true,"href":"https:\/\/aguaslindasnoticias.com.br\/index.php\/wp-json\/wp\/v2\/comments?post=5373"}],"version-history":[{"count":0,"href":"https:\/\/aguaslindasnoticias.com.br\/index.php\/wp-json\/wp\/v2\/posts\/5373\/revisions"}],"wp:attachment":[{"href":"https:\/\/aguaslindasnoticias.com.br\/index.php\/wp-json\/wp\/v2\/media?parent=5373"}],"wp:term":[{"taxonomy":"category","embeddable":true,"href":"https:\/\/aguaslindasnoticias.com.br\/index.php\/wp-json\/wp\/v2\/categories?post=5373"},{"taxonomy":"post_tag","embeddable":true,"href":"https:\/\/aguaslindasnoticias.com.br\/index.php\/wp-json\/wp\/v2\/tags?post=5373"}],"curies":[{"name":"wp","href":"https:\/\/api.w.org\/{rel}","templated":true}]}}