{"id":5372,"date":"2023-01-04T10:12:33","date_gmt":"2023-01-04T13:12:33","guid":{"rendered":"https:\/\/aguaslindasnoticias.com.br\/index.php\/2023\/01\/04\/refis-2021-e-enviado-para-a-camara-legislativa\/"},"modified":"2023-01-04T10:12:33","modified_gmt":"2023-01-04T13:12:33","slug":"refis-2021-e-enviado-para-a-camara-legislativa","status":"publish","type":"post","link":"https:\/\/aguaslindasnoticias.com.br\/index.php\/2023\/01\/04\/refis-2021-e-enviado-para-a-camara-legislativa\/","title":{"rendered":"Refis 2021 \u00e9 enviado para a C\u00e2mara Legislativa"},"content":{"rendered":"\n<p><\/p>\n\n\n\n<h2 class=\"wp-block-heading\">Secretaria de Economia quer renegociar d\u00e9bitos entre janeiro e mar\u00e7o de 2022 como forma de sanear as contas das empresas<\/h2>\n\n\n\n<p>AGENCIA BRAS\u00cdLIA * I EDI\u00c7\u00c3O: CAROLINA JARDON<a href=\"https:\/\/www.facebook.com\/sharer.php?u=https:\/\/www.agenciabrasilia.df.gov.br\/2021\/11\/29\/refis-2021-e-enviado-para-a-camara-legislativa\/\" target=\"_blank\" rel=\"noreferrer noopener\"><\/a><a href=\"https:\/\/twitter.com\/intent\/tweet?source=agenciabrasilia&amp;text=Refis%202021%20%C3%A9%20enviado%20para%20a%20C%C3%A2mara%20Legislativa&amp;url=https:\/\/www.agenciabrasilia.df.gov.br\/2021\/11\/29\/refis-2021-e-enviado-para-a-camara-legislativa\/&amp;via=AgenciaBrasilia\" target=\"_blank\" rel=\"noreferrer noopener\"><\/a><\/p>\n\n\n\n<p>O Governo do Distrito Federal enviou para a C\u00e2mara Legislativa o Projeto de Lei Complementar para implementar o Programa de Incentivo \u00e0 Regulariza\u00e7\u00e3o Fiscal do Distrito Federal (Refis 2021). A proposta, elaborada pela Secretaria de Economia, faz parte do Pro-Economia II e traz uma nova chance para pessoas f\u00edsicas e jur\u00eddicas renegociarem seus d\u00e9bitos com o GDF.<\/p>\n\n\n\n<blockquote class=\"wp-block-quote is-layout-flow wp-block-quote-is-layout-flow\"><p>Pela primeira vez, o GDF concedeu descontos tanto no valor principal da d\u00edvida quanto em juros e multas, que chegaram a at\u00e9 95%<\/p><\/blockquote>\n\n\n\n<p>A abertura de um novo Refis j\u00e1 foi aprovada pelo Conselho Nacional de Pol\u00edtica Fazend\u00e1ria (Confaz). O projeto, enviado para a an\u00e1lise dos deputados distritais, homologa o Conv\u00eanio ICMS 190, de 20 de outubro de 2021, que altera o Conv\u00eanio ICMS 155, de 10 de outubro de 2019.<\/p>\n\n\n\n<p>\u201cO objetivo do Refis 2021 \u00e9 abarcar situa\u00e7\u00f5es que surgiram durante a pandemia e ajudar as empresas e os cidad\u00e3os a regularizarem sua situa\u00e7\u00e3o, voltarem a investir e assim movimentarem a economia\u201d, afirma o secret\u00e1rio de Economia, Andr\u00e9 Clemente.<\/p>\n\n\n\n<p>Assim como o Refis 2021, a maior parte das 34 medidas do Pr\u00f3-Economia II depende de aprova\u00e7\u00e3o da C\u00e2mara Legislativa. \u201cEstamos confiantes de que, assim como na primeira etapa do Pr\u00f3-Economia, os deputados distritais aprovar\u00e3o as nossas propostas, pois sabem da import\u00e2ncia para o setor produtivo e para os cidad\u00e3os. A C\u00e2mara Legislativa tem se mostrado muito sens\u00edvel \u00e0s pautas priorit\u00e1rias para nossa cidade\u201d, acredita Andr\u00e9 Clemente.<\/p>\n\n\n\n<p>Entre novembro de 2020 e mar\u00e7o deste ano, o Refis 2020 alcan\u00e7ou n\u00fameros expressivos. O mais arrojado programa de renegocia\u00e7\u00e3o de d\u00edvidas da hist\u00f3ria do DF alcan\u00e7ou o montante de R$ 3,125 bilh\u00f5es refinanciados. Foram 41.307 Pessoas F\u00edsicas e 11.317 Pessoas Jur\u00eddicas beneficiadas pelo programa.<\/p>\n\n\n\n<p>Pela primeira vez, o GDF concedeu descontos tanto no valor principal da d\u00edvida quanto em juros e multas, que chegaram a at\u00e9 95%. Puderam ser renegociadas d\u00edvidas relativas a ICMS, Simples Candango, ISS, IPTU, IPVA, ITBI, ITCD, Taxa de Limpeza P\u00fablica, al\u00e9m de d\u00e9bitos n\u00e3o tribut\u00e1rios.<\/p>\n\n\n\n<p>Desta vez, a Secretaria de Economia prev\u00ea que as negocia\u00e7\u00f5es aconte\u00e7am entre 10 de janeiro e 31 de mar\u00e7o de 2022, com a regulariza\u00e7\u00e3o de d\u00e9bitos oriundos de declara\u00e7\u00f5es espont\u00e2neas ou lan\u00e7amentos de of\u00edcio cujos fatos geradores tenham ocorrido at\u00e9 31 de dezembro de 2020; al\u00e9m de saldos de parcelamentos deferidos referentes a fatos geradores ocorridos at\u00e9 a mesma data.<\/p>\n\n\n\n<blockquote class=\"wp-block-quote is-layout-flow wp-block-quote-is-layout-flow\"><p>O Refis 2021 \u00e9 mais uma medida para reaquecimento da economia e mitiga\u00e7\u00e3o dos efeitos da pandemia<\/p><\/blockquote>\n\n\n\n<p>O Refis 2021 conceder\u00e1 descontos nos mesmos termos do programa anterior, com negocia\u00e7\u00f5es relativas a ICMS, Simples Candango, ISS (incluindo profissionais aut\u00f4nomos e sociedades uniprofissionais), IPTU, IPVA, ITBI, ITCD, Taxa de Limpeza P\u00fablica, al\u00e9m de d\u00e9bitos n\u00e3o tribut\u00e1rios.<\/p>\n\n\n\n<p><strong>As redu\u00e7\u00f5es tamb\u00e9m permanecem as mesmas, limitadas a valores de at\u00e9 R$ 100 milh\u00f5es:<\/strong><\/p>\n\n\n\n<p>1. Redu\u00e7\u00e3o do valor principal do imposto atualizado nas seguintes propor\u00e7\u00f5es:<br>a) 50% do seu valor para d\u00e9bitos inscritos em d\u00edvida ativa at\u00e9 31 de dezembro de 2002;<br>b) 40% do seu valor para d\u00e9bitos inscritos em d\u00edvida ativa entre 1\u00b0 de janeiro de 2003 e 31 de dezembro de 2008;<br>c) 30% do seu valor para d\u00e9bitos inscritos em d\u00edvida ativa entre 1\u00b0 de janeiro de 2009 e 31 de dezembro de 2012.<\/p>\n\n\n\n<p>2. Redu\u00e7\u00e3o de juros e multas, inclusive as de car\u00e1ter morat\u00f3rio, nas seguintes propor\u00e7\u00f5es:<br>a) 95% do seu valor, para pagamento \u00e0 vista ou em at\u00e9 5 parcelas;<br>b) 90% do seu valor, para pagamento em 6 a 12 parcelas;<br>c) 80% do seu valor, para pagamento em 13 a 24 parcelas;<br>d) 70% do seu valor, para pagamento em 25 a 36 parcelas;<br>e) 60% do seu valor, para pagamento em 37 a 48 parcelas;<br>f) 55% do seu valor, para pagamento em 49 a 60 parcelas; e<br>g) 50% do seu valor, para pagamento em 61 a 120 parcelas.<\/p>\n\n\n\n<p>O Refis 2021 \u00e9 mais uma medida para reaquecimento da economia e mitiga\u00e7\u00e3o dos efeitos da pandemia. Al\u00e9m de proporcionar o saneamento fiscal de empresas e profissionais, o que possibilita a gera\u00e7\u00e3o de emprego, renda e arrecada\u00e7\u00e3o, as negocia\u00e7\u00f5es dos d\u00e9bitos trazem a possibilidade de recupera\u00e7\u00e3o de cr\u00e9ditos de dif\u00edcil recebimento por parte do governo, o que \u00e9 revertido em investimentos p\u00fablicos em obras e servi\u00e7os de qualidade para a popula\u00e7\u00e3o. Para se ter uma ideia, o Refis 2020 j\u00e1 injetou mais de R$ 671 milh\u00f5es nos caixas do GDF.<\/p>\n\n\n\n<p>A Secretaria de Economia estima que cerca de 90 mil pessoas jur\u00eddicas e outras 388 mil pessoas f\u00edsicas est\u00e3o aptas a participar do Refis 2021. A expectativa \u00e9 de que R$ 1,5 bilh\u00e3o em d\u00e9bitos sejam renegociados nesta nova edi\u00e7\u00e3o do Refis.<\/p>\n\n\n\n<p><em>* Com informa\u00e7\u00f5es da Secretaria de Economia<\/em><\/p>\n","protected":false},"excerpt":{"rendered":"<p>Secretaria de Economia quer renegociar d\u00e9bitos entre janeiro e mar\u00e7o de 2022 como forma de sanear as contas das empresas AGENCIA BRAS\u00cdLIA * I EDI\u00c7\u00c3O: CAROLINA JARDON O Governo do Distrito Federal enviou para a C\u00e2mara Legislativa o Projeto de Lei Complementar para implementar o Programa de Incentivo \u00e0 Regulariza\u00e7\u00e3o Fiscal do Distrito Federal (Refis [&hellip;]<\/p>\n","protected":false},"author":1,"featured_media":0,"comment_status":"open","ping_status":"open","sticky":false,"template":"","format":"standard","meta":{"footnotes":""},"categories":[],"tags":[],"class_list":["post-5372","post","type-post","status-publish","format-standard","hentry"],"_links":{"self":[{"href":"https:\/\/aguaslindasnoticias.com.br\/index.php\/wp-json\/wp\/v2\/posts\/5372","targetHints":{"allow":["GET"]}}],"collection":[{"href":"https:\/\/aguaslindasnoticias.com.br\/index.php\/wp-json\/wp\/v2\/posts"}],"about":[{"href":"https:\/\/aguaslindasnoticias.com.br\/index.php\/wp-json\/wp\/v2\/types\/post"}],"author":[{"embeddable":true,"href":"https:\/\/aguaslindasnoticias.com.br\/index.php\/wp-json\/wp\/v2\/users\/1"}],"replies":[{"embeddable":true,"href":"https:\/\/aguaslindasnoticias.com.br\/index.php\/wp-json\/wp\/v2\/comments?post=5372"}],"version-history":[{"count":0,"href":"https:\/\/aguaslindasnoticias.com.br\/index.php\/wp-json\/wp\/v2\/posts\/5372\/revisions"}],"wp:attachment":[{"href":"https:\/\/aguaslindasnoticias.com.br\/index.php\/wp-json\/wp\/v2\/media?parent=5372"}],"wp:term":[{"taxonomy":"category","embeddable":true,"href":"https:\/\/aguaslindasnoticias.com.br\/index.php\/wp-json\/wp\/v2\/categories?post=5372"},{"taxonomy":"post_tag","embeddable":true,"href":"https:\/\/aguaslindasnoticias.com.br\/index.php\/wp-json\/wp\/v2\/tags?post=5372"}],"curies":[{"name":"wp","href":"https:\/\/api.w.org\/{rel}","templated":true}]}}