{"id":5370,"date":"2023-01-04T10:12:33","date_gmt":"2023-01-04T13:12:33","guid":{"rendered":"https:\/\/aguaslindasnoticias.com.br\/index.php\/2023\/01\/04\/cldf-celebra-33-anos-do-sinpol-df-que-reivindica-valorizacao-aos-policiais-civis\/"},"modified":"2023-01-04T10:12:33","modified_gmt":"2023-01-04T13:12:33","slug":"cldf-celebra-33-anos-do-sinpol-df-que-reivindica-valorizacao-aos-policiais-civis","status":"publish","type":"post","link":"https:\/\/aguaslindasnoticias.com.br\/index.php\/2023\/01\/04\/cldf-celebra-33-anos-do-sinpol-df-que-reivindica-valorizacao-aos-policiais-civis\/","title":{"rendered":"CLDF celebra 33 anos do Sinpol-DF, que reivindica valoriza\u00e7\u00e3o aos policiais civis"},"content":{"rendered":"\n<p>Foto: S\u00edlvio Abdon\/CLDF<\/p>\n\n\n\n<figure class=\"wp-block-image\"><img decoding=\"async\" src=\"https:\/\/www.cl.df.gov.br\/documents\/10162\/25313666\/2111167SA+%2813%29.jpg\/5db4099e-d2f2-bef8-b1f1-2ce40b593881?t=1637959648844\" alt=\"O autor da homenagem aos policiais civis foi o deputado Cl\u00e1udio Abrantes, que integra a corpora\u00e7\u00e3o\"\/><\/figure>\n\n\n\n<p>O autor da homenagem aos policiais civis foi o deputado Cl\u00e1udio Abrantes, que integra a corpora\u00e7\u00e3o<\/p>\n\n\n\n<p>A C\u00e2mara Legislativa celebrou os 33 anos do Sindicato dos Policiais Civis da Pol\u00edcia Civil do Distrito Federal (Sinpol-DF) em sess\u00e3o solene no plen\u00e1rio da Casa na tarde desta sexta-feira (26), transmitida ao vivo pela TV Distrital (canal 9.3) e pelo&nbsp;<a href=\"https:\/\/www.youtube.com\/watch?v=Y9ai7o6egRI&amp;list=PLgjufDVoPk_NJlqfd9x5KyI80FcsTb1eW&amp;index=1\">Youtube<\/a>. O autor da homenagem, deputado&nbsp;<a href=\"https:\/\/www.cl.df.gov.br\/web\/guest\/claudio-abrantes-2019-2022\">Claudio Abrantes<\/a>&nbsp;(PDT), cumprimentou a institui\u00e7\u00e3o pelos servi\u00e7os em defesa da Pol\u00edcia Civil do DF (PCDF). \u201c\u00c9 um sindicato de luta, marcado na hist\u00f3ria por a\u00e7\u00f5es inteligentes e capazes, que, de forma contundente, ajudou a transformar nossa categoria numa das mais reconhecidas do Pa\u00eds\u201d, afirmou Abrantes, que integra a corpora\u00e7\u00e3o.<\/p>\n\n\n\n<p>O parlamentar salientou a atua\u00e7\u00e3o da PCDF \u201cn\u00e3o apenas ao longo de sua hist\u00f3ria honrosa, mas sobretudo nos \u00faltimos tempos, quando a Pol\u00edcia Civil, mesmo com baixo efetivo e defasem salarial absurda, bate recordes na apura\u00e7\u00e3o de crimes e tem \u00edndices de aproveitamento de solu\u00e7\u00e3o de homic\u00eddios superiores a qualquer pol\u00edcia do Pa\u00eds\u201d, pontuou, ao argumentar que \u201ca PCDF precisa ser valorizada e reconhecida\u201d.<\/p>\n\n\n\n<p><img decoding=\"async\" width=\"343\" src=\"https:\/\/www.cl.df.gov.br\/documents\/10162\/25313666\/2111167SA+%286%29.jpg\/b9a9d703-5d54-dc48-b3d2-ccc8a4834dd7?t=1637959647902\">No cen\u00e1rio de celebra\u00e7\u00e3o, o distrital destacou a import\u00e2ncia dos policiais em atua\u00e7\u00e3o, \u201ca ess\u00eancia da institui\u00e7\u00e3o\u201d, e seus defensores. Nesse sentido, ele fez um reconhecimento especial ao ex-governador Joaquim Roriz (1936-2018), \u201cuma das personalidades pol\u00edticas que mais lutou pela Pol\u00edcia Civil\u201d, e agradeceu&nbsp;a presen\u00e7a de seus familiares na solenidade. A vi\u00fava do ex-governador, Weslian Roriz, relembrou o \u201ccarinho\u201d de Roriz&nbsp;pela corpora\u00e7\u00e3o.<\/p>\n\n\n\n<p>Ao relatar as lutas pela categoria no Congresso Nacional, os deputados federais Celina Le\u00e3o (PP-DF) e Luis Miranda (DEM-DF) destacaram o plano de sa\u00fade para os policiais civis, vetado pelo presidente Bolsonaro.&nbsp;\u201cPrecisamos dar o que \u00e9 justo para os policiais civis\u201d, argumentou Celina, que disse acreditar na derrubada do veto por aquela Casa. Miranda, por sua vez, descreveu as dificuldades para conquistar o aumento de \u201cm\u00edseros 8%\u201d para a categoria.<\/p>\n\n\n\n<p><strong>Reconhecimento e valoriza\u00e7\u00e3o<\/strong><\/p>\n\n\n\n<p>Ao agradecer a homenagem, o presidente do Sinpol-DF, Alex Galv\u00e3o, lembrou os mais de 60 policiais que faleceram no \u00faltimo ano, muitos deles em decorr\u00eancia da Covid-19.&nbsp;Ele reivindicou &#8220;reconhecimento e valoriza\u00e7\u00e3o&#8221; para a categoria.<\/p>\n\n\n\n<p>Segundo Galv\u00e3o, embora haja defasagem de 55% no quadro de pessoal, a PCDF det\u00e9m o maior \u00edndice de solu\u00e7\u00e3o de homic\u00eddios no Pa\u00eds, com 92%. Como resultado da sobrecarga de trabalho, os policiais adoecem cada dia mais, descreveu, ao elencar ansiedade, ins\u00f4nia e depress\u00e3o. O presidente pleiteou tamb\u00e9m recomposi\u00e7\u00e3o salarial para a categoria em virtude da \u201cmiss\u00e3o gigante\u201d dos policiais.<\/p>\n\n\n\n<p>Galv\u00e3o citou nominalmente policiais que se destacaram em suas \u00e1reas de atua\u00e7\u00e3o na PCDF. Em reconhecimento, o deputado Abrantes entregou-lhes medalhas e mo\u00e7\u00f5es de louvor, e prestou homenagem p\u00f3stuma ao policial Renato de Oliveira Souza.<\/p>\n\n\n\n<p><strong>Franci Moraes &#8211; Ag\u00eancia CLDF<\/strong><\/p>\n","protected":false},"excerpt":{"rendered":"<p>Foto: S\u00edlvio Abdon\/CLDF O autor da homenagem aos policiais civis foi o deputado Cl\u00e1udio Abrantes, que integra a corpora\u00e7\u00e3o A C\u00e2mara Legislativa celebrou os 33 anos do Sindicato dos Policiais Civis da Pol\u00edcia Civil do Distrito Federal (Sinpol-DF) em sess\u00e3o solene no plen\u00e1rio da Casa na tarde desta sexta-feira (26), transmitida ao vivo pela TV [&hellip;]<\/p>\n","protected":false},"author":1,"featured_media":0,"comment_status":"open","ping_status":"open","sticky":false,"template":"","format":"standard","meta":{"footnotes":""},"categories":[],"tags":[],"class_list":["post-5370","post","type-post","status-publish","format-standard","hentry"],"_links":{"self":[{"href":"https:\/\/aguaslindasnoticias.com.br\/index.php\/wp-json\/wp\/v2\/posts\/5370","targetHints":{"allow":["GET"]}}],"collection":[{"href":"https:\/\/aguaslindasnoticias.com.br\/index.php\/wp-json\/wp\/v2\/posts"}],"about":[{"href":"https:\/\/aguaslindasnoticias.com.br\/index.php\/wp-json\/wp\/v2\/types\/post"}],"author":[{"embeddable":true,"href":"https:\/\/aguaslindasnoticias.com.br\/index.php\/wp-json\/wp\/v2\/users\/1"}],"replies":[{"embeddable":true,"href":"https:\/\/aguaslindasnoticias.com.br\/index.php\/wp-json\/wp\/v2\/comments?post=5370"}],"version-history":[{"count":0,"href":"https:\/\/aguaslindasnoticias.com.br\/index.php\/wp-json\/wp\/v2\/posts\/5370\/revisions"}],"wp:attachment":[{"href":"https:\/\/aguaslindasnoticias.com.br\/index.php\/wp-json\/wp\/v2\/media?parent=5370"}],"wp:term":[{"taxonomy":"category","embeddable":true,"href":"https:\/\/aguaslindasnoticias.com.br\/index.php\/wp-json\/wp\/v2\/categories?post=5370"},{"taxonomy":"post_tag","embeddable":true,"href":"https:\/\/aguaslindasnoticias.com.br\/index.php\/wp-json\/wp\/v2\/tags?post=5370"}],"curies":[{"name":"wp","href":"https:\/\/api.w.org\/{rel}","templated":true}]}}