{"id":5369,"date":"2023-01-04T10:12:33","date_gmt":"2023-01-04T13:12:33","guid":{"rendered":"https:\/\/aguaslindasnoticias.com.br\/index.php\/2023\/01\/04\/codevasf-recebe-da-camara-legislativa-o-selo-empresa-amiga-da-primeira-infancia\/"},"modified":"2023-01-04T10:12:33","modified_gmt":"2023-01-04T13:12:33","slug":"codevasf-recebe-da-camara-legislativa-o-selo-empresa-amiga-da-primeira-infancia","status":"publish","type":"post","link":"https:\/\/aguaslindasnoticias.com.br\/index.php\/2023\/01\/04\/codevasf-recebe-da-camara-legislativa-o-selo-empresa-amiga-da-primeira-infancia\/","title":{"rendered":"Codevasf recebe da C\u00e2mara Legislativa o Selo Empresa Amiga da Primeira Inf\u00e2ncia"},"content":{"rendered":"\n<p>Foto: Divulga\u00e7\u00e3o<\/p>\n\n\n\n<figure class=\"wp-block-image\"><img decoding=\"async\" src=\"https:\/\/www.cl.df.gov.br\/documents\/21991200\/25309922\/IMG-20211125-WA0038.jpg\/6d4d7cb0-537e-5de7-3d86-8e6a568e25d1?t=1637868833895\" alt=\"O Selo, que est\u00e1 em sua terceira edi\u00e7\u00e3o, \u00e9 dado a empresas que incentivam pr\u00e1ticas voltadas aos cuidados com a primeira inf\u00e2ncia\"\/><\/figure>\n\n\n\n<p>O Selo, que est\u00e1 em sua terceira edi\u00e7\u00e3o, \u00e9 dado a empresas que incentivam pr\u00e1ticas voltadas aos cuidados com a primeira inf\u00e2ncia<\/p>\n\n\n\n<p>A Procuradoria Especial da Mulher da C\u00e2mara Legislativa entregou nesta quinta-feira (25) o Selo Empresa Amiga da Primeira Inf\u00e2ncia \u00e0 Companhia de Desenvolvimento dos Vales do S\u00e3o Francisco e do Parna\u00edba (Codevasf). \u00c9 a terceira&nbsp;vez que a Codevasf recebe o Selo, dado a empresas que incentivam pr\u00e1ticas e ambientes voltados aos cuidados com a primeira inf\u00e2ncia e com os pais.<\/p>\n\n\n\n<p>Para a Procuradora Especial da Mulher, deputada J\u00falia Lucy (Novo) a iniciativa tem incentivado mais empresas a adotarem pr\u00e1ticas de cuidados com a primeira inf\u00e2ncia: \u201cA cada edi\u00e7\u00e3o do Selo Empresa Amiga da Primeira Inf\u00e2ncia vemos mais empresas interessadas em tornar o ambiente cada vez mais acolhedor para m\u00e3es, pais e beb\u00eas. Isso tem melhorado n\u00e3o s\u00f3 a rela\u00e7\u00e3o com o funcion\u00e1rio e dele com a fam\u00edlia, mas tamb\u00e9m a produtividade e a longevidade das pessoas nas empresas\u201d.<\/p>\n\n\n\n<p>Ela&nbsp;tamb\u00e9m parabenizou a Companhia pelo compromisso com a primeira inf\u00e2ncia. \u201cA Codevasf tem se mostrado cada vez mais engajada com a promo\u00e7\u00e3o dos direitos sociais das crian\u00e7as e qualidade de vida de seus empregados e por isso \u00e9 merecedora do Selo\u201d, afirmou a parlamentar.<\/p>\n\n\n\n<p>As empresas ganhadoras do Selo Empresa Amiga da Primeira Inf\u00e2ncia recebem certificado emitido pela C\u00e2mara Legislativa, a ser entregue pela Procuradoria Especial da Mulher, e ficam autorizadas a utilizar a informa\u00e7\u00e3o e a marca gr\u00e1fica do Selo em suas pe\u00e7as publicit\u00e1rias, embalagens de produtos e s\u00edtios eletr\u00f4nicos pelo prazo de um ano.<\/p>\n\n\n\n<p>J\u00falia Lucy (Novo) entregou o Selo ao diretor da \u00c1rea de Revitaliza\u00e7\u00e3o das Bacias Hidrogr\u00e1ficas, Rodrigo Sampaio, ao diretor da \u00c1rea de Desenvolvimento Integrado e Infraestrutura, Rosendo J\u00fanior, e \u00e0 presidente da Comiss\u00e3o do Plano de Gest\u00e3o de Log\u00edstica Sustent\u00e1vel, Marisa Cordeiro.<\/p>\n\n\n\n<p>A Codevasf cumpriu mais de tr\u00eas requisitos do edital, que inclui:<\/p>\n\n\n\n<p>1. Possuir ber\u00e7\u00e1rio para crian\u00e7as de at\u00e9 18 meses de idade no espa\u00e7o das empresas.<br>2. Oferecer seguro de sa\u00fade extens\u00edvel aos filhos de 0 a 6 anos.<br>3. Possuir espa\u00e7o na empresa destinado aos cuidados di\u00e1rios para os filhos de 0 a 3 anos de idade de funcion\u00e1rios ou, conv\u00eanio com creche, desde que apresentado comprova\u00e7\u00e3o do termo de conv\u00eanio assinado pelas partes ou, comprovar a disponibiliza\u00e7\u00e3o de aux\u00edlio-creche.<br>4. Possuir licen\u00e7a paternidade estendida.<br>5. Possuir espa\u00e7o destinado \u00e0 amamenta\u00e7\u00e3o.<br>6. Possuir programas para gestantes para debates de assuntos relacionados \u00e0 gravidez, como pr\u00e9-natal, amamenta\u00e7\u00e3o, banhos e outros cuidados com as crian\u00e7as durante os nove meses de gesta\u00e7\u00e3o.<br>7. Flexibilizar hor\u00e1rios ou incentivar o home-office para funcion\u00e1rios, pais e m\u00e3es, que possuem filhos de 0 a 6 anos a fim de atender as necessidades das crian\u00e7as.<br>8. Fomentar campanhas de ado\u00e7\u00e3o de crian\u00e7as e adolescentes, al\u00e9m de outros incentivos para a a\u00e7\u00e3o.<br>9. Possuir programas que incentivem as funcion\u00e1rias gestantes a realizarem todas as consultas pr\u00e9-natais.<\/p>\n\n\n\n<p><em>* Com informa\u00e7\u00f5es da assessoria da deputada J\u00falia Lucy<\/em><\/p>\n","protected":false},"excerpt":{"rendered":"<p>Foto: Divulga\u00e7\u00e3o O Selo, que est\u00e1 em sua terceira edi\u00e7\u00e3o, \u00e9 dado a empresas que incentivam pr\u00e1ticas voltadas aos cuidados com a primeira inf\u00e2ncia A Procuradoria Especial da Mulher da C\u00e2mara Legislativa entregou nesta quinta-feira (25) o Selo Empresa Amiga da Primeira Inf\u00e2ncia \u00e0 Companhia de Desenvolvimento dos Vales do S\u00e3o Francisco e do Parna\u00edba [&hellip;]<\/p>\n","protected":false},"author":1,"featured_media":0,"comment_status":"open","ping_status":"open","sticky":false,"template":"","format":"standard","meta":{"footnotes":""},"categories":[],"tags":[],"class_list":["post-5369","post","type-post","status-publish","format-standard","hentry"],"_links":{"self":[{"href":"https:\/\/aguaslindasnoticias.com.br\/index.php\/wp-json\/wp\/v2\/posts\/5369","targetHints":{"allow":["GET"]}}],"collection":[{"href":"https:\/\/aguaslindasnoticias.com.br\/index.php\/wp-json\/wp\/v2\/posts"}],"about":[{"href":"https:\/\/aguaslindasnoticias.com.br\/index.php\/wp-json\/wp\/v2\/types\/post"}],"author":[{"embeddable":true,"href":"https:\/\/aguaslindasnoticias.com.br\/index.php\/wp-json\/wp\/v2\/users\/1"}],"replies":[{"embeddable":true,"href":"https:\/\/aguaslindasnoticias.com.br\/index.php\/wp-json\/wp\/v2\/comments?post=5369"}],"version-history":[{"count":0,"href":"https:\/\/aguaslindasnoticias.com.br\/index.php\/wp-json\/wp\/v2\/posts\/5369\/revisions"}],"wp:attachment":[{"href":"https:\/\/aguaslindasnoticias.com.br\/index.php\/wp-json\/wp\/v2\/media?parent=5369"}],"wp:term":[{"taxonomy":"category","embeddable":true,"href":"https:\/\/aguaslindasnoticias.com.br\/index.php\/wp-json\/wp\/v2\/categories?post=5369"},{"taxonomy":"post_tag","embeddable":true,"href":"https:\/\/aguaslindasnoticias.com.br\/index.php\/wp-json\/wp\/v2\/tags?post=5369"}],"curies":[{"name":"wp","href":"https:\/\/api.w.org\/{rel}","templated":true}]}}