{"id":5368,"date":"2023-01-04T10:12:33","date_gmt":"2023-01-04T13:12:33","guid":{"rendered":"https:\/\/aguaslindasnoticias.com.br\/index.php\/2023\/01\/04\/praca-da-republica-e-reinaugurada-com-programacao-especial\/"},"modified":"2023-01-04T10:12:33","modified_gmt":"2023-01-04T13:12:33","slug":"praca-da-republica-e-reinaugurada-com-programacao-especial","status":"publish","type":"post","link":"https:\/\/aguaslindasnoticias.com.br\/index.php\/2023\/01\/04\/praca-da-republica-e-reinaugurada-com-programacao-especial\/","title":{"rendered":"Pra\u00e7a da Rep\u00fablica \u00e9 reinaugurada com programa\u00e7\u00e3o especial"},"content":{"rendered":"\n<h2 class=\"wp-block-heading\">A primeira edi\u00e7\u00e3o da Feira de Cultura e Economia Criativa do Distrito Federal come\u00e7a na quinta (25) e segue at\u00e9 domingo (28), com entrada gratuita<\/h2>\n\n\n\n<p>AG\u00caNCIA BRAS\u00cdLIA* | EDI\u00c7\u00c3O: RENATA LU<a href=\"https:\/\/www.facebook.com\/sharer.php?u=https:\/\/www.agenciabrasilia.df.gov.br\/2021\/11\/24\/praca-da-republica-e-reinaugurada-com-programacao-especial\/\" target=\"_blank\" rel=\"noreferrer noopener\"><\/a><a href=\"https:\/\/twitter.com\/intent\/tweet?source=agenciabrasilia&amp;text=Pra%C3%A7a%20da%20Rep%C3%BAblica%20%C3%A9%20reinaugurada%20com%20programa%C3%A7%C3%A3o%20especial&amp;url=https:\/\/www.agenciabrasilia.df.gov.br\/2021\/11\/24\/praca-da-republica-e-reinaugurada-com-programacao-especial\/&amp;via=AgenciaBrasilia\" target=\"_blank\" rel=\"noreferrer noopener\"><\/a><\/p>\n\n\n\n<p>Uma mistura de sons e linguagens vai tomar conta da Pra\u00e7a do Conjunto Cultural da Rep\u00fablica, que acaba de ser reformada pela Secretaria de Cultura e Economia Criativa. Os servi\u00e7os inclu\u00edram lavagem, limpeza, recupera\u00e7\u00e3o dos espelhos d\u00b4\u00e1gua e pintura dos bancos, num aporte de R$ 187 mil.<\/p>\n\n\n\n<p>A primeira edi\u00e7\u00e3o da Feira de Cultura e Economia Criativa do Distrito Federal (Feicultura) come\u00e7a na quinta-feira (25) e segue at\u00e9 domingo (28). A entrada \u00e9 gratuita. O evento gera 100 empregos diretos e 200 indiretos.<\/p>\n\n\n\n<figure class=\"wp-block-image\"><img decoding=\"async\" src=\"http:\/\/agenciabrasilia.df.gov.br\/wp-conteudo\/uploads\/2021\/11\/WhatsApp-Image-2021-11-24-at-17.44.21.jpeg\" alt=\"\" class=\"wp-image-356280\"\/><figcaption>O ambiente ser\u00e1 preparado para garantir acessibilidade a todo p\u00fablico, incluindo adapta\u00e7\u00f5es e \u00e1reas reservadas para pessoas com defici\u00eancia e idosos | Foto: Divulga\u00e7\u00e3o\/Secec<\/figcaption><\/figure>\n\n\n\n<blockquote class=\"wp-block-quote is-layout-flow wp-block-quote-is-layout-flow\"><p>Na programa\u00e7\u00e3o, manifesta\u00e7\u00f5es art\u00edsticas como teatro infantil, dan\u00e7a, artesanato, gastronomia, moda, cultura afro, conta\u00e7\u00e3o de hist\u00f3rias, literatura, exposi\u00e7\u00f5es, shows, oficinas de empreendedorismo cultural, DJ e fotografia<\/p><\/blockquote>\n\n\n\n<p>\u201c\u00c9 simb\u00f3lica a volta do p\u00fablico aos espa\u00e7os p\u00fablicos ocupados pela arte e cultura. Vale destacar que n\u00f3s vamos seguir todos os protocolos de seguran\u00e7a contra a covid-19\u201d, explica o secret\u00e1rio de Cultura e Economia Criativa, Bartolomeu Rodrigues.<\/p>\n\n\n\n<p>O ambiente ser\u00e1 preparado para garantir acessibilidade a todo p\u00fablico, incluindo adapta\u00e7\u00f5es e \u00e1reas reservadas para pessoas com defici\u00eancia e idosos. Valores sustent\u00e1veis como redu\u00e7\u00e3o do impacto ambiental e empreendedorismo local tamb\u00e9m comp\u00f5em a proposta do evento.<\/p>\n\n\n\n<p>\u201c\u00c9 um evento que traz em si muita esperan\u00e7a. Estamos trazendo de volta agentes culturais que estavam sem apresentar a sua obra h\u00e1 dois anos. Hoje \u00e9 um dia simb\u00f3lico para o setor de entretenimento, porque o governador Ibaneis Rocha editou o decreto de retorno e libera\u00e7\u00e3o dos eventos. Nesse sentido, a Feicultura nasce como um marco ao estimular a cadeia de economia criativa\u201d, destaca o coordenador-geral, Acir Carvalho.<\/p>\n\n\n\n<figure class=\"wp-block-image\"><img decoding=\"async\" src=\"http:\/\/agenciabrasilia.df.gov.br\/wp-conteudo\/uploads\/2021\/11\/WhatsApp-Image-2021-11-24-at-17.44.21-1.jpeg\" alt=\"\" class=\"wp-image-356279\"\/><figcaption>Est\u00e3o confirmados o grupo Samba Urgente, Dig\u00e3o (Raimundos), Philippe Seabra (Plebe Rude), GOG (foto), Bboy Samuka (breakdancer), Turko (grafiteiro), Realleza (rapper e cantora) e Tio Andr\u00e9 (m\u00e1gico), entre outros | Foto: Divulga\u00e7\u00e3o\/Secec<\/figcaption><\/figure>\n\n\n\n<p>A programa\u00e7\u00e3o ser\u00e1 repleta de manifesta\u00e7\u00f5es art\u00edsticas como teatro infantil, dan\u00e7a, artesanato, gastronomia, moda, cultura afro, conta\u00e7\u00e3o de hist\u00f3rias, literatura, exposi\u00e7\u00f5es, oficinas de empreendedorismo cultural, DJ e fotografia, al\u00e9m de shows. As inscri\u00e7\u00f5es das oficinas ser\u00e3o feitas pelo site (ou app) O Que Vem Por A\u00ed.<\/p>\n\n\n\n<p>A Orquestra Sinf\u00f4nica do Teatro Nacional Claudio Santoro (OSTNCS) fecha a programa\u00e7\u00e3o de abertura, \u00e0s 19h.<\/p>\n\n\n\n<p>Est\u00e3o confirmados o grupo Samba Urgente, Dig\u00e3o (Raimundos), Philippe Seabra (Plebe Rude), GOG, Bboy Samuka (breakdancer), Turko (grafiteiro), Realleza (rapper e cantora), Tio Andr\u00e9 (m\u00e1gico) e o Coletivo Cultural Favela Mob, entre outros. As apresenta\u00e7\u00f5es musicais ser\u00e3o transmitidas ao vivo no<a href=\"https:\/\/www.youtube.com\/c\/SececDF\" target=\"_blank\" rel=\"noreferrer noopener\">&nbsp;canal da Secec YouTube.<\/a><\/p>\n\n\n\n<p><strong>Confira a programa\u00e7\u00e3o completa das interven\u00e7\u00f5es art\u00edsticas<\/strong><\/p>\n\n\n\n<p>Quinta-feira (25)<br>15h \u2013 DJ Bola<br>16h \u2013 Cerim\u00f4nia de abertura oficial da feira com a presen\u00e7a da imprensa e autoridades<br>18h \u2013 Apresenta\u00e7\u00e3o de bal\u00e9<br>19h \u2013 Orquestra Sinf\u00f4nica do Teatro Nacional Cl\u00e1udio Santoro<\/p>\n\n\n\n<p>Sexta-feira (26)<br>15h \u2013 DJ Ocimar<br>18h \u2013 Grafite ao vivo com Turko<br>18h \u2013 Roda de capoeira<br>19h \u2013 Apresenta\u00e7\u00e3o de dan\u00e7a com Bboy Samuka<br>20h \u2013 Duelo de rima<br>21h \u2013 GOG e Realleza<\/p>\n\n\n\n<p>S\u00e1bado (27)<br>14h \u2013 Conta\u00e7\u00e3o de hist\u00f3rias<br>15h \u2013 DJ Bola<br>16h \u2013 M\u00e1gico Tio Andr\u00e9<br>19h \u2013 Apresenta\u00e7\u00e3o de dan\u00e7a de gafieira<br>20h \u2013 Valerinho Xavier e grupo Chorando \u00e0 Be\u00e7a<br>21h \u2013 Samba Urgente<\/p>\n\n\n\n<p>Domingo (28)<br>14h \u2013 Conta\u00e7\u00e3o de hist\u00f3rias<br>15h \u2013 DJ Bola<br>16h \u2013 M\u00e1gico Tio Andr\u00e9<br>18h \u2013 Apresenta\u00e7\u00e3o de dan\u00e7a contempor\u00e2nea<br>19h \u2013 Dig\u00e3o (Raimundos) e Philippe Seabra (Plebe Rude)<\/p>\n\n\n\n<p><strong>Confira a programa\u00e7\u00e3o das oficinas<\/strong><\/p>\n\n\n\n<p><strong>Inscri\u00e7\u00f5es<\/strong>:<\/p>\n\n\n\n<p>Fotografia \u2013&nbsp;<a href=\"https:\/\/www.oquevemporai.com\/ingressos\/oficina-de-fotografia-gratuita\/\" target=\"_blank\" rel=\"noreferrer noopener\">Clique aqui<\/a><br>DJ \u2013&nbsp;<a href=\"https:\/\/www.oquevemporai.com\/ingressos\/oficina-de-dj-gratuito\/\" target=\"_blank\" rel=\"noreferrer noopener\">Clique aqui<\/a><br>Empreendedorismo \u2013&nbsp;<a href=\"https:\/\/www.oquevemporai.com\/ingressos\/oficina-de-empreendorismo-gratuito\/\" target=\"_blank\" rel=\"noreferrer noopener\">Clique aqui<\/a><\/p>\n\n\n\n<p>Quinta-feira (25)<br>8h \u2013 Oficina de fotografia<br>10h \u2013 Oficina de DJ<br>10h \u2013 Oficina de empreendedorismo cultural<\/p>\n\n\n\n<p>Sexta-feira (26)<br>8h \u2013 Oficina de fotografia<br>10h \u2013 Oficina de DJ<br>10h \u2013 Oficina de empreendedorismo cultural<\/p>\n\n\n\n<p>S\u00e1bado (27)<br>8h \u2013 Oficina de fotografia<br>10h \u2013 Oficina de DJ<br>10h \u2013 Oficina de empreendedorismo cultural<\/p>\n\n\n\n<p>Domingo (28)<br>8h \u2013 Oficina de fotografia<br>10h \u2013 Oficina de DJ<br>10h \u2013 Oficina de empreendedorismo cultural<\/p>\n\n\n\n<p><strong>Expositores<\/strong><\/p>\n\n\n\n<p>Moda \u2013 Expositores: Sonho e Conforto, N\u00f3s de Amora, Adentro, Moda Fashion<\/p>\n\n\n\n<p>Artesanato e artistas pl\u00e1sticos: Impacto com Papel\u00e3o, FP Quadros em Quilling, Maria Corujice, Zabeli Biscuit e Urakins Biscuit<\/p>\n\n\n\n<p>Literatura: Artesana Jogos Pedag\u00f3gicos, Evaneide Arteira, Sinta Minha Poesia, Salada de Letras, Misabell Bazar, Celeiro Liter\u00e1rio, Academia Aguaslindeses de Letras, Almub, Academia Olhos D\u2019\u00c1gua e Mar\u00edlia Mangueira<\/p>\n\n\n\n<p>Gastronomia: Los Cabrones, Dog do Bart\u00f4, Coffee Bike, Sabor da Bahia, Dr. Crepe, La Bamba, Doce Ninna, Bike Dog Artesanal, Ponto Burger<\/p>\n\n\n\n<p>Cultura Afro: Sal\u00e3o Est\u00fadio \u00c1frica, Ilustra Preto, Somos Mais DF, Mundo Arte Afro, Cristiane Sobral, Meu Espa\u00e7o Sagrado, Toque Africano, Afrikanus \u2013 Roupas e Acess\u00f3rios Afro, Yalod\u00ea Moda \u00c9tnica, Tambor Arte Moda e Produ\u00e7\u00e3o.<\/p>\n\n\n\n<p><strong>Servi\u00e7o<\/strong><br>Primeira edi\u00e7\u00e3o da Feicultura<br>\u00c1rea externa do Museu Nacional da Rep\u00fablica \u2013 Setor de Divers\u00e3o Sul, Eixo Monumental<br>De 25 a 28 de novembro de 2021<br>Hor\u00e1rio de funcionamento: quinta e sexta-feira, 15h \u00e0s 23h; s\u00e1bado, 11h \u00e0s 23h; domingo, 11h \u00e0s 21h<br>Entrada gratuita<br>Mais informa\u00e7\u00f5es: (61) 9 9199-9063 \/ 9 9514-5259<\/p>\n\n\n\n<p><em>*Com informa\u00e7\u00f5es da Secretaria de Cultura e Economia Criativa<\/em><\/p>\n","protected":false},"excerpt":{"rendered":"<p>A primeira edi\u00e7\u00e3o da Feira de Cultura e Economia Criativa do Distrito Federal come\u00e7a na quinta (25) e segue at\u00e9 domingo (28), com entrada gratuita AG\u00caNCIA BRAS\u00cdLIA* | EDI\u00c7\u00c3O: RENATA LU Uma mistura de sons e linguagens vai tomar conta da Pra\u00e7a do Conjunto Cultural da Rep\u00fablica, que acaba de ser reformada pela Secretaria de [&hellip;]<\/p>\n","protected":false},"author":1,"featured_media":0,"comment_status":"open","ping_status":"open","sticky":false,"template":"","format":"standard","meta":{"footnotes":""},"categories":[],"tags":[],"class_list":["post-5368","post","type-post","status-publish","format-standard","hentry"],"_links":{"self":[{"href":"https:\/\/aguaslindasnoticias.com.br\/index.php\/wp-json\/wp\/v2\/posts\/5368","targetHints":{"allow":["GET"]}}],"collection":[{"href":"https:\/\/aguaslindasnoticias.com.br\/index.php\/wp-json\/wp\/v2\/posts"}],"about":[{"href":"https:\/\/aguaslindasnoticias.com.br\/index.php\/wp-json\/wp\/v2\/types\/post"}],"author":[{"embeddable":true,"href":"https:\/\/aguaslindasnoticias.com.br\/index.php\/wp-json\/wp\/v2\/users\/1"}],"replies":[{"embeddable":true,"href":"https:\/\/aguaslindasnoticias.com.br\/index.php\/wp-json\/wp\/v2\/comments?post=5368"}],"version-history":[{"count":0,"href":"https:\/\/aguaslindasnoticias.com.br\/index.php\/wp-json\/wp\/v2\/posts\/5368\/revisions"}],"wp:attachment":[{"href":"https:\/\/aguaslindasnoticias.com.br\/index.php\/wp-json\/wp\/v2\/media?parent=5368"}],"wp:term":[{"taxonomy":"category","embeddable":true,"href":"https:\/\/aguaslindasnoticias.com.br\/index.php\/wp-json\/wp\/v2\/categories?post=5368"},{"taxonomy":"post_tag","embeddable":true,"href":"https:\/\/aguaslindasnoticias.com.br\/index.php\/wp-json\/wp\/v2\/tags?post=5368"}],"curies":[{"name":"wp","href":"https:\/\/api.w.org\/{rel}","templated":true}]}}