{"id":5365,"date":"2023-01-04T10:12:33","date_gmt":"2023-01-04T13:12:33","guid":{"rendered":"https:\/\/aguaslindasnoticias.com.br\/index.php\/2023\/01\/04\/projeto-musicas-nas-feiras-estreia-em-sobradinho\/"},"modified":"2023-01-04T10:12:33","modified_gmt":"2023-01-04T13:12:33","slug":"projeto-musicas-nas-feiras-estreia-em-sobradinho","status":"publish","type":"post","link":"https:\/\/aguaslindasnoticias.com.br\/index.php\/2023\/01\/04\/projeto-musicas-nas-feiras-estreia-em-sobradinho\/","title":{"rendered":"Projeto M\u00fasicas nas Feiras estreia em Sobradinho"},"content":{"rendered":"\n<figure class=\"wp-block-image size-large\"><img decoding=\"async\" src=\"http:\/\/claricegulyas.com.br\/wp-content\/uploads\/2021\/11\/musica-nas-feiras-Sobradinho-1-1024x1024.jpeg\" alt=\"\" class=\"wp-image-9282\"\/><\/figure>\n\n\n\n<p>No per\u00edodo de 27 de novembro a 6 de mar\u00e7o, o projeto <strong>M\u00fasica nas Feiras<\/strong> ir\u00e1 percorrer as cidades de Sobradinho e Sobradinho II com apresenta\u00e7\u00f5es musicais aos finais de semana, sempre das 10h30 \u00e0s 15h30. O objetivo \u00e9 dar visibilidade aos artistas locais, promover entretenimento de qualidade e democratizar o acesso \u00e0 cultura por meio da ocupa\u00e7\u00e3o de espa\u00e7os p\u00fablicos.<\/p>\n\n\n\n<p>Realizada pela<strong> Associa\u00e7\u00e3o Artise de Arte, Cultura e Acessibilidade<\/strong>, com o apoio da Secretaria de Cultura e Economia Criativa por meio de termo de fomento, a iniciativa contar\u00e1 com atra\u00e7\u00f5es de m\u00fasica, poesia, performance e dan\u00e7a na Feira Permanente de Sobradinho e Feira de Sobradinho II.<\/p>\n\n\n\n<p>Cada atividade contar\u00e1 com uma programa\u00e7\u00e3o composta por cinco artistas ou grupos da respectiva regi\u00e3o administrativa. Ao todo ser\u00e3o cem apresenta\u00e7\u00f5es culturais de diversos estilos e ritmos, com destaque para o forr\u00f3 e o piseiro. Algumas atra\u00e7\u00f5es confirmadas s\u00e3o os cantores Rafael Marques, Paulo Ruan, Kleyde Ferraz, Vitor Guedes, Zezinho Silva, Frank Bala, Micaelle, Jo\u00e3o Paulo, Alex Junior e grupo S\u00f3 o Ouro.<\/p>\n\n\n\n<p><strong>Programa\u00e7\u00e3o de novembro:<\/strong><\/p>\n\n\n\n<p>Sobradinho II<br>Local: Feira de Sobradinho II<\/p>\n\n\n\n<p>S\u00e1bado, 27 de novembro<br>11h: Rafael Marques<br>12h: Paulo Ruan<br>13h: Kleyde Ferraz<br>14h: Vitor Guedes<br>15h: Zezinho Silva<\/p>\n\n\n\n<p>Domingo, 28 de novembro<br>11h: Frank Bala<br>12h: Micaelle<br>13h: Jo\u00e3o Paulo<br>14h: Alex Junior<br>15h: Grupo S\u00f3 o Ouro<\/p>\n\n\n\n<p><strong>Servi\u00e7o:<\/strong><br><strong>Projeto M\u00fasicas nas Feiras<\/strong><br>Data: 27 de novembro de 2021 a 6 de mar\u00e7o de 2022<br>Hora: das 10h30 \u00e0s 15h30<br>Local: Feira Permanente de Sobradinho e Feira de Sobradinho II<br>Informa\u00e7\u00f5es: @artiseoficial \/ (61) 98585-6060<\/p>\n\n\n\n<figure class=\"wp-block-image size-large\"><img decoding=\"async\" src=\"http:\/\/claricegulyas.com.br\/wp-content\/uploads\/2021\/11\/musica-nas-feiras-Sobradinho-2-1024x1024.jpeg\" alt=\"\" class=\"wp-image-9284\"\/><\/figure>\n","protected":false},"excerpt":{"rendered":"<p>No per\u00edodo de 27 de novembro a 6 de mar\u00e7o, o projeto M\u00fasica nas Feiras ir\u00e1 percorrer as cidades de Sobradinho e Sobradinho II com apresenta\u00e7\u00f5es musicais aos finais de semana, sempre das 10h30 \u00e0s 15h30. O objetivo \u00e9 dar visibilidade aos artistas locais, promover entretenimento de qualidade e democratizar o acesso \u00e0 cultura por [&hellip;]<\/p>\n","protected":false},"author":1,"featured_media":0,"comment_status":"open","ping_status":"open","sticky":false,"template":"","format":"standard","meta":{"footnotes":""},"categories":[],"tags":[],"class_list":["post-5365","post","type-post","status-publish","format-standard","hentry"],"_links":{"self":[{"href":"https:\/\/aguaslindasnoticias.com.br\/index.php\/wp-json\/wp\/v2\/posts\/5365","targetHints":{"allow":["GET"]}}],"collection":[{"href":"https:\/\/aguaslindasnoticias.com.br\/index.php\/wp-json\/wp\/v2\/posts"}],"about":[{"href":"https:\/\/aguaslindasnoticias.com.br\/index.php\/wp-json\/wp\/v2\/types\/post"}],"author":[{"embeddable":true,"href":"https:\/\/aguaslindasnoticias.com.br\/index.php\/wp-json\/wp\/v2\/users\/1"}],"replies":[{"embeddable":true,"href":"https:\/\/aguaslindasnoticias.com.br\/index.php\/wp-json\/wp\/v2\/comments?post=5365"}],"version-history":[{"count":0,"href":"https:\/\/aguaslindasnoticias.com.br\/index.php\/wp-json\/wp\/v2\/posts\/5365\/revisions"}],"wp:attachment":[{"href":"https:\/\/aguaslindasnoticias.com.br\/index.php\/wp-json\/wp\/v2\/media?parent=5365"}],"wp:term":[{"taxonomy":"category","embeddable":true,"href":"https:\/\/aguaslindasnoticias.com.br\/index.php\/wp-json\/wp\/v2\/categories?post=5365"},{"taxonomy":"post_tag","embeddable":true,"href":"https:\/\/aguaslindasnoticias.com.br\/index.php\/wp-json\/wp\/v2\/tags?post=5365"}],"curies":[{"name":"wp","href":"https:\/\/api.w.org\/{rel}","templated":true}]}}