{"id":5364,"date":"2023-01-04T10:12:33","date_gmt":"2023-01-04T13:12:33","guid":{"rendered":"https:\/\/aguaslindasnoticias.com.br\/index.php\/2023\/01\/04\/cartao-de-vacina-sera-obrigatorio-em-eventos\/"},"modified":"2023-01-04T10:12:33","modified_gmt":"2023-01-04T13:12:33","slug":"cartao-de-vacina-sera-obrigatorio-em-eventos","status":"publish","type":"post","link":"https:\/\/aguaslindasnoticias.com.br\/index.php\/2023\/01\/04\/cartao-de-vacina-sera-obrigatorio-em-eventos\/","title":{"rendered":"Cart\u00e3o de vacina ser\u00e1 obrigat\u00f3rio em eventos"},"content":{"rendered":"\n<figure class=\"wp-block-image\"><img decoding=\"async\" src=\"https:\/\/cdn.pixabay.com\/photo\/2016\/11\/22\/19\/15\/hand-1850120_960_720.jpg\" alt=\"Hand, Turntable, Dj, Neon Lights, Dj Turntable, Music\"\/><\/figure>\n\n\n\n<p>Com cobertura vacinal de 74% da popula\u00e7\u00e3o apta \u00e0 imuniza\u00e7\u00e3o e \u00edndice de transmiss\u00e3o de 0,76, novo decreto modifica regras de preven\u00e7\u00e3oALINE MARTINS, DA AG\u00caNCIA BRAS\u00cdLIA I EDI\u00c7\u00c3O: D\u00c9BORA CRONEMBERGER\u00a0<\/p>\n\n\n\n<p>Quer assistir a competi\u00e7\u00f5es esportivas e participar de shows e festivais? Ent\u00e3o, \u00e9 preciso completar o esquema vacinal. Nesta quarta-feira (24), o Di\u00e1rio Oficial do DF trouxe um novo decreto que prev\u00ea a obrigatoriedade de apresenta\u00e7\u00e3o da carteirinha de vacina\u00e7\u00e3o para ingresso nesses ambientes. Assim, n\u00e3o ser\u00e1 mais poss\u00edvel apresentar apenas o teste de RT-PCR negativo.<\/p>\n\n\n\n<p>A mudan\u00e7a faz parte de uma s\u00e9rie de altera\u00e7\u00f5es de protocolos previstas no Decreto n\u00b0 42.525\/2021. As regras gerais continuam valendo, como uso de m\u00e1scara em ambientes fechados; utiliza\u00e7\u00e3o de \u00e1lcool gel; higieniza\u00e7\u00e3o de ambientes; e distanciamento social \u2013 esse \u00faltimo, agora, reduzido de dois metros para um metro.<\/p>\n\n\n\n<p>O objetivo do governo \u00e9 proporcionar aos estabelecimentos que criem suas pr\u00f3prias condutas de seguran\u00e7a, de acordo com sua realidade, seguindo o protocolo geral da covid-19.<\/p>\n\n\n\n<blockquote class=\"wp-block-quote is-layout-flow wp-block-quote-is-layout-flow\"><p>\u201cJ\u00e1 \u00e9 comprovado que 94% das pessoas que est\u00e3o sendo hospitalizadas por causa da covid n\u00e3o est\u00e3o com o esquema vacinal completo\u201dDivino Valero Martins, subsecret\u00e1rio de Vigil\u00e2ncia \u00e0 Sa\u00fade<\/p><\/blockquote>\n\n\n\n<p>Entre as altera\u00e7\u00f5es, cai a obrigatoriedade de limite de 50% da capacidade de p\u00fablico em cinemas, teatros, circos, competi\u00e7\u00f5es esportivas, casas de festas, eventos c\u00edvicos, corporativos e\/ou gastron\u00f4micos, feiras, exposi\u00e7\u00f5es, shows e festivais. Cada estabelecimento dever\u00e1 limitar a capacidade, desde que respeitado o distanciamento de um metro.<\/p>\n\n\n\n<p>A partir do novo decreto, as pistas de dan\u00e7a tamb\u00e9m est\u00e3o liberadas, assim como uso de guardanapos de tecido e a disposi\u00e7\u00e3o de itens de uso coletivo, como cafezinho e itens de degusta\u00e7\u00e3o.<\/p>\n\n\n\n<p>Em caso de eventos pagos, mesmo que realizados em casas de festas, devem seguir os mesmos protocolos de shows. A venda de ingressos poder\u00e1 ser feita presencialmente e n\u00e3o mais exclusivamente on-line. Tamb\u00e9m n\u00e3o h\u00e1 mais necessidade de demarcar a organiza\u00e7\u00e3o das filas.<\/p>\n\n\n\n<p>No que tange \u00e0 fiscaliza\u00e7\u00e3o, a for\u00e7a-tarefa passa a n\u00e3o contar mais com Pol\u00edcia Civil, Detran, DER, Secretaria de Agricultura e Diretoria de Fiscaliza\u00e7\u00e3o Tribut\u00e1ria da Secretaria de Economia. Agora, o trabalho ser\u00e1 realizado apenas pelos demais \u00f3rg\u00e3os que comp\u00f5em a for\u00e7a-tarefa, como \u00e9 o caso da Secretaria DF Legal e Vigil\u00e2ncia Sanit\u00e1ria.<\/p>\n\n\n\n<p><strong>N\u00fameros em queda<\/strong><\/p>\n\n\n\n<p>As mudan\u00e7as v\u00eam em um momento em que o \u00edndice de transmiss\u00e3o \u00e9 de 0,76, a proje\u00e7\u00e3o de novos casos est\u00e1 em queda e com 74% do p\u00fablico vacin\u00e1vel (de 12 anos para cima) j\u00e1 imunizado.<\/p>\n\n\n\n<p>\u201cO GDF n\u00e3o tem problema com doses hoje. Estamos trabalhando diuturnamente para aumentar a cobertura vacinal. Inclusive, com um posto de vacina\u00e7\u00e3o que funciona \u00e0 noite, no Quartel General. J\u00e1 \u00e9 comprovado que 94% das pessoas que est\u00e3o sendo hospitalizadas por causa da covid n\u00e3o est\u00e3o com o esquema vacinal completo\u201d, detalha o subsecret\u00e1rio de Vigil\u00e2ncia \u00e0 Sa\u00fade, Divino Valero Martins.<\/p>\n\n\n\n<p>Ele complementa que n\u00e3o existe modelo preditivo, do ponto de vista epidemiol\u00f3gico, que consiga prever riscos proporcionalmente em termos de dados absolutos. \u201cPor isso que recomendamos que as pessoas mantenham os cuidados dos protocolos gerais, como uso de m\u00e1scara e a higieniza\u00e7\u00e3o, e busquem completar o esquema vacinal\u201d, observa.<\/p>\n\n\n\n<p><a href=\"https:\/\/dodf.df.gov.br\/index\/visualizar-arquivo\/?pasta=2021|11_Novembro|DODF%20219%2024-11-2021|&amp;arquivo=DODF%20219%2024-11-2021%20INTEGRA.pdf\" target=\"_blank\" rel=\"noreferrer noopener\">Veja a \u00edntegra do novo decreto, a partir da p\u00e1gina 4 do DODF desta quarta-feira (24)<\/a><\/p>\n","protected":false},"excerpt":{"rendered":"<p>Com cobertura vacinal de 74% da popula\u00e7\u00e3o apta \u00e0 imuniza\u00e7\u00e3o e \u00edndice de transmiss\u00e3o de 0,76, novo decreto modifica regras de preven\u00e7\u00e3oALINE MARTINS, DA AG\u00caNCIA BRAS\u00cdLIA I EDI\u00c7\u00c3O: D\u00c9BORA CRONEMBERGER\u00a0 Quer assistir a competi\u00e7\u00f5es esportivas e participar de shows e festivais? Ent\u00e3o, \u00e9 preciso completar o esquema vacinal. Nesta quarta-feira (24), o Di\u00e1rio Oficial do [&hellip;]<\/p>\n","protected":false},"author":1,"featured_media":0,"comment_status":"open","ping_status":"open","sticky":false,"template":"","format":"standard","meta":{"footnotes":""},"categories":[],"tags":[],"class_list":["post-5364","post","type-post","status-publish","format-standard","hentry"],"_links":{"self":[{"href":"https:\/\/aguaslindasnoticias.com.br\/index.php\/wp-json\/wp\/v2\/posts\/5364","targetHints":{"allow":["GET"]}}],"collection":[{"href":"https:\/\/aguaslindasnoticias.com.br\/index.php\/wp-json\/wp\/v2\/posts"}],"about":[{"href":"https:\/\/aguaslindasnoticias.com.br\/index.php\/wp-json\/wp\/v2\/types\/post"}],"author":[{"embeddable":true,"href":"https:\/\/aguaslindasnoticias.com.br\/index.php\/wp-json\/wp\/v2\/users\/1"}],"replies":[{"embeddable":true,"href":"https:\/\/aguaslindasnoticias.com.br\/index.php\/wp-json\/wp\/v2\/comments?post=5364"}],"version-history":[{"count":0,"href":"https:\/\/aguaslindasnoticias.com.br\/index.php\/wp-json\/wp\/v2\/posts\/5364\/revisions"}],"wp:attachment":[{"href":"https:\/\/aguaslindasnoticias.com.br\/index.php\/wp-json\/wp\/v2\/media?parent=5364"}],"wp:term":[{"taxonomy":"category","embeddable":true,"href":"https:\/\/aguaslindasnoticias.com.br\/index.php\/wp-json\/wp\/v2\/categories?post=5364"},{"taxonomy":"post_tag","embeddable":true,"href":"https:\/\/aguaslindasnoticias.com.br\/index.php\/wp-json\/wp\/v2\/tags?post=5364"}],"curies":[{"name":"wp","href":"https:\/\/api.w.org\/{rel}","templated":true}]}}