{"id":5363,"date":"2023-01-04T10:12:33","date_gmt":"2023-01-04T13:12:33","guid":{"rendered":"https:\/\/aguaslindasnoticias.com.br\/index.php\/2023\/01\/04\/ceasa-inaugura-espaco-exclusivo-para-venda-de-morango\/"},"modified":"2023-01-04T10:12:33","modified_gmt":"2023-01-04T13:12:33","slug":"ceasa-inaugura-espaco-exclusivo-para-venda-de-morango","status":"publish","type":"post","link":"https:\/\/aguaslindasnoticias.com.br\/index.php\/2023\/01\/04\/ceasa-inaugura-espaco-exclusivo-para-venda-de-morango\/","title":{"rendered":"Ceasa inaugura espa\u00e7o exclusivo para venda de morango"},"content":{"rendered":"\n<p>Na Morangol\u00e2ndia, produtores familiares v\u00e3o comercializar o fruto no atacado e no varejo, de segunda a s\u00e1badoAG\u00caNCIA BRAS\u00cdLIA* | EDI\u00c7\u00c3O: ROSUALDO RODRIGUES&nbsp;<\/p>\n\n\n\n<p>A falta de um espa\u00e7o espec\u00edfico para a comercializa\u00e7\u00e3o de morangos levou a Ceasa-DF, juntamente com a Associa\u00e7\u00e3o dos Produtores de Hortifrutigranjeiros do Distrito Federal e Entorno (Asphor), a destinar uma \u00e1rea pr\u00f3pria para a venda desse produto \u2013 a chamada Morangol\u00e2ndia.<\/p>\n\n\n\n<blockquote class=\"wp-block-quote is-layout-flow wp-block-quote-is-layout-flow\"><p>\u201cO objetivo \u00e9 que nosso espa\u00e7o funcione todos os dias da semana, principalmente aos s\u00e1bados, a partir das 5h. Descanso, s\u00f3 no domingo\u201dSandra Vitoriano, presidente da Asphor<\/p><\/blockquote>\n\n\n\n<p>A inaugura\u00e7\u00e3o ocorreu nesta quarta-feira (24), no Mercado da Agricultura Familiar (MAF), dentro da Ceasa-DF \u2013 local onde funcionar\u00e1 o atacado. Segundo a presidente da Asphor, Sandra Vitoriano, a Morangol\u00e2ndia j\u00e1 conta com cerca de 30 produtores familiares cadastrados.<\/p>\n\n\n\n<p>\u201cO objetivo \u00e9 que nosso espa\u00e7o funcione todos os dias da semana, principalmente aos s\u00e1bados, a partir das 5h. Descanso, s\u00f3 no domingo\u201d, afirma Sandra, acrescentando que a ideia \u00e9 construir um espa\u00e7o ainda maior dentro da Ceasa. \u201cJ\u00e1 temos at\u00e9 o projeto.\u201d<\/p>\n\n\n\n<p>A presidente da Asphor diz que vive e v\u00ea o sofrimento desses produtores diariamente. \u201cEles estavam perdidos. N\u00e3o tinham espa\u00e7o pr\u00f3prio para a venda; n\u00e3o podiam vender os morangos na frente de outras bancas. Era uma situa\u00e7\u00e3o muito complicada\u201d, explicou.<\/p>\n\n\n\n<figure class=\"wp-block-image\"><img decoding=\"async\" src=\"http:\/\/agenciabrasilia.df.gov.br\/wp-conteudo\/uploads\/2021\/11\/WhatsApp-Image-2021-11-24-at-14.31.51.jpeg\" alt=\"\" class=\"wp-image-356209\"\/><figcaption>A Morangol\u00e2ndia vai facilitar o escoamento da produ\u00e7\u00e3o no DF, praticamente inviabilizada pela falta de um espa\u00e7o para o com\u00e9rcio da fruta | Foto: Paulo H. Carvalho\/Ag\u00eancia Bras\u00edlia<\/figcaption><\/figure>\n\n\n\n<p>\u201cQue hoje seja o in\u00edcio, o espa\u00e7o simb\u00f3lico de uma luta hist\u00f3rica para o desenvolvimento desse setor no DF. Temos aqui pequenos problemas que, com o passar dos anos, foram se agigantando. N\u00e3o podemos esperar as condi\u00e7\u00f5es ideais para resolv\u00ea-los. \u00c9 preciso dar um primeiro passo. E ele est\u00e1 aqui, agora\u201d, enfatizou o presidente da Ceasa-DF, F\u00e1bio Sousa.<\/p>\n\n\n\n<p>Representando os produtores de morango, Kek\u00e9 do Morango exp\u00f4s as dificuldades pelas quais o homem do campo vem atravessando. Kek\u00e9 citou a quest\u00e3o da escritura das terras: \u201cSem ela, n\u00e3o podemos pegar financiamentos para investir\u201d.<\/p>\n\n\n\n<blockquote class=\"wp-block-quote is-layout-flow wp-block-quote-is-layout-flow\"><p>A expectativa \u00e9 vender inicialmente cerca de 25 toneladas de morangos por semana (quatro por dia), gerando mais renda para os agricultores familiares<\/p><\/blockquote>\n\n\n\n<p>O produtor explicou tamb\u00e9m que a falta de um espa\u00e7o para o com\u00e9rcio praticamente inviabiliza o escoamento da produ\u00e7\u00e3o. De acordo com Kek\u00e9, \u201ca venda \u00e9 feita na rua, nos sem\u00e1foros, debaixo de sol e chuva, principalmente no per\u00edodo p\u00f3s-safra. Isso representa 60% na nossa produ\u00e7\u00e3o.\u201d<\/p>\n\n\n\n<p>Em resposta a Kek\u00e9, o secret\u00e1rio da Agricultura, Candido Teles, lembrou que nenhum estado brasileiro \u00e9 dono das terras. \u201cS\u00f3 no DF. E \u00e9 determina\u00e7\u00e3o, uma miss\u00e3o institucional do governo Ibaneis resolver esse problema, seja escriturando ou emitindo t\u00edtulos de propriedade para quem produz no campo e de l\u00e1 tirar o seu sustento\u201d.<\/p>\n\n\n\n<p>O secret\u00e1rio anunciou que protocolou na Casa Civil um projeto que prev\u00ea a cria\u00e7\u00e3o do Instituto de Terras do Distrito Federal, para dar celeridade a esse processo de regulamenta\u00e7\u00e3o fundi\u00e1ria.<\/p>\n\n\n\n<p>A presidente da Emater-DF, Denise Fonseca, destacou a alegria em ver mais um espa\u00e7o de comercializa\u00e7\u00e3o de alimentos sendo aberto, \u201cprincipalmente da agricultura familiar\u201d. Denise lembrou que o grande problema do produtor \u00e9 o escoamento da produ\u00e7\u00e3o.<\/p>\n\n\n\n<p>Ela frisou que o sistema agricultura (Seagri, Emater e Ceasa), o Minist\u00e9rio da Agricultura e a Secretaria de Turismo do DF est\u00e3o montando uma Rota da Fruticultura, \u201cpara que as pessoas possam fazer uma experimenta\u00e7\u00e3o do morango, da goiaba, entre outras, de uma maneira muito especial e peculiar.\u201d<\/p>\n\n\n\n<p>A venda na Morangol\u00e2ndia ser\u00e1 no varejo e tamb\u00e9m no atacado. A expectativa \u00e9 vender inicialmente cerca de 25 toneladas de morangos por semana (quatro por dia), gerando mais renda para os agricultores familiares.<\/p>\n\n\n\n<p>Participaram da solenidade de inaugura\u00e7\u00e3o o chefe de gabinete do vice-governador, Paulo Cesar Chaves; a superintendente do sistema Fape\/Senar, Kely Cristina do Nascimento; o deputado distrital Roosevelt Vilela e o representante dos compradores da produ\u00e7\u00e3o de morangos, Manoel Messias.<\/p>\n\n\n\n<p><em>*Com informa\u00e7\u00f5es da Ceasa-DF<\/em><\/p>\n","protected":false},"excerpt":{"rendered":"<p>Na Morangol\u00e2ndia, produtores familiares v\u00e3o comercializar o fruto no atacado e no varejo, de segunda a s\u00e1badoAG\u00caNCIA BRAS\u00cdLIA* | EDI\u00c7\u00c3O: ROSUALDO RODRIGUES&nbsp; A falta de um espa\u00e7o espec\u00edfico para a comercializa\u00e7\u00e3o de morangos levou a Ceasa-DF, juntamente com a Associa\u00e7\u00e3o dos Produtores de Hortifrutigranjeiros do Distrito Federal e Entorno (Asphor), a destinar uma \u00e1rea pr\u00f3pria [&hellip;]<\/p>\n","protected":false},"author":1,"featured_media":0,"comment_status":"open","ping_status":"open","sticky":false,"template":"","format":"standard","meta":{"footnotes":""},"categories":[],"tags":[],"class_list":["post-5363","post","type-post","status-publish","format-standard","hentry"],"_links":{"self":[{"href":"https:\/\/aguaslindasnoticias.com.br\/index.php\/wp-json\/wp\/v2\/posts\/5363","targetHints":{"allow":["GET"]}}],"collection":[{"href":"https:\/\/aguaslindasnoticias.com.br\/index.php\/wp-json\/wp\/v2\/posts"}],"about":[{"href":"https:\/\/aguaslindasnoticias.com.br\/index.php\/wp-json\/wp\/v2\/types\/post"}],"author":[{"embeddable":true,"href":"https:\/\/aguaslindasnoticias.com.br\/index.php\/wp-json\/wp\/v2\/users\/1"}],"replies":[{"embeddable":true,"href":"https:\/\/aguaslindasnoticias.com.br\/index.php\/wp-json\/wp\/v2\/comments?post=5363"}],"version-history":[{"count":0,"href":"https:\/\/aguaslindasnoticias.com.br\/index.php\/wp-json\/wp\/v2\/posts\/5363\/revisions"}],"wp:attachment":[{"href":"https:\/\/aguaslindasnoticias.com.br\/index.php\/wp-json\/wp\/v2\/media?parent=5363"}],"wp:term":[{"taxonomy":"category","embeddable":true,"href":"https:\/\/aguaslindasnoticias.com.br\/index.php\/wp-json\/wp\/v2\/categories?post=5363"},{"taxonomy":"post_tag","embeddable":true,"href":"https:\/\/aguaslindasnoticias.com.br\/index.php\/wp-json\/wp\/v2\/tags?post=5363"}],"curies":[{"name":"wp","href":"https:\/\/api.w.org\/{rel}","templated":true}]}}