{"id":5361,"date":"2023-01-04T10:12:33","date_gmt":"2023-01-04T13:12:33","guid":{"rendered":"https:\/\/aguaslindasnoticias.com.br\/index.php\/2023\/01\/04\/barrado-no-metro-jovem-e-recebido-com-cao-de-servico-no-plenario-da-cldf\/"},"modified":"2023-01-04T10:12:33","modified_gmt":"2023-01-04T13:12:33","slug":"barrado-no-metro-jovem-e-recebido-com-cao-de-servico-no-plenario-da-cldf","status":"publish","type":"post","link":"https:\/\/aguaslindasnoticias.com.br\/index.php\/2023\/01\/04\/barrado-no-metro-jovem-e-recebido-com-cao-de-servico-no-plenario-da-cldf\/","title":{"rendered":"Barrado no metr\u00f4, jovem \u00e9 recebido com c\u00e3o de servi\u00e7o no plen\u00e1rio da CLDF"},"content":{"rendered":"\n<p>Foto: S\u00edlvio Abdon\/CLDF<\/p>\n\n\n\n<figure class=\"wp-block-image size-large\"><img decoding=\"async\" src=\"http:\/\/claricegulyas.com.br\/wp-content\/uploads\/2021\/11\/2111163SA-1015x1024.jpg\" alt=\"\" class=\"wp-image-9270\"\/><figcaption>Foto: S\u00edlvio Abdon\/CLDF<\/figcaption><\/figure>\n\n\n\n<figure class=\"wp-block-image\"><img decoding=\"async\" src=\"https:\/\/www.cl.df.gov.br\/documents\/21991200\/25294667\/2111163SA.jpg\/0c8b487a-a9e6-4e54-4028-cc21b94f0471?t=1637706159911\" alt=\"Barrado no metr\u00f4, autista de 22 anos \u00e9 adestrador de animais\"\/><\/figure>\n\n\n\n<p><\/p>\n\n\n\n<p>O caso de Arthur Skyler Santana, autista de 22 anos de idade impedido de entrar na esta\u00e7\u00e3o central do metr\u00f4 conduzindo um c\u00e3o que o apoia em situa\u00e7\u00f5es de crise \u2013 c\u00e3o de servi\u00e7o \u2013, cujo acesso \u00e9 previsto na legisla\u00e7\u00e3o, chegou ao plen\u00e1rio da C\u00e2mara Legislativa. Acompanhado de Atlas, como \u00e9 chamado o animal, ele foi recepcionado durante a sess\u00e3o ordin\u00e1ria desta ter\u00e7a-feira (23) e recebeu apoio dos deputados distritais.<\/p>\n\n\n\n<p>O deputado Iolando (PSC) que apresentou o rapaz aos colegas, inclusive, pediu apoio a projeto de lei que trata da quest\u00e3o. Para F\u00e1bio Felix (Psol), a presen\u00e7a de Arthur e seu c\u00e3o no plen\u00e1rio da CLDF \u201cdemonstra que eles podem acessar o metr\u00f4 e os demais locais\u201d. Os deputados Chico Vigilante (PT) e Claudio Abrantes (PDT) tamb\u00e9m se pronunciaram em solidariedade ao rapaz, que \u00e9 adestrador de animais.<\/p>\n\n\n\n<p><strong>Marco T\u00falio &#8211; Ag\u00eancia CLDF<\/strong><\/p>\n","protected":false},"excerpt":{"rendered":"<p>Foto: S\u00edlvio Abdon\/CLDF O caso de Arthur Skyler Santana, autista de 22 anos de idade impedido de entrar na esta\u00e7\u00e3o central do metr\u00f4 conduzindo um c\u00e3o que o apoia em situa\u00e7\u00f5es de crise \u2013 c\u00e3o de servi\u00e7o \u2013, cujo acesso \u00e9 previsto na legisla\u00e7\u00e3o, chegou ao plen\u00e1rio da C\u00e2mara Legislativa. Acompanhado de Atlas, como \u00e9 [&hellip;]<\/p>\n","protected":false},"author":1,"featured_media":0,"comment_status":"open","ping_status":"open","sticky":false,"template":"","format":"standard","meta":{"footnotes":""},"categories":[],"tags":[],"class_list":["post-5361","post","type-post","status-publish","format-standard","hentry"],"_links":{"self":[{"href":"https:\/\/aguaslindasnoticias.com.br\/index.php\/wp-json\/wp\/v2\/posts\/5361","targetHints":{"allow":["GET"]}}],"collection":[{"href":"https:\/\/aguaslindasnoticias.com.br\/index.php\/wp-json\/wp\/v2\/posts"}],"about":[{"href":"https:\/\/aguaslindasnoticias.com.br\/index.php\/wp-json\/wp\/v2\/types\/post"}],"author":[{"embeddable":true,"href":"https:\/\/aguaslindasnoticias.com.br\/index.php\/wp-json\/wp\/v2\/users\/1"}],"replies":[{"embeddable":true,"href":"https:\/\/aguaslindasnoticias.com.br\/index.php\/wp-json\/wp\/v2\/comments?post=5361"}],"version-history":[{"count":0,"href":"https:\/\/aguaslindasnoticias.com.br\/index.php\/wp-json\/wp\/v2\/posts\/5361\/revisions"}],"wp:attachment":[{"href":"https:\/\/aguaslindasnoticias.com.br\/index.php\/wp-json\/wp\/v2\/media?parent=5361"}],"wp:term":[{"taxonomy":"category","embeddable":true,"href":"https:\/\/aguaslindasnoticias.com.br\/index.php\/wp-json\/wp\/v2\/categories?post=5361"},{"taxonomy":"post_tag","embeddable":true,"href":"https:\/\/aguaslindasnoticias.com.br\/index.php\/wp-json\/wp\/v2\/tags?post=5361"}],"curies":[{"name":"wp","href":"https:\/\/api.w.org\/{rel}","templated":true}]}}