{"id":5359,"date":"2023-01-04T10:12:33","date_gmt":"2023-01-04T13:12:33","guid":{"rendered":"https:\/\/aguaslindasnoticias.com.br\/index.php\/2023\/01\/04\/cldf-derruba-veto-e-cria-parque-ecologico-mangueiral\/"},"modified":"2023-01-04T10:12:33","modified_gmt":"2023-01-04T13:12:33","slug":"cldf-derruba-veto-e-cria-parque-ecologico-mangueiral","status":"publish","type":"post","link":"https:\/\/aguaslindasnoticias.com.br\/index.php\/2023\/01\/04\/cldf-derruba-veto-e-cria-parque-ecologico-mangueiral\/","title":{"rendered":"CLDF derruba veto e cria Parque Ecol\u00f3gico Mangueiral"},"content":{"rendered":"\n<figure class=\"wp-block-image size-large\"><img decoding=\"async\" src=\"http:\/\/claricegulyas.com.br\/wp-content\/uploads\/2021\/11\/deputado-distrital-joao-cardoso-df-avante-gdf-parque-mangueiral-jardins-mangueiral-jardim-botanico-parque-ecologico-cldf-1024x683.jpeg\" alt=\"\" class=\"wp-image-9264\"\/><figcaption>Foto: S\u00edlvio Abdon\/CLDF<\/figcaption><\/figure>\n\n\n\n<p><em>Comunidade do Mangueiral e do Jardim Bot\u00e2nico lotaram a galeria do plen\u00e1rio da Casa e receberam elogios dos deputados pela mobiliza\u00e7\u00e3o. Conquista hist\u00f3rica ir\u00e1 beneficiar cerca de 30 mil moradores<\/em><\/p>\n\n\n\n<p><br>Motivo de uma d\u00e9cada de disputas judiciais e constante reivindica\u00e7\u00e3o da popula\u00e7\u00e3o do Jardim Bot\u00e2nico, a cria\u00e7\u00e3o do Parque Ecol\u00f3gico Mangueiral acaba de ser aprovada. A C\u00e2mara Legislativa derrubou nessa ter\u00e7a (23\/11) o veto do governador Ibaneis Rocha, viabilizando a promulga\u00e7\u00e3o da lei, de autoria do deputado Jo\u00e3o Cardoso (Avante).<\/p>\n\n\n\n<p>De acordo com o projeto de lei 983\/20, a poligonal do parque dever\u00e1 abranger uma \u00e1rea de aproximadamente 400 hectares, que vai do bal\u00e3o de conflu\u00eancia da DF-001 (Estrada Parque Contorno \u2013 EPCT) com a DF-465, at\u00e9 as instala\u00e7\u00f5es do Complexo da Papuda. O texto prop\u00f5e a liga\u00e7\u00e3o entre as \u00e1reas protegidas das bacias do Lago Parano\u00e1 e do Rio S\u00e3o Bartolomeu na forma de corredor ecol\u00f3gico.<\/p>\n\n\n\n<p>Auditor fiscal do Instituto Bras\u00edlia Ambiental (Ibram), Jo\u00e3o Cardoso afirmou que a iniciativa visa \u00e0 prote\u00e7\u00e3o da biodiversidade local e tamb\u00e9m contribuir\u00e1 com mais sa\u00fade, lazer e seguran\u00e7a para o bairro.<\/p>\n\n\n\n<p>&#8220;A minha carreira como auditor fiscal de atividades urbanas da carreira ambiental, acompanhando o crescimento desordenado do DF, me assegura que a medida se faz necess\u00e1ria n\u00e3o s\u00f3 para a preserva\u00e7\u00e3o da biodiversidade, mas tamb\u00e9m como forma de assegurar mais seguran\u00e7a e a preven\u00e7\u00e3o da crise h\u00eddrica no DF, j\u00e1 que ali se encontram diversas nascentes do C\u00f3rrego Bora Manso&#8221;, disse Jo\u00e3o Cardoso.<\/p>\n\n\n\n<p>&#8220;Infelizmente os fatos que vejo, dentro do nosso mandato sempre t\u00e9cnico, s\u00e3o os vest\u00edgios de demarca\u00e7\u00e3o de terras na \u00e1rea reservada ao parque, bem como a aus\u00eancia de consulta p\u00fablica \u00e0 popula\u00e7\u00e3o e \u00f3rg\u00e3os respons\u00e1veis. Assim, pe\u00e7o ao presidente (da CLDF) e aos nobres colegas a derrubada do veto no sentido de assegurarmos o que h\u00e1 de mais vital \u00e0 expans\u00e3o das cidades: seus recursos naturais&#8221;, concluiu o parlamentar.<\/p>\n\n\n\n<p><strong>Hist\u00f3rico<\/strong><\/p>\n\n\n\n<p>A cria\u00e7\u00e3o do Parque Ecol\u00f3gico Mangueiral \u00e9 reivindicada pela comunidade desde a funda\u00e7\u00e3o do bairro, em 2010. Diversos moradores fizeram protestos e chegaram a acampar na mata para impedir novas constru\u00e7\u00f5es na regi\u00e3o, entre os anos 2013 e 2014.<\/p>\n\n\n\n<p>Em 2016, a Associa\u00e7\u00e3o dos Amigos dos Jardins Mangueiral acionou o Minist\u00e9rio P\u00fablico do Distrito Federal e Territ\u00f3rios (MPDFT) contra a Jardins Mangueiral Empreendimentos Imobili\u00e1rios S\/A, Codhab e o Governo do Distrito Federal para barrar o projeto de expans\u00e3o da regi\u00e3o, com previs\u00e3o de constru\u00e7\u00e3o de aproximadamente 1.500 unidades habitacionais no local.<\/p>\n\n\n\n<p>Em setembro de 2019, por iniciativa do deputado Jo\u00e3o Cardoso, a C\u00e2mara Legislativa realizou uma audi\u00eancia p\u00fablica na comunidade para debater as necessidades da regi\u00e3o, dando origem ao projeto de lei aprovado em mar\u00e7o deste ano. Em maio de 2021, moradores denunciaram demarca\u00e7\u00f5es para constru\u00e7\u00f5es nas \u00e1reas destinadas ao parque e, em nova audi\u00eancia p\u00fablica da CLDF, tamb\u00e9m de iniciativa de Jo\u00e3o Cardoso, cobraram a derrubada do veto do GDF, que visava permitir a constru\u00e7\u00e3o da Expans\u00e3o do Mangueiral (Mangueiral Parque).<\/p>\n","protected":false},"excerpt":{"rendered":"<p>Comunidade do Mangueiral e do Jardim Bot\u00e2nico lotaram a galeria do plen\u00e1rio da Casa e receberam elogios dos deputados pela mobiliza\u00e7\u00e3o. Conquista hist\u00f3rica ir\u00e1 beneficiar cerca de 30 mil moradores Motivo de uma d\u00e9cada de disputas judiciais e constante reivindica\u00e7\u00e3o da popula\u00e7\u00e3o do Jardim Bot\u00e2nico, a cria\u00e7\u00e3o do Parque Ecol\u00f3gico Mangueiral acaba de ser aprovada. [&hellip;]<\/p>\n","protected":false},"author":1,"featured_media":0,"comment_status":"open","ping_status":"open","sticky":false,"template":"","format":"standard","meta":{"footnotes":""},"categories":[],"tags":[],"class_list":["post-5359","post","type-post","status-publish","format-standard","hentry"],"_links":{"self":[{"href":"https:\/\/aguaslindasnoticias.com.br\/index.php\/wp-json\/wp\/v2\/posts\/5359","targetHints":{"allow":["GET"]}}],"collection":[{"href":"https:\/\/aguaslindasnoticias.com.br\/index.php\/wp-json\/wp\/v2\/posts"}],"about":[{"href":"https:\/\/aguaslindasnoticias.com.br\/index.php\/wp-json\/wp\/v2\/types\/post"}],"author":[{"embeddable":true,"href":"https:\/\/aguaslindasnoticias.com.br\/index.php\/wp-json\/wp\/v2\/users\/1"}],"replies":[{"embeddable":true,"href":"https:\/\/aguaslindasnoticias.com.br\/index.php\/wp-json\/wp\/v2\/comments?post=5359"}],"version-history":[{"count":0,"href":"https:\/\/aguaslindasnoticias.com.br\/index.php\/wp-json\/wp\/v2\/posts\/5359\/revisions"}],"wp:attachment":[{"href":"https:\/\/aguaslindasnoticias.com.br\/index.php\/wp-json\/wp\/v2\/media?parent=5359"}],"wp:term":[{"taxonomy":"category","embeddable":true,"href":"https:\/\/aguaslindasnoticias.com.br\/index.php\/wp-json\/wp\/v2\/categories?post=5359"},{"taxonomy":"post_tag","embeddable":true,"href":"https:\/\/aguaslindasnoticias.com.br\/index.php\/wp-json\/wp\/v2\/tags?post=5359"}],"curies":[{"name":"wp","href":"https:\/\/api.w.org\/{rel}","templated":true}]}}