{"id":5355,"date":"2023-01-04T10:12:26","date_gmt":"2023-01-04T13:12:26","guid":{"rendered":"https:\/\/aguaslindasnoticias.com.br\/index.php\/2023\/01\/04\/deputado-iolando-apresenta-pl-que-insere-no-estatuto-da-pessoa-com-deficiencia-os-servicos-de-cao-de-servico-e-assistencia\/"},"modified":"2023-01-04T10:12:26","modified_gmt":"2023-01-04T13:12:26","slug":"deputado-iolando-apresenta-pl-que-insere-no-estatuto-da-pessoa-com-deficiencia-os-servicos-de-cao-de-servico-e-assistencia","status":"publish","type":"post","link":"https:\/\/aguaslindasnoticias.com.br\/index.php\/2023\/01\/04\/deputado-iolando-apresenta-pl-que-insere-no-estatuto-da-pessoa-com-deficiencia-os-servicos-de-cao-de-servico-e-assistencia\/","title":{"rendered":"Deputado Iolando apresenta PL que insere no Estatuto da Pessoa com defici\u00eancia os servi\u00e7os de c\u00e3o de servi\u00e7o e assist\u00eancia"},"content":{"rendered":"\n<figure class=\"wp-block-image size-large\"><img decoding=\"async\" src=\"http:\/\/claricegulyas.com.br\/wp-content\/uploads\/2021\/11\/iolando-bruno-sodr\u00e9.jpg\" alt=\"\" class=\"wp-image-9251\"\/><figcaption>Foto: Bruno Sodr\u00e9\/CLDF<\/figcaption><\/figure>\n\n\n\n<p>A inten\u00e7\u00e3o do projeto \u00e9 evitar constrangimentos como o corrido no \u00faltimo dia 20 de novembro, uma pessoa com defici\u00eancia, um autista foi barrado no metr\u00f4\/DF por estar acompanhado de um c\u00e3o de servi\u00e7o, mesmo ele explicando que era autista e atlas \u00e9 o seu c\u00e3o de servi\u00e7o, treinado para lhe ajudar em crises diariamente. Embora tenha apresentado toda a sua documenta\u00e7\u00e3o e a do c\u00e3o ele n\u00e3o pode ter acesso ao elevador do Metr\u00f4. A proposta do deputado Iolando \u00e9 estender o direito j\u00e1 garantido pela Lei Federal n\u00ba 11.126\/2005 (Lei dos C\u00e3es-Guias), para contemplar as demais categorias de c\u00e3es de assist\u00eancia.<\/p>\n\n\n\n<p>De acordo com o Projeto de Lei passa a vigorar no Estatuto da Pessoa com Defici\u00eancia, qualquer elemento que facilite a autonomia pessoal ou possibilite o acesso e o uso de meio f\u00edsico, visando \u00e0 melhoria da qualidade de vida da pessoa com defici\u00eancia, como todos os instrumentos, equipamentos e elementos necess\u00e1rios \u00e0 reabilita\u00e7\u00e3o da pessoa com defici\u00eancia, dentre eles, c\u00e3o-guia, c\u00e3o de servi\u00e7o ou de assist\u00eancia.<\/p>\n","protected":false},"excerpt":{"rendered":"<p>A inten\u00e7\u00e3o do projeto \u00e9 evitar constrangimentos como o corrido no \u00faltimo dia 20 de novembro, uma pessoa com defici\u00eancia, um autista foi barrado no metr\u00f4\/DF por estar acompanhado de um c\u00e3o de servi\u00e7o, mesmo ele explicando que era autista e atlas \u00e9 o seu c\u00e3o de servi\u00e7o, treinado para lhe ajudar em crises diariamente. [&hellip;]<\/p>\n","protected":false},"author":1,"featured_media":0,"comment_status":"open","ping_status":"open","sticky":false,"template":"","format":"standard","meta":{"footnotes":""},"categories":[],"tags":[],"class_list":["post-5355","post","type-post","status-publish","format-standard","hentry"],"_links":{"self":[{"href":"https:\/\/aguaslindasnoticias.com.br\/index.php\/wp-json\/wp\/v2\/posts\/5355","targetHints":{"allow":["GET"]}}],"collection":[{"href":"https:\/\/aguaslindasnoticias.com.br\/index.php\/wp-json\/wp\/v2\/posts"}],"about":[{"href":"https:\/\/aguaslindasnoticias.com.br\/index.php\/wp-json\/wp\/v2\/types\/post"}],"author":[{"embeddable":true,"href":"https:\/\/aguaslindasnoticias.com.br\/index.php\/wp-json\/wp\/v2\/users\/1"}],"replies":[{"embeddable":true,"href":"https:\/\/aguaslindasnoticias.com.br\/index.php\/wp-json\/wp\/v2\/comments?post=5355"}],"version-history":[{"count":0,"href":"https:\/\/aguaslindasnoticias.com.br\/index.php\/wp-json\/wp\/v2\/posts\/5355\/revisions"}],"wp:attachment":[{"href":"https:\/\/aguaslindasnoticias.com.br\/index.php\/wp-json\/wp\/v2\/media?parent=5355"}],"wp:term":[{"taxonomy":"category","embeddable":true,"href":"https:\/\/aguaslindasnoticias.com.br\/index.php\/wp-json\/wp\/v2\/categories?post=5355"},{"taxonomy":"post_tag","embeddable":true,"href":"https:\/\/aguaslindasnoticias.com.br\/index.php\/wp-json\/wp\/v2\/tags?post=5355"}],"curies":[{"name":"wp","href":"https:\/\/api.w.org\/{rel}","templated":true}]}}