{"id":5353,"date":"2023-01-04T10:12:26","date_gmt":"2023-01-04T13:12:26","guid":{"rendered":"https:\/\/aguaslindasnoticias.com.br\/index.php\/2023\/01\/04\/comissao-aprova-vedacao-de-sistema-de-bandeira-tarifaria-na-conta-de-luz-de-centros-de-saude-publica\/"},"modified":"2023-01-04T10:12:26","modified_gmt":"2023-01-04T13:12:26","slug":"comissao-aprova-vedacao-de-sistema-de-bandeira-tarifaria-na-conta-de-luz-de-centros-de-saude-publica","status":"publish","type":"post","link":"https:\/\/aguaslindasnoticias.com.br\/index.php\/2023\/01\/04\/comissao-aprova-vedacao-de-sistema-de-bandeira-tarifaria-na-conta-de-luz-de-centros-de-saude-publica\/","title":{"rendered":"Comiss\u00e3o aprova veda\u00e7\u00e3o de sistema de bandeira tarif\u00e1ria na conta de luz de centros de sa\u00fade p\u00fablica"},"content":{"rendered":"\n<p>Foto: Reprodu\u00e7\u00e3o\/TV C\u00e2mara Distrital<\/p>\n\n\n\n<figure class=\"wp-block-image size-large\"><img decoding=\"async\" src=\"http:\/\/claricegulyas.com.br\/wp-content\/uploads\/2021\/11\/joao-cardoso-deputado-distrital-Silvio-Abdon-CLDF-1024x683.jpg\" alt=\"\" class=\"wp-image-9235\"\/><\/figure>\n\n\n\n<figure class=\"wp-block-image\"><img decoding=\"async\" src=\"https:\/\/www.cl.df.gov.br\/documents\/10162\/25285268\/CDES+3.jpg\/e68aba86-ae32-561a-2e5a-21eb9b8ccf85?t=1637593098122\" alt=\"#\"\/><\/figure>\n\n\n\n<p>O projeto de lei n\u00ba 1.736\/17 veda a incid\u00eancia do sistema de bandeiras tarif\u00e1rias no consumo de energia el\u00e9trica de unidades da rede p\u00fablica de sa\u00fade do Distrito Federal. O texto, de autoria do deputado Rob\u00e9rio Negreiros (PSD), foi aprovado pela Comiss\u00e3o de Desenvolvimento Econ\u00f4mico Sustent\u00e1vel nesta segunda-feira (22). A proposta pode beneficiar hospitais, centros de sa\u00fade, Unidades de Pronto Atendimento (UPAs) e Centros de Aten\u00e7\u00e3o Psicossocial (CAPs).<\/p>\n\n\n\n<p>\u201c\u00c9 not\u00f3rio que o sistema p\u00fablico de sa\u00fade do Distrito Federal trabalha com recursos escassos para o atendimento dos cidad\u00e3os brasilienses, e o aumento de despesas realizado pelo sistema de bandeiras tarif\u00e1rias retira esses parcos recursos\u201d, apontou o relator do projeto no colegiado, deputado Delmasso (Republicanos). Seu parecer foi acompanhado pelo deputado Jo\u00e3o Cardoso (Avante).<\/p>\n\n\n\n<p>\u00danica a votar contra a mat\u00e9ria, a deputada J\u00falia Lucy (Novo) reconheceu o m\u00e9rito da proposta, mas considerou que ela significa uma interven\u00e7\u00e3o na presta\u00e7\u00e3o de servi\u00e7os de empresa p\u00fablica e&nbsp;privada.<\/p>\n\n\n\n<p>Discuss\u00e3o semelhante aconteceu na aprecia\u00e7\u00e3o do PL n\u00b0 1.959\/21, do deputado Martins Machado (Republicanos). O projeto trata do uso da infraestrutura dos postes de ilumina\u00e7\u00e3o p\u00fablica para a instala\u00e7\u00e3o de equipamentos que permitam o oferecimento de internet sem fio, de forma gratuita, \u00e0 popula\u00e7\u00e3o. O texto foi aprovado com dois votos favor\u00e1veis e um contr\u00e1rio, tamb\u00e9m de Lucy.<\/p>\n\n\n\n<p><strong>Denise Caputo &#8211; Ag\u00eancia CLDF<\/strong><\/p>\n","protected":false},"excerpt":{"rendered":"<p>Foto: Reprodu\u00e7\u00e3o\/TV C\u00e2mara Distrital O projeto de lei n\u00ba 1.736\/17 veda a incid\u00eancia do sistema de bandeiras tarif\u00e1rias no consumo de energia el\u00e9trica de unidades da rede p\u00fablica de sa\u00fade do Distrito Federal. O texto, de autoria do deputado Rob\u00e9rio Negreiros (PSD), foi aprovado pela Comiss\u00e3o de Desenvolvimento Econ\u00f4mico Sustent\u00e1vel nesta segunda-feira (22). A proposta [&hellip;]<\/p>\n","protected":false},"author":1,"featured_media":0,"comment_status":"open","ping_status":"open","sticky":false,"template":"","format":"standard","meta":{"footnotes":""},"categories":[],"tags":[],"class_list":["post-5353","post","type-post","status-publish","format-standard","hentry"],"_links":{"self":[{"href":"https:\/\/aguaslindasnoticias.com.br\/index.php\/wp-json\/wp\/v2\/posts\/5353","targetHints":{"allow":["GET"]}}],"collection":[{"href":"https:\/\/aguaslindasnoticias.com.br\/index.php\/wp-json\/wp\/v2\/posts"}],"about":[{"href":"https:\/\/aguaslindasnoticias.com.br\/index.php\/wp-json\/wp\/v2\/types\/post"}],"author":[{"embeddable":true,"href":"https:\/\/aguaslindasnoticias.com.br\/index.php\/wp-json\/wp\/v2\/users\/1"}],"replies":[{"embeddable":true,"href":"https:\/\/aguaslindasnoticias.com.br\/index.php\/wp-json\/wp\/v2\/comments?post=5353"}],"version-history":[{"count":0,"href":"https:\/\/aguaslindasnoticias.com.br\/index.php\/wp-json\/wp\/v2\/posts\/5353\/revisions"}],"wp:attachment":[{"href":"https:\/\/aguaslindasnoticias.com.br\/index.php\/wp-json\/wp\/v2\/media?parent=5353"}],"wp:term":[{"taxonomy":"category","embeddable":true,"href":"https:\/\/aguaslindasnoticias.com.br\/index.php\/wp-json\/wp\/v2\/categories?post=5353"},{"taxonomy":"post_tag","embeddable":true,"href":"https:\/\/aguaslindasnoticias.com.br\/index.php\/wp-json\/wp\/v2\/tags?post=5353"}],"curies":[{"name":"wp","href":"https:\/\/api.w.org\/{rel}","templated":true}]}}