{"id":5352,"date":"2023-01-04T10:12:26","date_gmt":"2023-01-04T13:12:26","guid":{"rendered":"https:\/\/aguaslindasnoticias.com.br\/index.php\/2023\/01\/04\/comissao-de-desenvolvimento-economico-sustentavel-aprova-proposta-para-aquecer-economia-do-df\/"},"modified":"2023-01-04T10:12:26","modified_gmt":"2023-01-04T13:12:26","slug":"comissao-de-desenvolvimento-economico-sustentavel-aprova-proposta-para-aquecer-economia-do-df","status":"publish","type":"post","link":"https:\/\/aguaslindasnoticias.com.br\/index.php\/2023\/01\/04\/comissao-de-desenvolvimento-economico-sustentavel-aprova-proposta-para-aquecer-economia-do-df\/","title":{"rendered":"Comiss\u00e3o de Desenvolvimento Econ\u00f4mico Sustent\u00e1vel aprova proposta para aquecer economia do DF"},"content":{"rendered":"\n<p>Foto: Reprodu\u00e7\u00e3o\/TV C\u00e2mara Distrital<\/p>\n\n\n\n<figure class=\"wp-block-image size-large\"><img decoding=\"async\" src=\"http:\/\/claricegulyas.com.br\/wp-content\/uploads\/2021\/11\/CDES-5-1024x683.jpg\" alt=\"\" class=\"wp-image-9243\"\/><\/figure>\n\n\n\n<figure class=\"wp-block-image\"><img decoding=\"async\" src=\"https:\/\/www.cl.df.gov.br\/documents\/10162\/25285268\/CDES+5.jpg\/bd1cebae-d7fb-2b23-ed87-b59f8dc90a01?t=1637593097690\" alt=\"#\"\/><\/figure>\n\n\n\n<p>Abrir um neg\u00f3cio envolve burocracia. Com o intuito de facilitar a abertura e o funcionamento de empresas no Distrito Federal, a Comiss\u00e3o de Desenvolvimento Econ\u00f4mico Sustent\u00e1vel da C\u00e2mara Legislativa aprovou, nesta segunda-feira (22), o projeto de lei n\u00ba 2.232\/21, que define uma s\u00e9rie de atividades econ\u00f4micas como de \u201cbaixo risco\u201d. Na pr\u00e1tica, as empresas dos setores arrolados estar\u00e3o dispensadas da necessidade de alvar\u00e1 e de autoriza\u00e7\u00e3o de funcionamento.<\/p>\n\n\n\n<p>A autora do texto, deputada J\u00falia Lucy (Novo), explicou que a proposta tem como base uma norma adotada em Minas Gerais, onde 800 atividades econ\u00f4micas foram reenquadradas. \u201cAtividades de equipamentos recreativos e esportivos, assim como de aluguel de vestu\u00e1rio e joias, hoje s\u00e3o enquadradas como de \u2018m\u00e9dio risco\u2019. N\u00e3o faz sentido, pois quanto maior o risco, maior o n\u00famero de licen\u00e7as e alvar\u00e1s para que o neg\u00f3cio comece a funcionar\u201d, disse. E defendeu: \u201cEsse projeto vai deixar o DF mais competitivo, vai manter e atrair mais neg\u00f3cios\u201d.<\/p>\n\n\n\n<p>O colegiado aprovou, ainda, outro projeto de Lucy: o PL n\u00ba 2.025\/21, que garante exequibilidade ao recebimento de benef\u00edcios por agentes econ\u00f4micos inscritos na d\u00edvida ativa do DF, durante per\u00edodos de calamidade p\u00fablica.<\/p>\n\n\n\n<p><strong>Denise Caputo &#8211; Ag\u00eancia CLDF<\/strong><\/p>\n","protected":false},"excerpt":{"rendered":"<p>Foto: Reprodu\u00e7\u00e3o\/TV C\u00e2mara Distrital Abrir um neg\u00f3cio envolve burocracia. Com o intuito de facilitar a abertura e o funcionamento de empresas no Distrito Federal, a Comiss\u00e3o de Desenvolvimento Econ\u00f4mico Sustent\u00e1vel da C\u00e2mara Legislativa aprovou, nesta segunda-feira (22), o projeto de lei n\u00ba 2.232\/21, que define uma s\u00e9rie de atividades econ\u00f4micas como de \u201cbaixo risco\u201d. Na [&hellip;]<\/p>\n","protected":false},"author":1,"featured_media":0,"comment_status":"open","ping_status":"open","sticky":false,"template":"","format":"standard","meta":{"footnotes":""},"categories":[],"tags":[],"class_list":["post-5352","post","type-post","status-publish","format-standard","hentry"],"_links":{"self":[{"href":"https:\/\/aguaslindasnoticias.com.br\/index.php\/wp-json\/wp\/v2\/posts\/5352","targetHints":{"allow":["GET"]}}],"collection":[{"href":"https:\/\/aguaslindasnoticias.com.br\/index.php\/wp-json\/wp\/v2\/posts"}],"about":[{"href":"https:\/\/aguaslindasnoticias.com.br\/index.php\/wp-json\/wp\/v2\/types\/post"}],"author":[{"embeddable":true,"href":"https:\/\/aguaslindasnoticias.com.br\/index.php\/wp-json\/wp\/v2\/users\/1"}],"replies":[{"embeddable":true,"href":"https:\/\/aguaslindasnoticias.com.br\/index.php\/wp-json\/wp\/v2\/comments?post=5352"}],"version-history":[{"count":0,"href":"https:\/\/aguaslindasnoticias.com.br\/index.php\/wp-json\/wp\/v2\/posts\/5352\/revisions"}],"wp:attachment":[{"href":"https:\/\/aguaslindasnoticias.com.br\/index.php\/wp-json\/wp\/v2\/media?parent=5352"}],"wp:term":[{"taxonomy":"category","embeddable":true,"href":"https:\/\/aguaslindasnoticias.com.br\/index.php\/wp-json\/wp\/v2\/categories?post=5352"},{"taxonomy":"post_tag","embeddable":true,"href":"https:\/\/aguaslindasnoticias.com.br\/index.php\/wp-json\/wp\/v2\/tags?post=5352"}],"curies":[{"name":"wp","href":"https:\/\/api.w.org\/{rel}","templated":true}]}}