{"id":5350,"date":"2023-01-04T10:12:26","date_gmt":"2023-01-04T13:12:26","guid":{"rendered":"https:\/\/aguaslindasnoticias.com.br\/index.php\/2023\/01\/04\/joao-cardoso-cobra-pagamento-de-auxilio-atrasado-a-servidores-da-educacao\/"},"modified":"2023-01-04T10:12:26","modified_gmt":"2023-01-04T13:12:26","slug":"joao-cardoso-cobra-pagamento-de-auxilio-atrasado-a-servidores-da-educacao","status":"publish","type":"post","link":"https:\/\/aguaslindasnoticias.com.br\/index.php\/2023\/01\/04\/joao-cardoso-cobra-pagamento-de-auxilio-atrasado-a-servidores-da-educacao\/","title":{"rendered":"Jo\u00e3o Cardoso cobra pagamento de aux\u00edlio atrasado a servidores da Educa\u00e7\u00e3o"},"content":{"rendered":"\n<p>Foto: Silvio Abdon\/CLDF<\/p>\n\n\n\n<figure class=\"wp-block-image size-large\"><img decoding=\"async\" src=\"http:\/\/claricegulyas.com.br\/wp-content\/uploads\/2021\/11\/joao-cardoso-deputado-distrital-Silvio-Abdon-CLDF-1024x683.jpg\" alt=\"\" class=\"wp-image-9235\"\/><\/figure>\n\n\n\n<figure class=\"wp-block-image\"><img decoding=\"async\" src=\"https:\/\/www.cl.df.gov.br\/documents\/10162\/25270492\/2111161SA+%2822%29.jpg\/613f2ff7-63c4-75c7-b60b-2749e94cd6a3?t=1637182904538\" alt=\"#\"\/><\/figure>\n\n\n\n<p>Na sess\u00e3o ordin\u00e1ria da C\u00e2mara Legislativa desta quarta-feira (17), o deputado Jo\u00e3o Cardoso (Avante) cobrou o pagamento de parcela do aux\u00edlio alimenta\u00e7\u00e3o devida a todos os servidores efetivos da Secretaria de Educa\u00e7\u00e3o, referente a mar\u00e7o. \u201cHouve uma parametriza\u00e7\u00e3o, a Secretaria se enrolou e n\u00e3o pagou. Pe\u00e7o celeridade \u00e0 Secretaria para que esse pagamento seja feito. Hoje o Governo do DF deve uma parcela de R$ 394 reais\u201d, ressaltou o deputado.<\/p>\n\n\n\n<p>Segundo Jo\u00e3o Cardoso, os servidores que entraram em exerc\u00edcio em 2021 receberam o benef\u00edcio corretamente.<br>&nbsp;<\/p>\n\n\n\n<p><strong>Mario Espinheira &#8211; Ag\u00eancia CLDF<\/strong><\/p>\n","protected":false},"excerpt":{"rendered":"<p>Foto: Silvio Abdon\/CLDF Na sess\u00e3o ordin\u00e1ria da C\u00e2mara Legislativa desta quarta-feira (17), o deputado Jo\u00e3o Cardoso (Avante) cobrou o pagamento de parcela do aux\u00edlio alimenta\u00e7\u00e3o devida a todos os servidores efetivos da Secretaria de Educa\u00e7\u00e3o, referente a mar\u00e7o. \u201cHouve uma parametriza\u00e7\u00e3o, a Secretaria se enrolou e n\u00e3o pagou. Pe\u00e7o celeridade \u00e0 Secretaria para que esse [&hellip;]<\/p>\n","protected":false},"author":1,"featured_media":0,"comment_status":"open","ping_status":"open","sticky":false,"template":"","format":"standard","meta":{"footnotes":""},"categories":[],"tags":[],"class_list":["post-5350","post","type-post","status-publish","format-standard","hentry"],"_links":{"self":[{"href":"https:\/\/aguaslindasnoticias.com.br\/index.php\/wp-json\/wp\/v2\/posts\/5350","targetHints":{"allow":["GET"]}}],"collection":[{"href":"https:\/\/aguaslindasnoticias.com.br\/index.php\/wp-json\/wp\/v2\/posts"}],"about":[{"href":"https:\/\/aguaslindasnoticias.com.br\/index.php\/wp-json\/wp\/v2\/types\/post"}],"author":[{"embeddable":true,"href":"https:\/\/aguaslindasnoticias.com.br\/index.php\/wp-json\/wp\/v2\/users\/1"}],"replies":[{"embeddable":true,"href":"https:\/\/aguaslindasnoticias.com.br\/index.php\/wp-json\/wp\/v2\/comments?post=5350"}],"version-history":[{"count":0,"href":"https:\/\/aguaslindasnoticias.com.br\/index.php\/wp-json\/wp\/v2\/posts\/5350\/revisions"}],"wp:attachment":[{"href":"https:\/\/aguaslindasnoticias.com.br\/index.php\/wp-json\/wp\/v2\/media?parent=5350"}],"wp:term":[{"taxonomy":"category","embeddable":true,"href":"https:\/\/aguaslindasnoticias.com.br\/index.php\/wp-json\/wp\/v2\/categories?post=5350"},{"taxonomy":"post_tag","embeddable":true,"href":"https:\/\/aguaslindasnoticias.com.br\/index.php\/wp-json\/wp\/v2\/tags?post=5350"}],"curies":[{"name":"wp","href":"https:\/\/api.w.org\/{rel}","templated":true}]}}