{"id":5347,"date":"2023-01-04T10:12:26","date_gmt":"2023-01-04T13:12:26","guid":{"rendered":"https:\/\/aguaslindasnoticias.com.br\/index.php\/2023\/01\/04\/sessao-solene-celebra-semana-maria-da-penha-nas-escolas-nesta-sexta-19\/"},"modified":"2023-01-04T10:12:26","modified_gmt":"2023-01-04T13:12:26","slug":"sessao-solene-celebra-semana-maria-da-penha-nas-escolas-nesta-sexta-19","status":"publish","type":"post","link":"https:\/\/aguaslindasnoticias.com.br\/index.php\/2023\/01\/04\/sessao-solene-celebra-semana-maria-da-penha-nas-escolas-nesta-sexta-19\/","title":{"rendered":"Sess\u00e3o Solene celebra Semana Maria da Penha nas Escolas nesta sexta (19)"},"content":{"rendered":"\n<p>Foto: Carlos Gandra\/CLDF<br><\/p>\n\n\n\n<figure class=\"wp-block-image size-large\"><img decoding=\"async\" src=\"http:\/\/claricegulyas.com.br\/wp-content\/uploads\/2021\/11\/julia-lucy-carlos-gandra-1024x683.jpg\" alt=\"\" class=\"wp-image-9226\"\/><\/figure>\n\n\n\n<figure class=\"wp-block-image\"><img decoding=\"async\" src=\"https:\/\/www.cl.df.gov.br\/documents\/10162\/21129830\/1910900CG+%2874%29.jpg\/30e644d4-14d7-4e3b-a1ff-c2e59315de8d?t=1581702660000\" alt=\"A autora da Sess\u00e3o Solene, J\u00falia Lucy\"\/><\/figure>\n\n\n\n<p>A autora da Sess\u00e3o Solene, J\u00falia Lucy<\/p>\n\n\n\n<p>A C\u00e2mara Legislativa realiza Sess\u00e3o Solene Remota nesta sexta-feira (19), \u00e0s 19h, para celebrar a Lei n\u00ba 6325\/2019, que instituiu a Semana Maria da Penha nas Escolas, realizada&nbsp;anualmente em&nbsp;novembro em todo o Distrito Federal. De acordo com a autora da Lei e do evento, deputada J\u00falia Lucy (Novo), a \u201cSemana\u201d, al\u00e9m de conscientizar os estudantes, \u201ctem o objetivo de capacitar os educadores para o desenvolvimento de atividades no \u00e2mbito escolar, com a finalidade de desconstruir a cultura de viol\u00eancia em desfavor do g\u00eanero feminino\u201d.<\/p>\n\n\n\n<p>Para a distrital, trata-se de um importante instrumento para tornar a nova gera\u00e7\u00e3o mais consciente e preparada no combate \u00e0 viol\u00eancia. \u201cA Lei Maria da Penha representa um marco hist\u00f3rico no enfrentamento da viol\u00eancia de g\u00eanero no Brasil. Com a Semana Maria da Penha nas Escolas, estamos capacitando os profissionais da educa\u00e7\u00e3o para promover o debate acerca desse grave problema e conscientizando as futuras gera\u00e7\u00f5es para que possam romper com o ciclo de viol\u00eancia e construir uma cultura de paz\u201d, afirmou.<\/p>\n\n\n\n<p>O evento ter\u00e1 a participa\u00e7\u00e3o de membros do Judici\u00e1rio, do Executivo, da Pol\u00edcia Militar, da Pol\u00edcia Civil, das regionais de ensino e de especialistas em educa\u00e7\u00e3o e combate \u00e0 viol\u00eancia de g\u00eanero. A Sess\u00e3o Solene ter\u00e1 transmiss\u00e3o ao vivo pela TV C\u00e2mara Distrital no YouTube e no portal e-Democracia.<\/p>\n\n\n\n<p><em>*Com informa\u00e7\u00f5es&nbsp;da Assessoria de J\u00falia Lucy<\/em><\/p>\n","protected":false},"excerpt":{"rendered":"<p>Foto: Carlos Gandra\/CLDF A autora da Sess\u00e3o Solene, J\u00falia Lucy A C\u00e2mara Legislativa realiza Sess\u00e3o Solene Remota nesta sexta-feira (19), \u00e0s 19h, para celebrar a Lei n\u00ba 6325\/2019, que instituiu a Semana Maria da Penha nas Escolas, realizada&nbsp;anualmente em&nbsp;novembro em todo o Distrito Federal. De acordo com a autora da Lei e do evento, deputada [&hellip;]<\/p>\n","protected":false},"author":1,"featured_media":0,"comment_status":"open","ping_status":"open","sticky":false,"template":"","format":"standard","meta":{"footnotes":""},"categories":[],"tags":[],"class_list":["post-5347","post","type-post","status-publish","format-standard","hentry"],"_links":{"self":[{"href":"https:\/\/aguaslindasnoticias.com.br\/index.php\/wp-json\/wp\/v2\/posts\/5347","targetHints":{"allow":["GET"]}}],"collection":[{"href":"https:\/\/aguaslindasnoticias.com.br\/index.php\/wp-json\/wp\/v2\/posts"}],"about":[{"href":"https:\/\/aguaslindasnoticias.com.br\/index.php\/wp-json\/wp\/v2\/types\/post"}],"author":[{"embeddable":true,"href":"https:\/\/aguaslindasnoticias.com.br\/index.php\/wp-json\/wp\/v2\/users\/1"}],"replies":[{"embeddable":true,"href":"https:\/\/aguaslindasnoticias.com.br\/index.php\/wp-json\/wp\/v2\/comments?post=5347"}],"version-history":[{"count":0,"href":"https:\/\/aguaslindasnoticias.com.br\/index.php\/wp-json\/wp\/v2\/posts\/5347\/revisions"}],"wp:attachment":[{"href":"https:\/\/aguaslindasnoticias.com.br\/index.php\/wp-json\/wp\/v2\/media?parent=5347"}],"wp:term":[{"taxonomy":"category","embeddable":true,"href":"https:\/\/aguaslindasnoticias.com.br\/index.php\/wp-json\/wp\/v2\/categories?post=5347"},{"taxonomy":"post_tag","embeddable":true,"href":"https:\/\/aguaslindasnoticias.com.br\/index.php\/wp-json\/wp\/v2\/tags?post=5347"}],"curies":[{"name":"wp","href":"https:\/\/api.w.org\/{rel}","templated":true}]}}