{"id":5345,"date":"2023-01-04T10:12:26","date_gmt":"2023-01-04T13:12:26","guid":{"rendered":"https:\/\/aguaslindasnoticias.com.br\/index.php\/2023\/01\/04\/divulgacao-de-boletins-so-em-dias-uteis-nao-prejudica-analise-de-dados\/"},"modified":"2023-01-04T10:12:26","modified_gmt":"2023-01-04T13:12:26","slug":"divulgacao-de-boletins-so-em-dias-uteis-nao-prejudica-analise-de-dados","status":"publish","type":"post","link":"https:\/\/aguaslindasnoticias.com.br\/index.php\/2023\/01\/04\/divulgacao-de-boletins-so-em-dias-uteis-nao-prejudica-analise-de-dados\/","title":{"rendered":"Divulga\u00e7\u00e3o de boletins s\u00f3 em dias \u00fateis n\u00e3o prejudica an\u00e1lise de dados"},"content":{"rendered":"\n<p>Entenda como funciona a produ\u00e7\u00e3o dos informativos sobre casos e \u00f3bitos em decorr\u00eancia do coronav\u00edrus no DFAG\u00caNCIA BRAS\u00cdLIA* | EDI\u00c7\u00c3O: ROSUALDO RODRIGUES&nbsp;<\/p>\n\n\n\n<blockquote class=\"wp-block-quote is-layout-flow wp-block-quote-is-layout-flow\"><p>\u201cNeste novo momento da pandemia, n\u00e3o se observam mudan\u00e7as di\u00e1rias no cen\u00e1rio epidemiol\u00f3gico, permitindo maior dilig\u00eancia no processo de tomada de decis\u00e3o\u201dPriscilleyne Reis, chefe do Cievs-DF<\/p><\/blockquote>\n\n\n\n<p>A Secretaria de Sa\u00fade do Distrito Federal passou a publicar os boletins epidemiol\u00f3gicos de casos e \u00f3bitos por covid-19 somente nos dias \u00fateis. A mudan\u00e7a passou a valer a partir de novembro e ocorre em virtude da queda da capta\u00e7\u00e3o dos dados aos finais de semana e nos feriados. Com isso, os laborat\u00f3rios particulares compilam as informa\u00e7\u00f5es e as encaminham para a pasta no dia \u00fatil seguinte.<\/p>\n\n\n\n<p>Segundo a chefe do Centro de Informa\u00e7\u00f5es Estrat\u00e9gicas em Vigil\u00e2ncia em Sa\u00fade do Distrito Federal (Cievs-DF), Priscilleyne Reis, a divulga\u00e7\u00e3o apenas em dias \u00fateis n\u00e3o traz nenhum preju\u00edzo \u00e0 an\u00e1lise dos dados, uma vez que a maioria das informa\u00e7\u00f5es j\u00e1 \u00e9 naturalmente transmitida em dias \u00fateis.<\/p>\n\n\n\n<p>\u201cReiteramos que os dados s\u00e3o captados no primeiro dia \u00fatil subsequente, n\u00e3o havendo perda do dado ou preju\u00edzo na oportunidade de notifica\u00e7\u00e3o. Neste novo momento da pandemia, n\u00e3o se observam mudan\u00e7as di\u00e1rias no cen\u00e1rio epidemiol\u00f3gico, permitindo maior dilig\u00eancia no processo de tomada de decis\u00e3o\u201d, refor\u00e7a.<\/p>\n\n\n\n<figure class=\"wp-block-image\"><img decoding=\"async\" src=\"http:\/\/agenciabrasilia.df.gov.br\/wp-conteudo\/uploads\/2021\/11\/FOTO-GEOVANA-ALBUQUERQUE-AG%C3%8ANCIA-SA%C3%9ADE-3-1.jpg\" alt=\"\" class=\"wp-image-353795\"\/><figcaption>A publica\u00e7\u00e3o de boletins s\u00f3 em dias \u00fateis ocorre em virtude da queda da capta\u00e7\u00e3o dos dados aos finais de semana e nos feriados | Foto: Ag\u00eancia Sa\u00fade-DF<\/figcaption><\/figure>\n\n\n\n<p><strong>Transpar\u00eancia<\/strong><\/p>\n\n\n\n<p>A secretaria divulga duas s\u00ednteses junto com os informes di\u00e1rios: \u00f3bitos notificados e \u00f3bitos ocorridos. Priscilleyne esclarece que a s\u00edntese dos \u00f3bitos notificados se refere \u00e0s mortes cuja investiga\u00e7\u00e3o foi conclu\u00edda e notificada no dia, independentemente da sua data de ocorr\u00eancia.<\/p>\n\n\n\n<p>J\u00e1 a s\u00edntese de \u00f3bitos ocorridos corresponde aos dados de \u00f3bitos ocorridos, investigados e notificados na data em quest\u00e3o, ou seja, que efetivamente ocorreram naquele dia.<\/p>\n\n\n\n<p>Com a publica\u00e7\u00e3o do n\u00famero de \u00f3bitos notificados, s\u00e3o divulgadas tamb\u00e9m as datas de ocorr\u00eancia de cada um.<\/p>\n\n\n\n<p>\u201cTodos os \u00f3bitos com suspeita de covid-19 passam por um processo de investiga\u00e7\u00e3o, garantindo registro adequado do dado. H\u00e1 um tempo necess\u00e1rio entre a ocorr\u00eancia do \u00f3bito at\u00e9 sua notifica\u00e7\u00e3o \u00e0 equipe e conclus\u00e3o do processo de investiga\u00e7\u00e3o\u201d, explica a chefe do Cievs-DF.<\/p>\n\n\n\n<p><strong>M\u00e9dia m\u00f3vel<\/strong><\/p>\n\n\n\n<p>O c\u00e1lculo da m\u00e9dia m\u00f3vel visa facilitar a visualiza\u00e7\u00e3o da evolu\u00e7\u00e3o dos casos e mortes e \u00e9 feito por meio da m\u00e9dia simples no per\u00edodo de sete dias. A cada novo dia, o c\u00e1lculo \u00e9 refeito somando-se os valores daquele dia com os dos seis anteriores e dividindo o valor encontrado por sete. Isso permite verificar como est\u00e1 a evolu\u00e7\u00e3o da pandemia.<\/p>\n\n\n\n<p>Essa an\u00e1lise \u00e9 feita a partir da data de in\u00edcio de sintomas (para casos) e data de ocorr\u00eancia do \u00f3bito (m\u00e9dia de mortes), n\u00e3o sendo impactada pela data de notifica\u00e7\u00e3o do dado.<\/p>\n\n\n\n<p>Com rela\u00e7\u00e3o \u00e0 cura, s\u00e3o considerados recuperados os pacientes com mais de 14 dias do in\u00edcio dos sintomas e que n\u00e3o evolu\u00edram para \u00f3bito.<\/p>\n\n\n\n<p><em>*Com informa\u00e7\u00f5es da Secretaria de Sa\u00fade do DF<\/em><\/p>\n","protected":false},"excerpt":{"rendered":"<p>Entenda como funciona a produ\u00e7\u00e3o dos informativos sobre casos e \u00f3bitos em decorr\u00eancia do coronav\u00edrus no DFAG\u00caNCIA BRAS\u00cdLIA* | EDI\u00c7\u00c3O: ROSUALDO RODRIGUES&nbsp; \u201cNeste novo momento da pandemia, n\u00e3o se observam mudan\u00e7as di\u00e1rias no cen\u00e1rio epidemiol\u00f3gico, permitindo maior dilig\u00eancia no processo de tomada de decis\u00e3o\u201dPriscilleyne Reis, chefe do Cievs-DF A Secretaria de Sa\u00fade do Distrito Federal [&hellip;]<\/p>\n","protected":false},"author":1,"featured_media":0,"comment_status":"open","ping_status":"open","sticky":false,"template":"","format":"standard","meta":{"footnotes":""},"categories":[],"tags":[],"class_list":["post-5345","post","type-post","status-publish","format-standard","hentry"],"_links":{"self":[{"href":"https:\/\/aguaslindasnoticias.com.br\/index.php\/wp-json\/wp\/v2\/posts\/5345","targetHints":{"allow":["GET"]}}],"collection":[{"href":"https:\/\/aguaslindasnoticias.com.br\/index.php\/wp-json\/wp\/v2\/posts"}],"about":[{"href":"https:\/\/aguaslindasnoticias.com.br\/index.php\/wp-json\/wp\/v2\/types\/post"}],"author":[{"embeddable":true,"href":"https:\/\/aguaslindasnoticias.com.br\/index.php\/wp-json\/wp\/v2\/users\/1"}],"replies":[{"embeddable":true,"href":"https:\/\/aguaslindasnoticias.com.br\/index.php\/wp-json\/wp\/v2\/comments?post=5345"}],"version-history":[{"count":0,"href":"https:\/\/aguaslindasnoticias.com.br\/index.php\/wp-json\/wp\/v2\/posts\/5345\/revisions"}],"wp:attachment":[{"href":"https:\/\/aguaslindasnoticias.com.br\/index.php\/wp-json\/wp\/v2\/media?parent=5345"}],"wp:term":[{"taxonomy":"category","embeddable":true,"href":"https:\/\/aguaslindasnoticias.com.br\/index.php\/wp-json\/wp\/v2\/categories?post=5345"},{"taxonomy":"post_tag","embeddable":true,"href":"https:\/\/aguaslindasnoticias.com.br\/index.php\/wp-json\/wp\/v2\/tags?post=5345"}],"curies":[{"name":"wp","href":"https:\/\/api.w.org\/{rel}","templated":true}]}}