{"id":5344,"date":"2023-01-04T10:12:26","date_gmt":"2023-01-04T13:12:26","guid":{"rendered":"https:\/\/aguaslindasnoticias.com.br\/index.php\/2023\/01\/04\/uma-rota-segura-para-mais-de-3-mil-pessoas\/"},"modified":"2023-01-04T10:12:26","modified_gmt":"2023-01-04T13:12:26","slug":"uma-rota-segura-para-mais-de-3-mil-pessoas","status":"publish","type":"post","link":"https:\/\/aguaslindasnoticias.com.br\/index.php\/2023\/01\/04\/uma-rota-segura-para-mais-de-3-mil-pessoas\/","title":{"rendered":"Uma rota segura para mais de 3 mil pessoas"},"content":{"rendered":"\n<p>GDF inaugura via de 3,7 km que liga o Setor de Inflam\u00e1veis, no SIA, \u00e0 marginal da EPTG. Para garantir a mobilidade completa, h\u00e1 cal\u00e7adas e cicloviasIAN FERRAZ, DA AG\u00caNCIA BRAS\u00cdLIA I EDI\u00c7\u00c3O: CAROLINA JARDON&nbsp;<\/p>\n\n\n\n<p>Alternativa criada para casos de emerg\u00eancia, a Rota de Seguran\u00e7a, localizada entre o SIA e a EPTG, foi entregue nesta quarta-feira (17) pelo Governo do Distrito Federal (GDF). O trecho de 3,7 km de extens\u00e3o \u00e9 estrat\u00e9gico para a mobilidade urbana da regi\u00e3o e vai beneficiar mais de tr\u00eas mil pessoas que trabalham ou residem nas proximidades.<\/p>\n\n\n\n<p>Nesta obra, o GDF investiu aproximadamente R$ 12 milh\u00f5es e criou cerca de 400 empregos. E foi mais uma obra necess\u00e1ria que a atual gest\u00e3o tirou do papel. A inseguran\u00e7a com poss\u00edveis incidentes no local n\u00e3o \u00e9 recente e o projeto para constru\u00e7\u00e3o da via estava conclu\u00eddo desde 2009, mas nunca chegou a ser executado por falta de gest\u00e3o.<\/p>\n\n\n\n<p>\u201cEssa \u00e9 uma obra que era para ter sido feita h\u00e1 20 anos e, com o crescimento da regi\u00e3o, tornou-se quase que obrigat\u00f3ria essa Rota de Seguran\u00e7a. Estamos beneficiando a comunidade que reside aqui, e de forma segura trazemos esse trabalho para as empresas daqui\u201d, afirmou o governador Ibaneis Rocha durante a solenidade de inaugura\u00e7\u00e3o.<\/p>\n\n\n\n<figure class=\"wp-block-image\"><a href=\"http:\/\/www.agenciabrasilia.df.gov.br\/2021\/11\/17\/ruma-rota-segura-para-mais-de-3-mil-pessoas\/whatsapp-image-2021-11-17-at-13-10-16\/\" target=\"_blank\" rel=\"noreferrer noopener\"><img decoding=\"async\" src=\"http:\/\/www.agenciabrasilia.df.gov.br\/wp-conteudo\/uploads\/2021\/11\/WhatsApp-Image-2021-11-17-at-13.10.16.jpeg\" alt=\"\" class=\"wp-image-353952\"\/><\/a><figcaption>O trecho de 3,7 km de extens\u00e3o \u00e9 estrat\u00e9gico para a mobilidade urbana da regi\u00e3o e vai beneficiar mais de tr\u00eas mil pessoas que trabalham ou residem nas proximidades | Foto: Renato Alves\/Ag\u00eancia Bras\u00edlia<\/figcaption><\/figure>\n\n\n\n<p>A Rota de Seguran\u00e7a liga o Setor de Inflam\u00e1veis (localizado no SIA) \u00e0 marginal da Estrada Parque Taguatinga (EPTG). Ela \u00e9 composta por duas sa\u00eddas do Setor de Inflam\u00e1veis em continuidade a duas vias j\u00e1 existentes (IN-1 e IN-2), que seguem paralelamente \u00e0 via f\u00e9rrea at\u00e9 a marginal da EPTG, na altura do Setor Lucio Costa.<\/p>\n\n\n\n<p>Cada faixa de rolamento tem sete metros de largura, al\u00e9m de cal\u00e7adas e ciclovias. O local tamb\u00e9m recebeu drenagem, plantio de grama na rotat\u00f3ria e sinaliza\u00e7\u00e3o vertical e horizontal.<\/p>\n\n\n\n<p>A regi\u00e3o re\u00fane v\u00e1rios pontos de armazenamento e redistribui\u00e7\u00e3o de combust\u00edvel, o que refor\u00e7a a necessidade de uma rota alternativa. Al\u00e9m disso, colabora para desafogar o tr\u00e2nsito e facilitar o tr\u00e1fego dos caminh\u00f5es.<\/p>\n\n\n\n<p>\u201c\u00c9 uma \u00e1rea de inflam\u00e1veis, ent\u00e3o uma \u00e1rea pass\u00edvel de incidentes e acidentes. Era uma demanda antiga que a gente tinha para que existisse uma alternativa para sair desse setor em caso de emerg\u00eancia. Estamos cumprindo o papel e dando a quest\u00e3o de seguran\u00e7a para as empresas e para a popula\u00e7\u00e3o. E tamb\u00e9m se tornou uma rota alternativa de mobilidade urbana\u201d, afirmou o secret\u00e1rio de Obras, Luciano Carvalho.<\/p>\n\n\n\n<p>De acordo com a Petrobras, mais de oito bilh\u00f5es de litros de gasolina e diesel s\u00e3o recebidos, armazenados e distribu\u00eddos no local, raz\u00e3o pela qual um inc\u00eandio poderia acarretar consequ\u00eancias graves para regi\u00f5es pr\u00f3ximas, como Cidade Estrutural, Cidade do Autom\u00f3vel, Cruzeiro, Octogonal, L\u00facio Costa, Guar\u00e1 e Vicente Pires.<\/p>\n\n\n\n<p>\u201cEssa obra foi pensada pela Secretaria de Obras e pela Terracap porque n\u00e3o existia uma rota de fuga para as pessoas em caso de acidentes. N\u00f3s juntamos o projeto da secretaria com o investimento da Terracap. Com a integra\u00e7\u00e3o que existe neste governo conseguimos fazer essa entrega\u201d, acrescentou o presidente da Terracap, Izidio Santos.<\/p>\n\n\n\n<p>Presidente do Sindicato das Empresas de Transporte de Cargas e Log\u00edsticas no Distrito Federal (Sindibras), H\u00e9lio Camilo Marra elogiou a obra. \u201cEstamos bem no Setor de Transportes Rodovi\u00e1rio de de Cargas, uma rota com fluxo grande de caminh\u00f5es e temos a quest\u00e3o dos combust\u00edveis. Essa rota de fuga criada no governo Ibaneis traz um conforto e seguran\u00e7a muito grande ao setor\u201d.<\/p>\n\n\n\n<figure><iframe src=\"https:\/\/www.youtube.com\/embed\/gPOlwgjdNHk\" width=\"560\" height=\"315\" allowfullscreen=\"allowfullscreen\"><\/iframe><\/figure>\n","protected":false},"excerpt":{"rendered":"<p>GDF inaugura via de 3,7 km que liga o Setor de Inflam\u00e1veis, no SIA, \u00e0 marginal da EPTG. Para garantir a mobilidade completa, h\u00e1 cal\u00e7adas e cicloviasIAN FERRAZ, DA AG\u00caNCIA BRAS\u00cdLIA I EDI\u00c7\u00c3O: CAROLINA JARDON&nbsp; Alternativa criada para casos de emerg\u00eancia, a Rota de Seguran\u00e7a, localizada entre o SIA e a EPTG, foi entregue nesta [&hellip;]<\/p>\n","protected":false},"author":1,"featured_media":0,"comment_status":"open","ping_status":"open","sticky":false,"template":"","format":"standard","meta":{"footnotes":""},"categories":[],"tags":[],"class_list":["post-5344","post","type-post","status-publish","format-standard","hentry"],"_links":{"self":[{"href":"https:\/\/aguaslindasnoticias.com.br\/index.php\/wp-json\/wp\/v2\/posts\/5344","targetHints":{"allow":["GET"]}}],"collection":[{"href":"https:\/\/aguaslindasnoticias.com.br\/index.php\/wp-json\/wp\/v2\/posts"}],"about":[{"href":"https:\/\/aguaslindasnoticias.com.br\/index.php\/wp-json\/wp\/v2\/types\/post"}],"author":[{"embeddable":true,"href":"https:\/\/aguaslindasnoticias.com.br\/index.php\/wp-json\/wp\/v2\/users\/1"}],"replies":[{"embeddable":true,"href":"https:\/\/aguaslindasnoticias.com.br\/index.php\/wp-json\/wp\/v2\/comments?post=5344"}],"version-history":[{"count":0,"href":"https:\/\/aguaslindasnoticias.com.br\/index.php\/wp-json\/wp\/v2\/posts\/5344\/revisions"}],"wp:attachment":[{"href":"https:\/\/aguaslindasnoticias.com.br\/index.php\/wp-json\/wp\/v2\/media?parent=5344"}],"wp:term":[{"taxonomy":"category","embeddable":true,"href":"https:\/\/aguaslindasnoticias.com.br\/index.php\/wp-json\/wp\/v2\/categories?post=5344"},{"taxonomy":"post_tag","embeddable":true,"href":"https:\/\/aguaslindasnoticias.com.br\/index.php\/wp-json\/wp\/v2\/tags?post=5344"}],"curies":[{"name":"wp","href":"https:\/\/api.w.org\/{rel}","templated":true}]}}