{"id":5343,"date":"2023-01-04T10:12:26","date_gmt":"2023-01-04T13:12:26","guid":{"rendered":"https:\/\/aguaslindasnoticias.com.br\/index.php\/2023\/01\/04\/mobilizacao-alerta-comerciantes-do-sudoeste-sobre-descarte-de-residuos\/"},"modified":"2023-01-04T10:12:26","modified_gmt":"2023-01-04T13:12:26","slug":"mobilizacao-alerta-comerciantes-do-sudoeste-sobre-descarte-de-residuos","status":"publish","type":"post","link":"https:\/\/aguaslindasnoticias.com.br\/index.php\/2023\/01\/04\/mobilizacao-alerta-comerciantes-do-sudoeste-sobre-descarte-de-residuos\/","title":{"rendered":"Mobiliza\u00e7\u00e3o alerta comerciantes do Sudoeste sobre descarte de res\u00edduos"},"content":{"rendered":"\n<p>Com apoio da administra\u00e7\u00e3o regional, equipes do SLU percorreram a avenida principal orientando empres\u00e1riosAG\u00caNCIA BRAS\u00cdLIA* | EDI\u00c7\u00c3O: RENATA LU&nbsp;<\/p>\n\n\n\n<p>Equipes de mobiliza\u00e7\u00e3o do Servi\u00e7o de Limpeza Urbana (SLU) passaram na manh\u00e3 desta quarta-feira (17) pela avenida principal do Sudoeste conversando com comerciantes e empres\u00e1rios sobre como fazer a gest\u00e3o adequada dos res\u00edduos. Com apoio da administra\u00e7\u00e3o regional, explicaram que quem produz mais de 120 litros de res\u00edduos org\u00e2nicos ou rejeitos por dia \u00e9 classificado como grande gerador e deve, portanto, contratar uma empresa para fazer o descarte.<\/p>\n\n\n\n<figure class=\"wp-block-image\"><img decoding=\"async\" src=\"http:\/\/agenciabrasilia.df.gov.br\/wp-conteudo\/uploads\/2021\/11\/Empres%C3%A1rio-Cleverson-Catto.png\" alt=\"\" class=\"wp-image-353987\"\/><figcaption>O empres\u00e1rio Cleverson Catto (na foto, \u00e0 esquerda) faz a separa\u00e7\u00e3o dos res\u00edduos em seu restaurante e doa os recicl\u00e1veis para uma cooperativa | Foto: Divulga\u00e7\u00e3o\/SLU<\/figcaption><\/figure>\n\n\n\n<p>\u201cPara se ter uma ideia de quantidade, 120 litros seria o equivalente a um saco de lixo de 100 litros e mais quatro sacolinhas de supermercado pequenas. Ou seja, quem produz mais do que isso, de acordo com a legisla\u00e7\u00e3o, deve ter seu pr\u00f3prio cont\u00eainer e contratar uma empresa para fazer a gest\u00e3o desses res\u00edduos. Quem \u00e9 grande gerador n\u00e3o pode utilizar o papa-lixo, por exemplo, que \u00e9 para uso convencional\u201d, explica a coordenadora de Mobiliza\u00e7\u00e3o do SLU, Efig\u00eania Lustosa.<\/p>\n\n\n\n<blockquote class=\"wp-block-quote is-layout-flow wp-block-quote-is-layout-flow\"><p>\u201cSe todos fizerem sua parte, certamente n\u00f3s teremos nossas cidades mais bem cuidadas. As pessoas ainda t\u00eam muitas d\u00favidas sobre como fazer a separa\u00e7\u00e3o. Nossa fun\u00e7\u00e3o \u00e9 esclarecer essas quest\u00f5es, n\u00e3o s\u00f3 para comerciantes, mas para os moradores tamb\u00e9m\u201dErick Ramos, mobilizador do SLU<\/p><\/blockquote>\n\n\n\n<p>A administradora regional do Sudoeste, Walkiria Garcia, agradeceu pela iniciativa. \u201cEsse trabalho de educa\u00e7\u00e3o e conscientiza\u00e7\u00e3o \u00e9 muito importante. Vamos conversar mais. Esse movimento vai nos ajudar para que nossa cidade fique cada dia melhor e mais limpa\u201d, destacou.<\/p>\n\n\n\n<p>Um dos primeiros com\u00e9rcios visitados pela equipe de mobiliza\u00e7\u00e3o foi o restaurante e bar do empres\u00e1rio Cleverson Catto, o Buteko 101. L\u00e1, ele faz a separa\u00e7\u00e3o em seis tipos de res\u00edduos: indiferenciados, lata, papel\u00e3o, pl\u00e1stico, vidro e lixo org\u00e2nico. Os recicl\u00e1veis s\u00e3o doados para uma cooperativa. J\u00e1 os indiferenciados e org\u00e2nicos s\u00e3o colocados em um cont\u00eainer pr\u00f3prio e coletado por uma empresa especializada.<\/p>\n\n\n\n<p>\u201cN\u00f3s entendemos que quando fazemos esse trabalho temos uma organiza\u00e7\u00e3o muito melhor na opera\u00e7\u00e3o. A gente v\u00ea para onde est\u00e1 indo o lixo org\u00e2nico, o volume do desperd\u00edcio. Al\u00e9m disso, a gente ajuda com a limpeza da nossa regi\u00e3o, pois n\u00e3o fica lixo acumulado\u201d, afirma Catto.<\/p>\n\n\n\n<p>O mobilizador Erick Ramos participou da a\u00e7\u00e3o e destacou a import\u00e2ncia desse tipo de conscientiza\u00e7\u00e3o: \u201cSe todos fizerem sua parte, certamente n\u00f3s teremos nossas cidades mais bem cuidadas. As pessoas ainda t\u00eam muitas d\u00favidas sobre como fazer a separa\u00e7\u00e3o. Nossa fun\u00e7\u00e3o \u00e9 esclarecer essas quest\u00f5es, n\u00e3o s\u00f3 para comerciantes, mas para os moradores tamb\u00e9m\u201d.<\/p>\n\n\n\n<p>Atualmente, o Sudoeste conta com 27 papa-lixos \u2013 cont\u00eaineres semienterrados destinados ao descarte de res\u00edduos org\u00e2nicos, que devem ser acondicionados adequadamente em sacos pl\u00e1sticos resistentes-, sendo 14 nas AOS e 13 nas quadras comerciais. \u00c9 proibido o descarte por grandes geradores e tamb\u00e9m depositar quaisquer outros tipos de res\u00edduos como recicl\u00e1veis e podas de \u00e1rvores. A regi\u00e3o possui ainda 18 papa-recicl\u00e1veis.<\/p>\n\n\n\n<p>Para conhecer melhor a legisla\u00e7\u00e3o sobre os grandes geradores de res\u00edduos, acesse:&nbsp;<a href=\"https:\/\/www.slu.df.gov.br\/wp-content\/uploads\/2019\/07\/FAQ-GRANDE-GERADORES-FINAL.pdf\" target=\"_blank\" rel=\"noreferrer noopener\">https:\/\/www.slu.df.gov.br\/wp-content\/uploads\/2019\/07\/FAQ-GRANDE-GERADORES-FINAL.pdf<\/a>.<\/p>\n\n\n\n<p><em>*Com informa\u00e7\u00f5es do SLU<\/em><\/p>\n","protected":false},"excerpt":{"rendered":"<p>Com apoio da administra\u00e7\u00e3o regional, equipes do SLU percorreram a avenida principal orientando empres\u00e1riosAG\u00caNCIA BRAS\u00cdLIA* | EDI\u00c7\u00c3O: RENATA LU&nbsp; Equipes de mobiliza\u00e7\u00e3o do Servi\u00e7o de Limpeza Urbana (SLU) passaram na manh\u00e3 desta quarta-feira (17) pela avenida principal do Sudoeste conversando com comerciantes e empres\u00e1rios sobre como fazer a gest\u00e3o adequada dos res\u00edduos. Com apoio da [&hellip;]<\/p>\n","protected":false},"author":1,"featured_media":0,"comment_status":"open","ping_status":"open","sticky":false,"template":"","format":"standard","meta":{"footnotes":""},"categories":[],"tags":[],"class_list":["post-5343","post","type-post","status-publish","format-standard","hentry"],"_links":{"self":[{"href":"https:\/\/aguaslindasnoticias.com.br\/index.php\/wp-json\/wp\/v2\/posts\/5343","targetHints":{"allow":["GET"]}}],"collection":[{"href":"https:\/\/aguaslindasnoticias.com.br\/index.php\/wp-json\/wp\/v2\/posts"}],"about":[{"href":"https:\/\/aguaslindasnoticias.com.br\/index.php\/wp-json\/wp\/v2\/types\/post"}],"author":[{"embeddable":true,"href":"https:\/\/aguaslindasnoticias.com.br\/index.php\/wp-json\/wp\/v2\/users\/1"}],"replies":[{"embeddable":true,"href":"https:\/\/aguaslindasnoticias.com.br\/index.php\/wp-json\/wp\/v2\/comments?post=5343"}],"version-history":[{"count":0,"href":"https:\/\/aguaslindasnoticias.com.br\/index.php\/wp-json\/wp\/v2\/posts\/5343\/revisions"}],"wp:attachment":[{"href":"https:\/\/aguaslindasnoticias.com.br\/index.php\/wp-json\/wp\/v2\/media?parent=5343"}],"wp:term":[{"taxonomy":"category","embeddable":true,"href":"https:\/\/aguaslindasnoticias.com.br\/index.php\/wp-json\/wp\/v2\/categories?post=5343"},{"taxonomy":"post_tag","embeddable":true,"href":"https:\/\/aguaslindasnoticias.com.br\/index.php\/wp-json\/wp\/v2\/tags?post=5343"}],"curies":[{"name":"wp","href":"https:\/\/api.w.org\/{rel}","templated":true}]}}