{"id":5342,"date":"2023-01-04T10:12:26","date_gmt":"2023-01-04T13:12:26","guid":{"rendered":"https:\/\/aguaslindasnoticias.com.br\/index.php\/2023\/01\/04\/ninguem-segura-elas\/"},"modified":"2023-01-04T10:12:26","modified_gmt":"2023-01-04T13:12:26","slug":"ninguem-segura-elas","status":"publish","type":"post","link":"https:\/\/aguaslindasnoticias.com.br\/index.php\/2023\/01\/04\/ninguem-segura-elas\/","title":{"rendered":"Ningu\u00e9m segura elas!"},"content":{"rendered":"\n<figure class=\"wp-block-image size-large\"><img decoding=\"async\" src=\"http:\/\/claricegulyas.com.br\/wp-content\/uploads\/2021\/11\/Fuzue\u0302-Candango-cre\u0301dito-Ian-Barros-1024x905.jpg\" alt=\"\" class=\"wp-image-9210\"\/><\/figure>\n\n\n\n<p><em>Com produ\u00e7\u00f5es culturais protagonizadas por mulheres, o projeto OPER\u00c1RIAS DAS ARTES ter\u00e1 exibi\u00e7\u00e3o gratuita nos canais do Projeto nos dias 20 e 21<\/em><br><\/p>\n\n\n\n<p>Elas querem e podem tudo e muito mais no Projeto Oper\u00e1ria das Artes que no s\u00e1bado e domingo (20 e 21\/11), a partir das 15h, &nbsp;contar\u00e1 com apresenta\u00e7\u00f5es protagonizadas por mulheres como&nbsp;<strong>Ana Ca\u00f1as, Georgia W. Al\u00f4, Edi\u00e1, Em\u00edlia Monteiro, Haynna e os Verdes, Jirlene Pascoal, DJ Raquel,<\/strong>&nbsp;entre outras, num total de 16 apresenta\u00e7\u00f5es entre m\u00fasica, teatro, e DJ (abaixo a programa\u00e7\u00e3o completa).&nbsp; Tudo com exibi\u00e7\u00e3o gratuita no canal de Youtube e Facebook do projeto, que ser\u00e1 realizado por meio de um Termo de Fomento da Secretaria de Estado de Cultura e Economia Criativa, do GDF.<br><\/p>\n\n\n\n<p>&#8220;As produ\u00e7\u00f5es culturais protagonizadas por mulheres t\u00eam o cond\u00e3o de fazer transitar a quest\u00e3o de g\u00eanero em ambientes de forma\u00e7\u00e3o de ideias e valores. A poesia, teatro e m\u00fasica podem e devem ser utilizados no Distrito Federal como poderosos instrumentos de est\u00edmulo \u00e0 cria\u00e7\u00e3o de uma nova cultura de equidade de g\u00eanero&#8221;, afirma a idealizadora do projeto, &nbsp;Nanci Ara\u00fajo.<\/p>\n\n\n\n<p>Nanci tamb\u00e9m pontua que a cultura, bem como a economia popular e solid\u00e1ria, s\u00e3o compreendidas nesse projeto como eficientes ferramentas de transforma\u00e7\u00e3o dos paradigmas que insistem em se opor \u00e0 emancipa\u00e7\u00e3o das mulheres na sociedade contempor\u00e2nea. Com isso, segundo ela contribui com a transversalidade da quest\u00e3o de g\u00eanero nas pol\u00edticas de cultura ao mesmo tempo que delineia a\u00e7\u00f5es capazes de ampliar o olhar de g\u00eanero nas pol\u00edticas da cultura, e indica caminhos para o potencial transformador do fazer cultural feminino.<br><br>Para ela, o Oper\u00e1rias das Artes est\u00e1 completamente alinhado com o conceito de economia criativa, pois a programa\u00e7\u00e3o diversificada apresenta capital intelectual carregado por valores simb\u00f3licos que comp\u00f5em imagin\u00e1rio da produ\u00e7\u00e3o cultural feminina e ao mesmo tempo valoriza a produ\u00e7\u00e3o, a distribui\u00e7\u00e3o e o consumo de bens e servi\u00e7os criativos em formato online. &#8220;Tudo com destaque para o apoio \u00e0 ocupa\u00e7\u00e3o art\u00edstica e cultural da cidade em formato online para atua\u00e7\u00e3o em \u00e1reas da cadeia produtiva da cultura, que hoje \u00e9 predominantemente masculina, bem como a amplia\u00e7\u00e3o dos mecanismos de fomento e da participa\u00e7\u00e3o das mulheres nas pol\u00edticas de fomento cultural&#8221;, finaliza.<\/p>\n\n\n\n<p><strong>LIBRAS E AUDIODESCRI\u00c7\u00c3O<\/strong><br>O projeto contar\u00e1 com int\u00e9rpretes em LIBRAS em TODAS as apresenta\u00e7\u00f5es. Al\u00e9m disso, tamb\u00e9m ser\u00e1 feito um compacto de todas as apresenta\u00e7\u00f5es com Audiodescri\u00e7\u00e3o.<\/p>\n\n\n\n<p><strong>Programa\u00e7\u00e3o<\/strong><\/p>\n\n\n\n<figure class=\"wp-block-table\"><table><tbody><tr><td><strong>Live &#8211; 1\u00ba Dia<\/strong><\/td><td><strong>20\/11\/2021<\/strong><\/td><\/tr><tr><td><strong>Georgia W Al\u00f4<\/strong><\/td><td><strong>15h \u00e0s 15h40<\/strong><\/td><\/tr><tr><td><strong>Edi\u00e1<\/strong><\/td><td><strong>15h50 \u00e0s 16h30<\/strong><\/td><\/tr><tr><td><strong>Soul + Eu<\/strong><\/td><td><strong>16h40 \u00e0s 17h20<\/strong><\/td><\/tr><tr><td><strong>Renata C\u00e2mara<\/strong><\/td><td><strong>17h30 \u00e0s 18h10<\/strong><\/td><\/tr><tr><td><strong>Taleta de Bambu<\/strong><\/td><td><strong>18h20 \u00e0s 19h<\/strong><\/td><\/tr><tr><td><strong>Haynna e os Verdes<\/strong><\/td><td><strong>19h10 \u00e0s 19h50<\/strong><\/td><\/tr><tr><td><strong>Mar\u00edlia Abreu e&nbsp; Clara Abreu<\/strong><\/td><td><strong>20h&nbsp;<\/strong><strong>\u00e0s<\/strong><strong>&nbsp;20h30<\/strong><\/td><\/tr><tr><td><strong>Em\u00edlia Monteiro<\/strong><\/td><td><strong>20h40 \u00e0s 21h20<\/strong><\/td><\/tr><\/tbody><\/table><\/figure>\n\n\n\n<figure class=\"wp-block-table\"><table><tbody><tr><td><strong>Live &#8211; 2\u00ba Dia &#8211;<\/strong><\/td><td><strong>21\/11\/2021<\/strong><\/td><\/tr><tr><td><strong>Jirlene Pascoal<\/strong><\/td><td><strong>15h \u00e0s 15h30<\/strong><\/td><\/tr><tr><td><strong>Marg\u00f4 Oliveira<\/strong><\/td><td><strong>15h40 \u00e0s 16h20<\/strong><\/td><\/tr><tr><td><strong>DJ Raquel<\/strong><\/td><td><strong>16h30 \u00e0s 17h10<\/strong><\/td><\/tr><tr><td><strong>3 No Brega<\/strong><\/td><td><strong>17h20 \u00e0s 18h<\/strong><\/td><\/tr><tr><td><strong>Fuzu\u00ea Candango<\/strong><\/td><td><strong>18h10 \u00e0s 18h50<\/strong><\/td><\/tr><tr><td><strong>Eleni Fagundes<\/strong><\/td><td><strong>19h \u00e0s 19h40<\/strong><\/td><\/tr><tr><td><strong>Lene Matos<\/strong><\/td><td><strong>19h50h \u00e0s 20h30<\/strong><\/td><\/tr><tr><td><strong>Ana C\u00e3nas<\/strong><\/td><td><strong>20h40 \u00e0s 21h20<\/strong><\/td><\/tr><\/tbody><\/table><\/figure>\n\n\n\n<p><strong>Primeiro dia<\/strong><\/p>\n\n\n\n<p><strong>15h &#8211;&nbsp;<\/strong>&nbsp;<strong>Georgia W Al\u00f4&nbsp;<\/strong>preparou um repert\u00f3rio muito especial para o show. Reconhecida pela sua extens\u00e3o vocal privilegiada, tendo nas interpreta\u00e7\u00f5es fortes e improvisa\u00e7\u00f5es a sua marca, Ge\u00f3rgia W. Al\u00f4 tamb\u00e9m \u00e9 compositora e apresentar\u00e1 essencialmente can\u00e7\u00f5es de sua autoria em portugu\u00eas e ingl\u00eas, interpretando m\u00fasicas do seu primeiro cd \u201cDance Soul\u201d, do seu EP \u201cLet it out\u201d assim como o seu single \u201cSOU\u201d e novas composi\u00e7\u00f5es que ser\u00e3o lan\u00e7adas ainda neste ano. A banda que acompanhar\u00e1 a cantora \u00e9 formada por Carlos Vinicius (guitarra) Rafael de Sousa (baixo), Alex Alves (teclados) e Stive Marta (bateria).<\/p>\n\n\n\n<p><strong>15h50 &#8211;&nbsp;&nbsp;<\/strong><strong>Edi\u00e1&nbsp;<\/strong>\u00e9 rapper, cantora, compositora, dan\u00e7arina, dreadmaker, nascida em Rondon &#8211; PA. Iniciou sua carreira no Rap atrav\u00e9s do breaking enquanto dan\u00e7arina por volta dos 11 anos. Traz consigo suas ra\u00edzes do carimb\u00f3, viajando do Rap ao R&amp;B Soul.Integra atualmente o selo de rap &#8220;MadreCalle&#8221; diretamente de Ceil\u00e2ndia.<\/p>\n\n\n\n<p><strong>16h40 &#8211;&nbsp;<\/strong><strong>Soul + Eu &#8211;&nbsp;&nbsp;<\/strong>Criada em 2021 e formada por artistas e instrumentistas ligados \u00e0 musicalidade negra. Traz um toque de originalidade com grandes nomes da m\u00fasica preta brasileira e internacional. A resist\u00eancia da arte como um todo \u00e9 o forte da banda, black<\/p>\n\n\n\n<p>music, soul, jazz e samba comp\u00f5e repert\u00f3rios inesquec\u00edveis para o p\u00fablico de todas as idades.<\/p>\n\n\n\n<p><strong>17h30-&nbsp;<\/strong><strong>Renata C\u00e2mara&nbsp;<\/strong>\u00e9 professora, nascida na cidade do Gama. Teve influ\u00eancia musical desde muito cedo, nas rodas de viol\u00e3o e serestas que seus pais participavam. J\u00e1 cantou com artistas conhecidos na cidade, como o saudoso An\u00edsio, Assis negro gato, Francis, J\u00fanior Canhoto, Jenis Bragan\u00e7a, entre outros. Tem predile\u00e7\u00e3o pelo Rock&#8217;n&#8217;roll, mas n\u00e3o esquece suas ra\u00edzes na MPB e samba de raiz. J\u00e1 participou do programa &nbsp;de TV Saber Viver &nbsp;com M\u00fasica, festival Cultural do Gama, festival da primavera, no Gama, Feira do Troca Cultural, em Olhos d&#8217;\u00e1gua, entre outros.<\/p>\n\n\n\n<p><strong>18h20<\/strong>&#8211;&nbsp;<strong>Taleta de Bambu &#8211;<\/strong>&nbsp;No repert\u00f3rio, versos retratos do sert\u00e3o, palavras &#8220;dizidas&#8221; no interior, antigas can\u00e7\u00f5es populares, cantigas dos folguedos, das emboladas, de bois e pe\u00e7as de autoria de integrantes do grupo e de parceiros na caminhada romeira da arte. O que significa uma releitura de composi\u00e7\u00f5es de artistas do DF. O grupo Taleta de Bambu segue pesquisa para aprimoramento de algumas pe\u00e7as e estilos j\u00e1 trabalhados e inova, nas cantigas das rodas, dos reis e dos reisados &#8211; \u2018Dona Mariquinha\u2019 \u2018Acorda Maria\u2019 e o \u2018Grande Poder\u2019 do Mestre Verdelino. Afinal, o grupo de amigos de bons tempos se juntou pra defender a cultura popular e tradicional de diversas regi\u00f5es do Pa\u00eds.<\/p>\n\n\n\n<p><strong>19h10-<\/strong>&nbsp;<strong>Haynna e os Verdes&nbsp;<\/strong>\u00e9 uma banda autoral e mistura rock, blues e brasilidades. O grupo lan\u00e7ou seu primeiro disco em novembro de 2018. O \u00e1lbum tem 11 faixas e foi indicado em duas categorias do Pr\u00eamio Profissionais da M\u00fasica 2019, como melhor int\u00e9rprete de rock e melhor int\u00e9rprete de blues, finalista nesta \u00faltima. Em dezembro de 2019, para comemorar o primeiro anivers\u00e1rio do \u00e1lbum, o grupo fez um show comemorativo no&nbsp;<a href=\"http:\/\/showlivre.com\/\">showlivre.com<\/a>, em S\u00e3o Paulo. A apresenta\u00e7\u00e3o, al\u00e9m de celebrar as conquistas do disco, resultou no primeiro DVD\/\u00e1lbum ao vivo da banda, que marca o lugar do grupo brasiliense como um dos \u00fanicos do DF selecionado para gravar o show exclusivo.<\/p>\n\n\n\n<p><strong>20h<\/strong>&#8211;&nbsp;<strong>Mar\u00edlia Abreu e Clara Abreu &#8211; espet\u00e1culo Dona Dinha-&nbsp;&nbsp;<\/strong>Mar\u00edlia Abreu \u00e9 atriz, palha\u00e7a, brincante de cultura popular, educadora e gestora cultural no Distrito Federal h\u00e1 mais de 30 anos. \u00c9 idealizadora e gestora do Espa\u00e7o Imagin\u00e1rio Cultural em Samambaia\/DF, \u00e9 uma das fundadoras da Cia Teatral Roupa de Ensaio criada no ano de 2000, onde atua, dirige e produz diversos espet\u00e1culos da Cia. Comp\u00f5e o elenco de Dona Dinha, um dos espet\u00e1culos do repert\u00f3rio do grupo, em que atua como atriz em cena com Clara Abreu.&nbsp;<strong>Dona Dinha&nbsp;<\/strong>\u00e9 um espet\u00e1culo que aborda um Brasil de diversos \u201cdizeres\u201d, sabores e sabedorias. Entre bonecas, conta\u00e7\u00f5es e cantigas, Dona Dinha revela a vida simples e s\u00e1bia do interior brasileiro. Acompanhada da \u201cMenina\u201d, compartilham estrada, tempo e vida, aprendizados e conflitos de m\u00e3e e filha, sem ser. Ou, s\u00e3o?&nbsp;<\/p>\n\n\n\n<p><strong>20h40<\/strong>&nbsp;&#8211;&nbsp;<strong>Em\u00edlia Monteiro<\/strong> \u00e9 cantora de fam\u00edlia amapaense, radicada em Bras\u00edlia. Come\u00e7ou sua carreira atuando e cantando, fazendo parte da Companhia dos Menestr\u00e9is de Oswaldo Montenegro na capital. O \u00e1lbum \u201cCheia de Gra\u00e7a\u201d nasceu de suas lembran\u00e7as afetivas e familiares com os ritmos do Norte. Sua presen\u00e7a de palco irreverente e intensa se destaca pela forte interpreta\u00e7\u00e3o e entrega , resultando num show quente, excitante, dan\u00e7ante, envolvente e brasileir\u00edssimo, com repert\u00f3rio que vai desde m\u00fasicas do seu primeiro CD ( Cheia de Gra\u00e7a), a composi\u00e7\u00f5es de Pinduca, Felipe Cordeiro, Calypso, Dona Onete, e outros referenciais amaz\u00f4nico\/caribenhos.<\/p>\n\n\n\n<p><strong>Segundo dia<\/strong><\/p>\n\n\n\n<p><strong>15h &#8211;&nbsp;<\/strong>&nbsp;<strong>Jirlene Pascoal (atriz)&nbsp;<\/strong>participa de v\u00e1rios saraus de Bras\u00edlia, como mestre de cerimonias e declamando poemas. Os poemas por ela recitados na sua &nbsp;maioria poemas de mulheres, que falam de suas dores,alegrias tristeza de forma l\u00fadica , fazendo um resgate da alma feminina, com isso &nbsp;e fortalecendo a luta da mulher na sociedade.<\/p>\n\n\n\n<p><strong>15h40 &#8211;&nbsp;<\/strong><strong>Marg\u00f4 Oliveira&nbsp;<\/strong>\u00e9 poeta, e realiza performances po\u00e9tico-teatrais, se apresentando em in\u00fameros teatros, palcos e bares do Distrito Federal. Acompanhada dos m\u00fasicos Ronaldo Alencar (viol\u00e3o de 6 e 12 cordas) e Cleb\u00e9rson Marques (percuss\u00e3o e voz), ela apresentar\u00e1 um musical po\u00e9tico que homenagear\u00e1 as mulheres e o Dia Nacional da Consci\u00eancia Negra.<\/p>\n\n\n\n<p><strong>16h30 &#8211;&nbsp;<\/strong><strong>DJ Raquel &#8211;&nbsp;<\/strong>DJ, arte educadora e produtora cultural. Especializou-se no estilo musical House Music. Participou de diversos projetos de m\u00fasica eletr\u00f4nica, boates e palcos culturais. Atuou em projetos sociais, pra\u00e7as p\u00fablicas e saraus. Foi DJ em Batalhas de Rima, Pistas de Skate e C\u00e9u das Artes. Foi produtora cultural nos Coletivos Ubuntu, Reflexo das Ruas, Firma de Scratches, BPM e Positive com organiza\u00e7\u00e3o de eventos, palestras e capacita\u00e7\u00f5es.<\/p>\n\n\n\n<p><strong>17h20 &#8211; 3 No Brega&nbsp;&nbsp;<\/strong>apresenta o espet\u00e1culo que est\u00e1 em cartaz h\u00e1 10 anos, sempre com casa lotada e aclamado espet\u00e1culo \u201cNoite Brega mais animada do DF\u201d.&nbsp; No palco, nascem de improviso, em todos os shows, novas coreografias, piadas e brincadeiras, que contagiam o p\u00fablico e d\u00e3o sempre ares renovados ao trabalho. No roteiro, est\u00e3o m\u00fasicas como Gar\u00e7om, Menina Veneno e Fogo e paix\u00e3o, entre outras p\u00e9rolas do g\u00eanero. Por isso, existem grupos que h\u00e1 mais de um ano acompanham o espet\u00e1culo, al\u00e9m de gente que vem pela primeira vez ao show e logo vira f\u00e3. Madelon Cabral, Nilson Lima e Andr\u00e914Voltas mandam ver nos vocais, sendo acompanhados pelos instrumentistas Agilson Alc\u00e2ntara (guitarra, dire\u00e7\u00e3o musical e arranjos), Renato Gl\u00f3ria (bateria) e Edson Arcanjo (viol\u00e3o). Na produ\u00e7\u00e3o de Ribamar Ara\u00fajo.<\/p>\n\n\n\n<p><strong>18h10 &#8211;&nbsp;<\/strong><strong>Fuzu\u00ea Candango&nbsp;<\/strong>\u00e9 um grupo musical que teve origem em 2008 e \u00e9 composto por m\u00fasicos da cidade que carregam consigo a leveza da vida simples, mas sobretudo, a responsabilidade de mostrar o que h\u00e1 de melhor na periferia da capital federal da rep\u00fablica.&nbsp; Com Josiane Ara\u00fajo &#8211; Voz e percuss\u00e3o, Lina Rehem &#8211; Voz, Magoo Vale Rio &#8211; Voz e Viol\u00e3o, Beto Nascimento &#8211; Contrabaixo, Luiz Coelho &#8211; Percuss\u00e3o e Vav\u00e1 Ara\u00e7\u00e1 &#8211; Voz e Sanfona, o grupo j\u00e1 fez aberturas de shows dos seguintes artistas nacionais: Geraldo Azevedo, D\u00e9rcio Marques, K\u00e1tia Teixeira, Zeca Baleiro e Olodum.<\/p>\n\n\n\n<p><strong>19h &#8211;<\/strong>&nbsp;<strong>Eleni Fagundes&nbsp;<\/strong>estudou piano e canto na Escola de M\u00fasica de Bras\u00edia, Escola de SP e Manaus. Como soprano, participou do Coral a UnB, Madrigal UnB, Coral Messi\u00e2nico, Coral da Univesidade do Amazonas, com apresenta\u00e7\u00f5es no Brasil , Canad\u00e1, Su\u00e9cia, Gr\u00e9cia, Alemanha e Espanha. Participou do recital Modinhas e Lundus, em Manaus e Bras\u00edlia, com can\u00e7\u00f5es brasileiras do s\u00e9culo XVIII e XIX. Criou o Grupo Merceditas onde canta e dirige, com repert\u00f3rio em homenagem \u00e0 Mercedes Sosa. Lan\u00e7ou seu primeiro \u00e1lbum \u201cRaz\u00f3n de Vivir\u201d, com o grupo Merceditas. Acompanhada por Chico Nogueira apresentar\u00e1 can\u00e7\u00f5es latino-americanas, regionais brasileiras e cl\u00e1ssicos da m\u00fasica mundial.<\/p>\n\n\n\n<p><strong>19h50-&nbsp;<\/strong><strong>Lene Matos&nbsp;<\/strong>\u00e9 uma cantora vers\u00e1til com influencias de cantores e mestres da m\u00fasica brasileira como Elis Regina, Milton Nascimento, Jo\u00e3o Bosco, Ivan Lins entre outros, e grandes nomes da m\u00fasica internacional de destaque como Ella Fitzgerald, Billie Holiday, Sharon Jones, Sara Vaugan e outras divas do jazz. No ano de 2019, Em 2019, Lene Matos se apresentou no 1o de Maio, como atra\u00e7\u00e3o local, abrindo o show de Vanessa da Mata e Odair Jos\u00e9. Em 2020, abre a live de Arnaldo Antunes e faz um debate sobre<\/p>\n\n\n\n<p>Racismo Estrutural com o rapper GoG. Agora a artista al\u00e7a novos voos nos palcos de lives pelo pa\u00eds.<\/p>\n\n\n\n<p><strong>20h40-&nbsp;<\/strong><strong>Ana C\u00e3nas&nbsp;<\/strong>estreia no mercado fonogr\u00e1fico em 2007 com o \u00e1lbum Amor e Caos e \u00e9 considerada a revela\u00e7\u00e3o musical do ano pela cr\u00edtica especializada. Em 2009 lan\u00e7a seu segundo \u00e1lbum, Hein?, que traz as primeiras parceiras com Arnaldo Antunes e tamb\u00e9m a balada \u2018Esconderijo\u2019. No mesmo ano, grava com Nando Reis a m\u00fasica \u2018Pra Voc\u00ea Guardei o Amor\u2019 &#8211; dueto que se tornou um grande sucesso nacional. Em 2012, Ana lan\u00e7a o \u00e1lbum Volta &#8211; que apresenta uma vers\u00e3o para \u2018Rock And Roll\u2019 do Led Zeppelin e as autorais \u2018Ser\u00e1 que Voc\u00ea Me Ama?\u2019 e \u2018Urubu Rei\u2019. O disco transformou-se, posteriormente, no show e DVD &#8220;Cora\u00e7\u00e3o Inevit\u00e1vel&#8221; e contou com a dire\u00e7\u00e3o e ilumina\u00e7\u00e3o de Ney Matogrosso. Em 2015 lan\u00e7a T\u00f4 Na Vida, o 4\u00ba \u00e1lbum de est\u00fadio e o primeiro totalmente autoral.<br>Em 2017, Ana lan\u00e7a o single \u2018Respeita\u2019 &#8211; m\u00fasica que aborda diretamente a viol\u00eancia de g\u00eanero e o ass\u00e9dio. A m\u00fasica ganhou clipe que conta com a participa\u00e7\u00e3o de 86 mulheres que est\u00e3o na linha de frente da resist\u00eancia feminista do pa\u00eds, como Elza Soares e Maria da Penha. Em 2018 Ana Ca\u00f1as lan\u00e7a o 5\u00ba disco de est\u00fadio, Todxs. Empoderado, feminista, com beats eletr\u00f4nicos pesados e grooves sensuais, o \u00e1lbum foi indicado ao Grammy Latino 2019 como Melhor \u00c1lbum de Pop Contempor\u00e2neo. Atualmente a artista est\u00e1 lan\u00e7ando seu 6\u00ba \u00e1lbum, Ana Ca\u00f1as Canta Belchior. A concep\u00e7\u00e3o do projeto se deu durante a pandemia de Covid-19, quando Ana Ca\u00f1as idealizou uma live cantando a obra do compositor cearense. Al\u00e9m das 14 faixas dispon\u00edveis em todas as plataformas de streaming, o projeto tamb\u00e9m ganhou um \u00e1lbum visual no YouTube, com v\u00eddeos in\u00e9ditos e cenas dos bastidores das grava\u00e7\u00f5es.<\/p>\n\n\n\n<p><strong>Servi\u00e7o<br><\/strong>O qu\u00ea: <strong>Projeto Oper\u00e1ria das Artes com&nbsp;<\/strong><strong>Ana Ca\u00f1as, Georgia W. Al\u00f4, Em\u00edlia Monteiro, Haynna e os Verdes, Jirlene Pascoal, DJ Raquel,<\/strong>&nbsp;entre outras, num total de 16 apresenta\u00e7\u00f5es entre m\u00fasica, teatro, e DJ.<br>Quando: &nbsp;<strong>S\u00e1bado e domingo (20 e 21\/11), a partir das 15h&nbsp;<br><\/strong>Onde: <strong>Tudo com exibi\u00e7\u00e3o gratuita no canal de Youtube e Facebook do projeto<br><\/strong><strong>O Projeto Oper\u00e1ria das Artes ser\u00e1 realizado por meio de um Termo de Fomento da Secretaria de Estado de Cultura e Economia Criativa, do GDF.<\/strong><\/p>\n\n\n\n<p><strong>V\u00eddeos de algumas atra\u00e7\u00f5es:<br><\/strong>Ana Ca\u00f1as &#8211; <a href=\"https:\/\/www.youtube.com\/watch?v=IGyTG93Nbkw\">https:\/\/www.youtube.com\/watch?v=IGyTG93Nbkw<\/a><br><strong>Georgia W. Al\u00f4 &#8211;&nbsp;<\/strong><a href=\"https:\/\/www.youtube.com\/watch?v=AvBa6jSZkBA\">https:\/\/www.youtube.com\/watch?v=AvBa6jSZkBA<\/a><br>Edi\u00e1 &#8211; <a href=\"https:\/\/www.youtube.com\/watch?v=hK8OXvofppo\">https:\/\/www.youtube.com\/watch?v=hK8OXvofppo<\/a><br><strong>Em\u00edlia Monteiro &#8211;&nbsp;<\/strong><a href=\"https:\/\/www.youtube.com\/watch?v=YmqqAFp69NE\">https:\/\/www.youtube.com\/watch?v=YmqqAFp69NE<\/a><br><strong>Haynna e os Verdes &#8211;&nbsp;<\/strong><a href=\"https:\/\/www.youtube.com\/watch?v=gIrloKZTZzs\">https:\/\/www.youtube.com\/watch?v=gIrloKZTZzs<\/a><br>Outras informa\u00e7\u00f5es pelo telefone: (61) 99909-6390<\/p>\n\n\n\n<p><strong>Redes sociais:<br><\/strong><a href=\"https:\/\/www.instagram.com\/operarias.dasartes\/\">https:\/\/www.instagram.com\/operarias.dasartes\/<\/a><br><a href=\"https:\/\/www.facebook.com\/Oper%C3%A1rias-das-Artes-e-Cultura-110978498050361\/\">https:\/\/www.facebook.com\/Oper%C3%A1rias-das-Artes-e-Cultura-110978498050361\/<\/a><br>YouTube:&nbsp;<a href=\"https:\/\/www.youtube.com\/channel\/UCb-VT3WcQJKfOGDGBDv7BlA\">https:\/\/www.youtube.com\/channel\/UCb-VT3WcQJKfOGDGBDv7BlA<\/a><\/p>\n","protected":false},"excerpt":{"rendered":"<p>Com produ\u00e7\u00f5es culturais protagonizadas por mulheres, o projeto OPER\u00c1RIAS DAS ARTES ter\u00e1 exibi\u00e7\u00e3o gratuita nos canais do Projeto nos dias 20 e 21 Elas querem e podem tudo e muito mais no Projeto Oper\u00e1ria das Artes que no s\u00e1bado e domingo (20 e 21\/11), a partir das 15h, &nbsp;contar\u00e1 com apresenta\u00e7\u00f5es protagonizadas por mulheres como&nbsp;Ana [&hellip;]<\/p>\n","protected":false},"author":1,"featured_media":0,"comment_status":"open","ping_status":"open","sticky":false,"template":"","format":"standard","meta":{"footnotes":""},"categories":[],"tags":[],"class_list":["post-5342","post","type-post","status-publish","format-standard","hentry"],"_links":{"self":[{"href":"https:\/\/aguaslindasnoticias.com.br\/index.php\/wp-json\/wp\/v2\/posts\/5342","targetHints":{"allow":["GET"]}}],"collection":[{"href":"https:\/\/aguaslindasnoticias.com.br\/index.php\/wp-json\/wp\/v2\/posts"}],"about":[{"href":"https:\/\/aguaslindasnoticias.com.br\/index.php\/wp-json\/wp\/v2\/types\/post"}],"author":[{"embeddable":true,"href":"https:\/\/aguaslindasnoticias.com.br\/index.php\/wp-json\/wp\/v2\/users\/1"}],"replies":[{"embeddable":true,"href":"https:\/\/aguaslindasnoticias.com.br\/index.php\/wp-json\/wp\/v2\/comments?post=5342"}],"version-history":[{"count":0,"href":"https:\/\/aguaslindasnoticias.com.br\/index.php\/wp-json\/wp\/v2\/posts\/5342\/revisions"}],"wp:attachment":[{"href":"https:\/\/aguaslindasnoticias.com.br\/index.php\/wp-json\/wp\/v2\/media?parent=5342"}],"wp:term":[{"taxonomy":"category","embeddable":true,"href":"https:\/\/aguaslindasnoticias.com.br\/index.php\/wp-json\/wp\/v2\/categories?post=5342"},{"taxonomy":"post_tag","embeddable":true,"href":"https:\/\/aguaslindasnoticias.com.br\/index.php\/wp-json\/wp\/v2\/tags?post=5342"}],"curies":[{"name":"wp","href":"https:\/\/api.w.org\/{rel}","templated":true}]}}