{"id":5341,"date":"2023-01-04T10:12:26","date_gmt":"2023-01-04T13:12:26","guid":{"rendered":"https:\/\/aguaslindasnoticias.com.br\/index.php\/2023\/01\/04\/a-beleza-e-a-forca-do-tributo-aos-herois-negros\/"},"modified":"2023-01-04T10:12:26","modified_gmt":"2023-01-04T13:12:26","slug":"a-beleza-e-a-forca-do-tributo-aos-herois-negros","status":"publish","type":"post","link":"https:\/\/aguaslindasnoticias.com.br\/index.php\/2023\/01\/04\/a-beleza-e-a-forca-do-tributo-aos-herois-negros\/","title":{"rendered":"A beleza e a for\u00e7a do &#8220;Tributo aos Her\u00f3is Negros&#8221;"},"content":{"rendered":"\n<figure class=\"wp-block-image size-large\"><img decoding=\"async\" src=\"http:\/\/claricegulyas.com.br\/wp-content\/uploads\/2021\/11\/Cena-do-Tributo-1024x1011.jpg\" alt=\"\" class=\"wp-image-9207\"\/><\/figure>\n\n\n\n<p><em>No dia da Consci\u00eancia Negra, o Grupo Cultural Azulim apresenta espet\u00e1culo com M\u00fasica (Rap e DJ), Dan\u00e7a (Break, soul, street dance) e artes pl\u00e1sticas (Graffiti)<\/em><br>A arte vai dar o tom no\u00a0<strong>s\u00e1bado (20\/11),<\/strong>\u00a0Dia Nacional da Consci\u00eancia da Consci\u00eancia Negra,\u00a0<strong>a partir das 18h30,<\/strong>\u00a0\u00a0no\u00a0<strong>Espa\u00e7o cultural Renato Russo ( 508 Sul)<\/strong>, com o<strong>\u00a0\u201cTributo aos Her\u00f3is Negros\u201d<\/strong>.\u00a0 Artistas\/professores e alunos v\u00e3o\u00a0mostrar os resultados do Azulim Para Todos, programa de capacita\u00e7\u00e3o com oficinas envolvendo tr\u00eas linguagens do hip-hop &#8211; M\u00fasica (Rap e DJ), dan\u00e7a (Break) e artes pl\u00e1sticas (Graffiti).\u00a0 No palco:\u00a0<strong>Lio MC \u00a0e Iran (Liberdade Condicional RAP), Cl\u00e9o Street, Luiz Fernando (B.Boy Testa), Lapixa, Darley C\u00e9sar, Mestre Minhoca e Paulinho Branco.\u00a0Tudo gratuito.\u00a0<\/strong>O projeto Azulim para todos conta com patroc\u00ednio por meio de conv\u00eanio com a Funda\u00e7\u00e3o Cultural Palmares, da Secretaria Especial de Cultura, do Minist\u00e9rio do Turismo.<br><br>&#8220;O Hip Hop \u00e9 um dos poucos movimentos culturais que traz em sua ess\u00eancia a atua\u00e7\u00e3o social, e isso traz uma valida\u00e7\u00e3o muito grande dessa cultura, sobretudo nas camadas sociais menos favorecidas. Constatamos ainda, sobretudo na atualidade, a grande penetra\u00e7\u00e3o do movimento Hip Hop, nos meios de comunica\u00e7\u00e3o, no cinema, nas grandes bienais de arte, ou seja, o movimento atingiu maturidade \u00e9 cada vez mais reconhecida como movimento art\u00edstico afrodescendente&#8221;, observou o presidente do grupo Cultural Azulim, Iranildo Moreira.<br><br>Iranildo n\u00e3o esconde a satisfa\u00e7\u00e3o de remontar esse espet\u00e1culo com um formato de jogo de cena e de apresent\u00e1-lo presencialmente no Espa\u00e7o Cultural da 508 Sul. &#8220;\u00c9 muito gratificante poder mostrar o resultado das oficinas gratuitas de linguagens do Hip Hop que culminou na montagem do &#8216;Tributo aos Her\u00f3is Negros&#8217;. Em tempos de pandemia, \u00e9 muito bom, n\u00f3s de Sobradinho 2, conseguirmos desenvolver projetos sociais para a promo\u00e7\u00e3o social e desenvolvimento comunit\u00e1rio&#8221;, ressalta o artista.<br><br><strong>Programa\u00e7\u00e3o<\/strong><br>Abertura com alunas da Oficina de Dan\u00e7a Terap\u00eautica<br>Entrada &#8211; Grafitagem (ao vivo) do cen\u00e1rio com o professor Lapixa e Alunos<br>1\u00ba ato &#8211; Narrativa Her\u00f3is Negros &#8211; Darley C\u00e9sar<br>2\u00ba ato &#8211; Interpreta\u00e7\u00e3o da m\u00fasica &#8220;A Carne&#8221; &#8211; Cl\u00e9o Street<br>3\u00ba ato- Break Dance- Prof\u00ba Luiz Fernando e Alunos<br>4\u00ba ato &#8211; Capoeira com Mestre Minhoca<br>5\u00ba ato &#8211; Interpreta\u00e7\u00e3o musical com Prof\u00ba Lio e alunos<br>6\u00ba ato &#8211; Funk &#8211; Iran, Paulinho e Darley<br>7\u00ba ato &#8211; Maculel\u00ea &#8211; Mestre Minhoca<br>8\u00ba ato &#8211; Break &#8211; Luiz e Paulinho Branco<br>9\u00ba ato &#8211; Soul James Brown &#8211; Iran10\u00ba ato &#8211; Todos no palco com Performance Musical- Lio<br><strong><br>Tributo\u00a0aos\u00a0her\u00f3is\u00a0negros<\/strong><br>O &#8220;Tributo\u00a0aos\u00a0her\u00f3is\u00a0negros&#8221; \u00e9 um espet\u00e1culo de m\u00faltiplas linguagens que homenageia\u00a0Carolina Maria de Jesus, Zumbi dos Palmares, Lu\u00eds Gama, James Brown e Nelson Mandela. Esse espet\u00e1culo foi premiado pela Brazil Foundation em 2011.<br><br><strong>Grupo Cultural Azulim<\/strong><br>O Grupo Azulim tem em sua bagagem a experi\u00eancia de quase 30 anos de atua\u00e7\u00e3o nesse segmento e o orgulho de ter realizado e\/ou participado dos maiores eventos do Hip Hop no Distrito Federal, dentre eles \u00a0seis edi\u00e7\u00f5es do Rap Chistmas (evento com foco na arrecada\u00e7\u00e3o e distribui\u00e7\u00e3o de alimentos e agasalhos nas comunidades de Sobradinho II e Santa Maria, realizado sempre em dezembro), ruas de lazer comunit\u00e1rias nas sat\u00e9lites do Distrito Federal, \u00a0duas\u00a0edi\u00e7\u00f5es do Desafio de B.Boys 2vs2 (o maior festival de Breakdance do DF), dentre outros.<br><br><strong>Servi\u00e7o:<\/strong><br>O qu\u00ea: \u00a0\u00a0<strong>Espet\u00e1culo &#8220;Tributo aos Her\u00f3is Negros&#8221; no Dia da Consci\u00eancia Negra &#8211; homenagem a\u00a0<\/strong>Carolina Maria de Jesus, Zumbi dos Palmares, Lu\u00eds Gama, James Brown e Nelson Mandela.<br>Quando: A\u00a0<strong>partir das 18h30<\/strong><br>Onde: \u00a0<strong>Espa\u00e7o cultural Renato Russo ( 508 Sul)<\/strong><br>O projeto Azulim para todos conta com patroc\u00ednio por meio de conv\u00eanio com a Funda\u00e7\u00e3o Cultural Palmares, da Secretaria Especial de Cultura, do Minist\u00e9rio do Turismo.<br>OUTRAS INFORMA\u00c7\u00d5ES:(61) 99279-8515<\/p>\n\n\n\n<p>V\u00eddeos:<strong>Clip&nbsp;Cleo&nbsp;Street-&nbsp;<\/strong><a href=\"https:\/\/www.youtube.com\/watch?v=FGy0Cq8M7pI\" target=\"_blank\" rel=\"noreferrer noopener\">https:\/\/www.youtube.com\/watch?v=FGy0Cq8M7pI<\/a><br><strong>Luiz Fernando CHS &#8211; PeriParis (Official Music Video) &#8211;&nbsp;<\/strong><a href=\"https:\/\/www.youtube.com\/watch?v=NMKbimAzyMk\" target=\"_blank\" rel=\"noreferrer noopener\">https:\/\/www.youtube.com\/watch?v=NMKbimAzyMk<\/a><strong>Liberdade Condicional Rap &#8211;&nbsp;<\/strong><a href=\"https:\/\/www.youtube.com\/watch?v=KuiH6mZs-dY\" target=\"_blank\" rel=\"noreferrer noopener\">https:\/\/www.youtube.com\/watch?v=KuiH6mZs-dY<\/a><\/p>\n","protected":false},"excerpt":{"rendered":"<p>No dia da Consci\u00eancia Negra, o Grupo Cultural Azulim apresenta espet\u00e1culo com M\u00fasica (Rap e DJ), Dan\u00e7a (Break, soul, street dance) e artes pl\u00e1sticas (Graffiti)A arte vai dar o tom no\u00a0s\u00e1bado (20\/11),\u00a0Dia Nacional da Consci\u00eancia da Consci\u00eancia Negra,\u00a0a partir das 18h30,\u00a0\u00a0no\u00a0Espa\u00e7o cultural Renato Russo ( 508 Sul), com o\u00a0\u201cTributo aos Her\u00f3is Negros\u201d.\u00a0 Artistas\/professores e alunos [&hellip;]<\/p>\n","protected":false},"author":1,"featured_media":0,"comment_status":"open","ping_status":"open","sticky":false,"template":"","format":"standard","meta":{"footnotes":""},"categories":[],"tags":[],"class_list":["post-5341","post","type-post","status-publish","format-standard","hentry"],"_links":{"self":[{"href":"https:\/\/aguaslindasnoticias.com.br\/index.php\/wp-json\/wp\/v2\/posts\/5341","targetHints":{"allow":["GET"]}}],"collection":[{"href":"https:\/\/aguaslindasnoticias.com.br\/index.php\/wp-json\/wp\/v2\/posts"}],"about":[{"href":"https:\/\/aguaslindasnoticias.com.br\/index.php\/wp-json\/wp\/v2\/types\/post"}],"author":[{"embeddable":true,"href":"https:\/\/aguaslindasnoticias.com.br\/index.php\/wp-json\/wp\/v2\/users\/1"}],"replies":[{"embeddable":true,"href":"https:\/\/aguaslindasnoticias.com.br\/index.php\/wp-json\/wp\/v2\/comments?post=5341"}],"version-history":[{"count":0,"href":"https:\/\/aguaslindasnoticias.com.br\/index.php\/wp-json\/wp\/v2\/posts\/5341\/revisions"}],"wp:attachment":[{"href":"https:\/\/aguaslindasnoticias.com.br\/index.php\/wp-json\/wp\/v2\/media?parent=5341"}],"wp:term":[{"taxonomy":"category","embeddable":true,"href":"https:\/\/aguaslindasnoticias.com.br\/index.php\/wp-json\/wp\/v2\/categories?post=5341"},{"taxonomy":"post_tag","embeddable":true,"href":"https:\/\/aguaslindasnoticias.com.br\/index.php\/wp-json\/wp\/v2\/tags?post=5341"}],"curies":[{"name":"wp","href":"https:\/\/api.w.org\/{rel}","templated":true}]}}