{"id":5340,"date":"2023-01-04T10:12:26","date_gmt":"2023-01-04T13:12:26","guid":{"rendered":"https:\/\/aguaslindasnoticias.com.br\/index.php\/2023\/01\/04\/festa-das-tribos-projeto-abre-oportunidade-para-musicos-do-segmento-gospel-do-df\/"},"modified":"2023-01-04T10:12:26","modified_gmt":"2023-01-04T13:12:26","slug":"festa-das-tribos-projeto-abre-oportunidade-para-musicos-do-segmento-gospel-do-df","status":"publish","type":"post","link":"https:\/\/aguaslindasnoticias.com.br\/index.php\/2023\/01\/04\/festa-das-tribos-projeto-abre-oportunidade-para-musicos-do-segmento-gospel-do-df\/","title":{"rendered":"Festa das Tribos: Projeto abre oportunidade para m\u00fasicos do segmento gospel do DF"},"content":{"rendered":"\n<figure class=\"wp-block-image size-large\"><img decoding=\"async\" src=\"http:\/\/claricegulyas.com.br\/wp-content\/uploads\/2021\/11\/WhatsApp-Image-2021-11-12-at-14.15.33-1-1024x1024.jpeg\" alt=\"\" class=\"wp-image-9202\"\/><\/figure>\n\n\n\n<p>O projeto premiar\u00e1 oito bandas do segmento gospel da capital. Inscri\u00e7\u00f5es j\u00e1 est\u00e3o abertas<\/p>\n\n\n\n<p>O projeto Festa das Tribos est\u00e1 de volta com a sua 11\u00aa edi\u00e7\u00e3o. O evento tem como vi\u00e9s fortalecer a cultura musical e a uni\u00e3o entre diferentes tribos, al\u00e9m da valoriza\u00e7\u00e3o profissional de artistas que interpretam obras musicais, teatrais e coreogr\u00e1ficas de forma gratuita.<br>Em fevereiro de 2012, ap\u00f3s san\u00e7\u00e3o do Governo do Distrito Federal, a Festa das tribos se tornou Projeto de Lei (PL N\u00b0 4.786). Hoje \u00e9 consolidado como um dos principais eventos do segmento gospel da capital. O evento j\u00e1 apresentou artistas nacionais e locais, tais como Oficina G3, Filhos do Homem, Mariana Valad\u00e3o, Ipiranga, Tribo do Funk, Xote Santo, Tempero do C\u00e9u e v\u00e1rios outros.<\/p>\n\n\n\n<p>Pandemia<br>A pandemia do novo coronav\u00edrus acertou em cheio o setor de eventos em todo pa\u00eds. E muitos setores precisaram se reinventar em meio ao caos.<br>N\u00e3o foi diferente com a Associa\u00e7\u00e3o CRESCE-DF, organizadora da Festa das Tribos. Neste per\u00edodo, as pessoas encontraram na m\u00fasica uma distra\u00e7\u00e3o para a \u00e1rdua tarefa de ficar em casa. Foi a\u00ed, com o intuito de atender essa demanda, que a Associa\u00e7\u00e3o decidiu adaptar a Festa das Tribos. Este ano, ainda com o setor fragilizado, a CRESCE far\u00e1 as apresenta\u00e7\u00f5es em novo formato, atrav\u00e9s do Youtube.<\/p>\n\n\n\n<p>Confira a programa\u00e7\u00e3o completa:<\/p>\n\n\n\n<p>12 e 15 de Novembro:<br>Inscri\u00e7\u00f5es de m\u00fasicos para escolha dos mais votados atrav\u00e9s do site festadastribos.com.br.<br>Vota\u00e7\u00e3o aberta dos inscritos do site.<\/p>\n\n\n\n<p>16 a 23 de Novembro:<br>Workshop Produ\u00e7\u00e3o Musical;<br>Apresenta\u00e7\u00e3o de artistas selecionados por vota\u00e7\u00e3o;<br>Workshop Gerenciamento de Carreira.<br>Convidados: DD J\u00fanior, Mr Pingo e Banda Tempero do C\u00e9u.<\/p>\n\n\n\n<p>Sele\u00e7\u00e3o: Ser\u00e3o escolhidas oito Lives por sele\u00e7\u00e3o p\u00fablica.<\/p>\n\n\n\n<p>Premia\u00e7\u00e3o: As bandas com mais engajamento receber\u00e3o uma premia\u00e7\u00e3o em dinheiro, para ajudar nesse momento de pandemia, no valor de R$ 1.800,00.<\/p>\n\n\n\n<p>Servi\u00e7o:<br>Data: 12 a 23 de novembro de 2021<br>Local: Formato Online &#8211; Youtube<br>Informa\u00e7\u00f5es: (61) 98143-5757 (Whatsapp)<br>Instagram: @festadastribosoficial<\/p>\n","protected":false},"excerpt":{"rendered":"<p>O projeto premiar\u00e1 oito bandas do segmento gospel da capital. Inscri\u00e7\u00f5es j\u00e1 est\u00e3o abertas O projeto Festa das Tribos est\u00e1 de volta com a sua 11\u00aa edi\u00e7\u00e3o. O evento tem como vi\u00e9s fortalecer a cultura musical e a uni\u00e3o entre diferentes tribos, al\u00e9m da valoriza\u00e7\u00e3o profissional de artistas que interpretam obras musicais, teatrais e coreogr\u00e1ficas [&hellip;]<\/p>\n","protected":false},"author":1,"featured_media":0,"comment_status":"open","ping_status":"open","sticky":false,"template":"","format":"standard","meta":{"footnotes":""},"categories":[],"tags":[],"class_list":["post-5340","post","type-post","status-publish","format-standard","hentry"],"_links":{"self":[{"href":"https:\/\/aguaslindasnoticias.com.br\/index.php\/wp-json\/wp\/v2\/posts\/5340","targetHints":{"allow":["GET"]}}],"collection":[{"href":"https:\/\/aguaslindasnoticias.com.br\/index.php\/wp-json\/wp\/v2\/posts"}],"about":[{"href":"https:\/\/aguaslindasnoticias.com.br\/index.php\/wp-json\/wp\/v2\/types\/post"}],"author":[{"embeddable":true,"href":"https:\/\/aguaslindasnoticias.com.br\/index.php\/wp-json\/wp\/v2\/users\/1"}],"replies":[{"embeddable":true,"href":"https:\/\/aguaslindasnoticias.com.br\/index.php\/wp-json\/wp\/v2\/comments?post=5340"}],"version-history":[{"count":0,"href":"https:\/\/aguaslindasnoticias.com.br\/index.php\/wp-json\/wp\/v2\/posts\/5340\/revisions"}],"wp:attachment":[{"href":"https:\/\/aguaslindasnoticias.com.br\/index.php\/wp-json\/wp\/v2\/media?parent=5340"}],"wp:term":[{"taxonomy":"category","embeddable":true,"href":"https:\/\/aguaslindasnoticias.com.br\/index.php\/wp-json\/wp\/v2\/categories?post=5340"},{"taxonomy":"post_tag","embeddable":true,"href":"https:\/\/aguaslindasnoticias.com.br\/index.php\/wp-json\/wp\/v2\/tags?post=5340"}],"curies":[{"name":"wp","href":"https:\/\/api.w.org\/{rel}","templated":true}]}}