{"id":5339,"date":"2023-01-04T10:12:26","date_gmt":"2023-01-04T13:12:26","guid":{"rendered":"https:\/\/aguaslindasnoticias.com.br\/index.php\/2023\/01\/04\/brasilia-recebe-1a-feira-nacional-do-artesanato-e-das-flores-a-partir-desta-quinta\/"},"modified":"2023-01-04T10:12:26","modified_gmt":"2023-01-04T13:12:26","slug":"brasilia-recebe-1a-feira-nacional-do-artesanato-e-das-flores-a-partir-desta-quinta","status":"publish","type":"post","link":"https:\/\/aguaslindasnoticias.com.br\/index.php\/2023\/01\/04\/brasilia-recebe-1a-feira-nacional-do-artesanato-e-das-flores-a-partir-desta-quinta\/","title":{"rendered":"Bras\u00edlia recebe 1\u00aa Feira Nacional do Artesanato e das Flores a partir desta quinta"},"content":{"rendered":"\n<p><em>Evento gratuito traz artesanato, gastronomia, palestras, fazendinha, exposi\u00e7\u00f5es e shows ao lado da Torre de TV<\/em><\/p>\n\n\n\n<p>Come\u00e7a nesta quinta (11\/11) a 1\u00aa Feira Nacional do Artesanato e das Flores de Bras\u00edlia. O evento \u00e9 gratuito e vai at\u00e9 o&nbsp; dia 15, com shows de Plebe Rube e 14 Bis no Complexo Cultural Funarte. &nbsp;<\/p>\n\n\n\n<p>A programa\u00e7\u00e3o inclui espa\u00e7o gastron\u00f4mico, palestras, fazendinha, e shows musicais e teatrais em \u00e1rea coberta. A abertura ficar\u00e1 por conta da cantora sertaneja Makena (DF), das 19h \u00e0s 23h. At\u00e9 segunda, subir\u00e3o ao palco os humoristas caipiras Nilton Pinto e Tom Carvalho, a Companhia de Teatro Os Melhores do Mundo, e as bandas Plebe Rude e 14 Bis.<\/p>\n\n\n\n<p>De acordo com a Associa\u00e7\u00e3o Artise de Arte, Cultura e Acessibilidade, o objetivo \u00e9 resgatar hist\u00f3ria, cultura e tradi\u00e7\u00e3o, valorizando e promovendo o&nbsp;artesanato no DF. Ao todo, ser\u00e3o 180 estantes com os mais diversos tipos de artesanato e 40 de flores. &nbsp;<\/p>\n\n\n\n<p>Segundo dados do Governo do Distrito Federal, o DF tem cerca de 12,4 mil artes\u00e3os registrados no Sistema de Informa\u00e7\u00f5es Cadastrais do Artesanato Brasileiro.<\/p>\n\n\n\n<p>A 1\u00aa Feira Nacional do Artesanato e das Flores de Bras\u00edlia conta com o apoio da Secretaria de Turismo, Emater e Administra\u00e7\u00e3o Regional de Bras\u00edlia. &nbsp;<\/p>\n\n\n\n<p><strong>Confira a programa\u00e7\u00e3o completa:<\/strong><\/p>\n\n\n\n<p>Quinta, 11\/11:<br>Makena (m\u00fasica sertaneja)<\/p>\n\n\n\n<p>Sexta, 12\/11:<br>Nilton Pinto e Tom Carvalho (humor caipira)<\/p>\n\n\n\n<p>S\u00e1bado, 13\/11:<br>Plebe Rude (punk rock)<\/p>\n\n\n\n<p>Domingo, 14\/11:<br>Companhia de Teatro Os Melhores do Mundo &#8211; 25 anos<\/p>\n\n\n\n<p>Segunda, 15\/11:<br>14 Bis (rock)<\/p>\n\n\n\n<p><strong>Servi\u00e7o:<\/strong><br>Data: 11 a 15 de novembro de 2021<br>Hora: quinta (11\/11), das 19h \u00e0s 23h; demais dias: das 10h \u00e0s 23h<br>Local: Complexo Cultural Funarte (ao lado da Torre de TV)<br>Entrada: gratuita<br>Informa\u00e7\u00f5es: (61) 98424-5837 (whatsapp)<br>Instagram: @feiradeartesanatoefloresbsb<\/p>\n","protected":false},"excerpt":{"rendered":"<p>Evento gratuito traz artesanato, gastronomia, palestras, fazendinha, exposi\u00e7\u00f5es e shows ao lado da Torre de TV Come\u00e7a nesta quinta (11\/11) a 1\u00aa Feira Nacional do Artesanato e das Flores de Bras\u00edlia. O evento \u00e9 gratuito e vai at\u00e9 o&nbsp; dia 15, com shows de Plebe Rube e 14 Bis no Complexo Cultural Funarte. &nbsp; A [&hellip;]<\/p>\n","protected":false},"author":1,"featured_media":0,"comment_status":"open","ping_status":"open","sticky":false,"template":"","format":"standard","meta":{"footnotes":""},"categories":[],"tags":[],"class_list":["post-5339","post","type-post","status-publish","format-standard","hentry"],"_links":{"self":[{"href":"https:\/\/aguaslindasnoticias.com.br\/index.php\/wp-json\/wp\/v2\/posts\/5339","targetHints":{"allow":["GET"]}}],"collection":[{"href":"https:\/\/aguaslindasnoticias.com.br\/index.php\/wp-json\/wp\/v2\/posts"}],"about":[{"href":"https:\/\/aguaslindasnoticias.com.br\/index.php\/wp-json\/wp\/v2\/types\/post"}],"author":[{"embeddable":true,"href":"https:\/\/aguaslindasnoticias.com.br\/index.php\/wp-json\/wp\/v2\/users\/1"}],"replies":[{"embeddable":true,"href":"https:\/\/aguaslindasnoticias.com.br\/index.php\/wp-json\/wp\/v2\/comments?post=5339"}],"version-history":[{"count":0,"href":"https:\/\/aguaslindasnoticias.com.br\/index.php\/wp-json\/wp\/v2\/posts\/5339\/revisions"}],"wp:attachment":[{"href":"https:\/\/aguaslindasnoticias.com.br\/index.php\/wp-json\/wp\/v2\/media?parent=5339"}],"wp:term":[{"taxonomy":"category","embeddable":true,"href":"https:\/\/aguaslindasnoticias.com.br\/index.php\/wp-json\/wp\/v2\/categories?post=5339"},{"taxonomy":"post_tag","embeddable":true,"href":"https:\/\/aguaslindasnoticias.com.br\/index.php\/wp-json\/wp\/v2\/tags?post=5339"}],"curies":[{"name":"wp","href":"https:\/\/api.w.org\/{rel}","templated":true}]}}