{"id":5338,"date":"2023-01-04T10:12:18","date_gmt":"2023-01-04T13:12:18","guid":{"rendered":"https:\/\/aguaslindasnoticias.com.br\/index.php\/2023\/01\/04\/iluminacao-da-ponte-jk-sob-os-cuidados-da-ceb-ipes\/"},"modified":"2023-01-04T10:12:18","modified_gmt":"2023-01-04T13:12:18","slug":"iluminacao-da-ponte-jk-sob-os-cuidados-da-ceb-ipes","status":"publish","type":"post","link":"https:\/\/aguaslindasnoticias.com.br\/index.php\/2023\/01\/04\/iluminacao-da-ponte-jk-sob-os-cuidados-da-ceb-ipes\/","title":{"rendered":"Ilumina\u00e7\u00e3o da Ponte JK sob os cuidados da CEB Ipes"},"content":{"rendered":"\n<p>Governo busca agilizar o processo de substitui\u00e7\u00e3o de l\u00e2mpadas queimadas ou que s\u00e3o alvo de atos de vandalismo e garantir a realiza\u00e7\u00e3o de melhorias&nbsp;FL\u00c1VIO BOTELHO, DA AG\u00caNCIA BRAS\u00cdLIA I EDI\u00c7\u00c3O: CAROLINA JARDON&nbsp;<\/p>\n\n\n\n<figure class=\"wp-block-image\"><a href=\"http:\/\/www.agenciabrasilia.df.gov.br\/?attachment_id=350188\" target=\"_blank\" rel=\"noreferrer noopener\"><img decoding=\"async\" src=\"http:\/\/www.agenciabrasilia.df.gov.br\/wp-conteudo\/uploads\/2021\/11\/dentro-2-1-1024x683.jpg\" alt=\"\" class=\"wp-image-350188\"\/><\/a><figcaption>Antes de assumir a gest\u00e3o da Ponte JK, a CEB realizou servi\u00e7os, com R$ 203 mil de investimento, para colocar 1.500 metros de cabos e substituir 172 projetores e 82 lumin\u00e1rias&nbsp;| Foto: Renato Alves \/Ag\u00eancia Bras\u00edlia<\/figcaption><\/figure>\n\n\n\n<p>A Ponte JK vai ficar ainda mais iluminada para a seguran\u00e7a de mais de 50 mil ve\u00edculos que transitam por l\u00e1 diariamente. Na manh\u00e3 desta quarta (3), o Governo do Distrito Federal (GDF) anunciou a transfer\u00eancia da gest\u00e3o da ilumina\u00e7\u00e3o p\u00fablica do monumento da Secretaria de Obras e Infraestrutura e da Companhia Urbanizadora da Nova Capital (Novacap) para a CEB Ilumina\u00e7\u00e3o P\u00fablica e Servi\u00e7os (CEB Ipes). Confira o v\u00eddeo:<\/p>\n\n\n\n<figure><iframe src=\"https:\/\/www.youtube.com\/embed\/0ciKguAF17w\" width=\"560\" height=\"315\" allowfullscreen=\"allowfullscreen\"><\/iframe><\/figure>\n\n\n\n<p>Com a inclus\u00e3o da Ponte JK no parque de ilumina\u00e7\u00e3o p\u00fablica do DF, de compet\u00eancia daquela estatal, o governo local busca agilizar o processo de substitui\u00e7\u00e3o de l\u00e2mpadas queimadas ou que s\u00e3o alvo de atos de vandalismo. Al\u00e9m disto, quer garantir a realiza\u00e7\u00e3o de melhorias no projeto de ilumina\u00e7\u00e3o do local, que, al\u00e9m de ser uma importante liga\u00e7\u00e3o com a regi\u00e3o sul da cidade, \u00e9 tamb\u00e9m um dos monumentos s\u00edmbolo da capital federal.<\/p>\n\n\n\n<p>\u201c\u00c9 um conv\u00eanio para ilumina\u00e7\u00e3o n\u00e3o de uma ponte, mas de uma obra de arte\u201d, afirmou o governador em exerc\u00edcio, Paco Britto, que destacou tamb\u00e9m a import\u00e2ncia do ato para o com\u00e9rcio e tr\u00e2nsito da regi\u00e3o. \u201cA ilumina\u00e7\u00e3o vai trazer mais p\u00fablico, girar a economia local, e com certeza ser\u00e1 um incremento \u00e0 essa obra bel\u00edssima. O cuidado com a cidade \u00e9 uma obriga\u00e7\u00e3o do governante, e este compromisso est\u00e1 sendo cumprido com o povo\u201d.<\/p>\n\n\n\n<p>Na semana passada, antes de assumir a gest\u00e3o da Ponte JK, a CEB colocou 1.500 metros de cabos e substituiu 172 projetores e 82 lumin\u00e1rias, servi\u00e7os que tiveram R$ 203 mil de investimento. O presidente da CEB, Edison Garcia, ressalta quais s\u00e3o os planos da companhia para o monumento: \u201cVamos desenvolver um projeto de mudan\u00e7a de todo o sistema da luminot\u00e9cnica, moderna, de LED, e que tenha uma gest\u00e3o autom\u00e1tica com a capacidade de mudan\u00e7a de suas cores para datas comemorativas para a ponte cada vez mais brilhar sobre o Lago Parano\u00e1\u201d.<\/p>\n\n\n\n<p>O secret\u00e1rio de Obras e Infraestrutura, Luciano Carvalho, destaca que a transfer\u00eancia de gest\u00e3o da ilumina\u00e7\u00e3o para a CEB faz parte de um planejamento maior do GDF para a Ponte JK. \u201cEm breve, faremos a licita\u00e7\u00e3o para reform\u00e1-la, realizar uma manuten\u00e7\u00e3o e lavar as suas estruturas, recuperar os guarda-corpos, recuperar a pavimenta\u00e7\u00e3o. Ser\u00e1 um investimento de aproximadamente R$ 50 milh\u00f5es e o processo est\u00e1 sendo conduzido pela Novacap\u201d, afirma.<\/p>\n\n\n\n<p>O administrador regional do Lago Sul, Rubens Santoro, comemorou as a\u00e7\u00f5es presentes e futuras do GDF para a Ponte JK. \u201cEstamos dando o pontap\u00e9 para a revigorar esse monumento. Esperamos poder entregar \u00e0 popula\u00e7\u00e3o uma ponte iluminada e revigorada, como a popula\u00e7\u00e3o do DF merece.\u201d<\/p>\n","protected":false},"excerpt":{"rendered":"<p>Governo busca agilizar o processo de substitui\u00e7\u00e3o de l\u00e2mpadas queimadas ou que s\u00e3o alvo de atos de vandalismo e garantir a realiza\u00e7\u00e3o de melhorias&nbsp;FL\u00c1VIO BOTELHO, DA AG\u00caNCIA BRAS\u00cdLIA I EDI\u00c7\u00c3O: CAROLINA JARDON&nbsp; A Ponte JK vai ficar ainda mais iluminada para a seguran\u00e7a de mais de 50 mil ve\u00edculos que transitam por l\u00e1 diariamente. Na [&hellip;]<\/p>\n","protected":false},"author":1,"featured_media":0,"comment_status":"open","ping_status":"open","sticky":false,"template":"","format":"standard","meta":{"footnotes":""},"categories":[],"tags":[],"class_list":["post-5338","post","type-post","status-publish","format-standard","hentry"],"_links":{"self":[{"href":"https:\/\/aguaslindasnoticias.com.br\/index.php\/wp-json\/wp\/v2\/posts\/5338","targetHints":{"allow":["GET"]}}],"collection":[{"href":"https:\/\/aguaslindasnoticias.com.br\/index.php\/wp-json\/wp\/v2\/posts"}],"about":[{"href":"https:\/\/aguaslindasnoticias.com.br\/index.php\/wp-json\/wp\/v2\/types\/post"}],"author":[{"embeddable":true,"href":"https:\/\/aguaslindasnoticias.com.br\/index.php\/wp-json\/wp\/v2\/users\/1"}],"replies":[{"embeddable":true,"href":"https:\/\/aguaslindasnoticias.com.br\/index.php\/wp-json\/wp\/v2\/comments?post=5338"}],"version-history":[{"count":0,"href":"https:\/\/aguaslindasnoticias.com.br\/index.php\/wp-json\/wp\/v2\/posts\/5338\/revisions"}],"wp:attachment":[{"href":"https:\/\/aguaslindasnoticias.com.br\/index.php\/wp-json\/wp\/v2\/media?parent=5338"}],"wp:term":[{"taxonomy":"category","embeddable":true,"href":"https:\/\/aguaslindasnoticias.com.br\/index.php\/wp-json\/wp\/v2\/categories?post=5338"},{"taxonomy":"post_tag","embeddable":true,"href":"https:\/\/aguaslindasnoticias.com.br\/index.php\/wp-json\/wp\/v2\/tags?post=5338"}],"curies":[{"name":"wp","href":"https:\/\/api.w.org\/{rel}","templated":true}]}}