{"id":5337,"date":"2023-01-04T10:12:18","date_gmt":"2023-01-04T13:12:18","guid":{"rendered":"https:\/\/aguaslindasnoticias.com.br\/index.php\/2023\/01\/04\/apos-mapeadas-230-arvores-sao-podadas-em-santa-maria\/"},"modified":"2023-01-04T10:12:18","modified_gmt":"2023-01-04T13:12:18","slug":"apos-mapeadas-230-arvores-sao-podadas-em-santa-maria","status":"publish","type":"post","link":"https:\/\/aguaslindasnoticias.com.br\/index.php\/2023\/01\/04\/apos-mapeadas-230-arvores-sao-podadas-em-santa-maria\/","title":{"rendered":"Ap\u00f3s mapeadas, 230 \u00e1rvores s\u00e3o podadas em Santa Maria"},"content":{"rendered":"\n<h2 class=\"wp-block-heading\">Servi\u00e7o \u00e9 executado com ajuda das equipes do GDF Presente. No Gama, os servi\u00e7os se concentram na manuten\u00e7\u00e3o de vias rurais<\/h2>\n\n\n\n<p>L\u00daCIO FL\u00c1VIO, DA AG\u00caNCIA BRAS\u00cdLIA | EDI\u00c7\u00c3O: RENATA LU<a href=\"https:\/\/www.facebook.com\/sharer.php?u=https:\/\/www.agenciabrasilia.df.gov.br\/2021\/11\/03\/apos-mapeadas-230-arvores-sao-podadas-em-santa-maria\/\" target=\"_blank\" rel=\"noreferrer noopener\"><\/a><a href=\"https:\/\/twitter.com\/intent\/tweet?source=agenciabrasilia&amp;text=Ap%C3%B3s%20mapeadas,%20230%20%C3%A1rvores%20s%C3%A3o%20podadas%20em%20Santa%20Maria&amp;url=https:\/\/www.agenciabrasilia.df.gov.br\/2021\/11\/03\/apos-mapeadas-230-arvores-sao-podadas-em-santa-maria\/&amp;via=AgenciaBrasilia\" target=\"_blank\" rel=\"noreferrer noopener\"><\/a><\/p>\n\n\n\n<p>Para evitar acidentes envolvendo galhas de \u00e1rvores em vias de grande circula\u00e7\u00e3o de Santa Maria, um mutir\u00e3o de podas \u00e9 realizado na cidade desde o dia 18 deste m\u00eas de outubro. Ao todo, ser\u00e3o realizadas interven\u00e7\u00f5es em 230 esp\u00e9cies j\u00e1 catalogadas e espalhadas por toda cidade. At\u00e9 o momento, mais de 100 delas j\u00e1 foram podadas e tiveram galhas sobressalentes cortadas.<\/p>\n\n\n\n<figure class=\"wp-block-image\"><img decoding=\"async\" src=\"http:\/\/agenciabrasilia.df.gov.br\/wp-conteudo\/uploads\/2021\/11\/dentro-4.jpg\" alt=\"\" class=\"wp-image-350196\"\/><figcaption>Em Santa Maria, os servi\u00e7os foram realizados ao longo de toda a parte sul da Avenida Alagados, pr\u00f3ximo \u00e0s quadras 205 e 207 Sul | Foto: GDF Presente<\/figcaption><\/figure>\n\n\n\n<p>A expectativa \u00e9 de que os trabalhos sejam conclu\u00eddos at\u00e9 o fim do m\u00eas. \u201cNa verdade, \u00e9 um trabalho de preven\u00e7\u00e3o que fazemos, antes das chuvas, sobretudo, para evitar que acidentes aconte\u00e7am\u201d, explica o coordenador do Polo Sul II do GDF Presente, Germano Guedes. \u201cO corte dessas galhas que sobram \u00e9 importante porque melhora a vis\u00e3o dos pedestres e motoristas, libera a proje\u00e7\u00e3o de luz dos postes, facilita a mobilidade na cidade\u201d, destaca.<\/p>\n\n\n\n<blockquote class=\"wp-block-quote is-layout-flow wp-block-quote-is-layout-flow\"><p>\u201cTodo esse material \u00e9 encaminhado para a Novacap e usado como adubo nos canteiros de flores que eles t\u00eam, nada \u00e9 desperdi\u00e7ado\u201dMiriam Campelo de Miranda, encarregada do servi\u00e7o de poda da Novacap<\/p><\/blockquote>\n\n\n\n<p>Os servi\u00e7os foram realizados ao longo de toda a parte sul da Avenida Alagados, pr\u00f3ximo \u00e0s quadras 205 e 207 Sul. S\u00e3o duas equipes com nove profissionais ao todo, mas a utiliza\u00e7\u00e3o de um caminh\u00e3o&nbsp;<em>sky<\/em>&nbsp;\u2013 aquele munido de um cesto a\u00e9reo \u2013 permite o corte em \u00e1rvores mais altas. Todo o material recolhido \u00e9 triturado na hora por uma m\u00e1quina pr\u00f3pria e o res\u00edduo transformado em adubo. Uma m\u00e9dia de 12 toneladas de lixo verde \u00e9 recolhida diariamente desde o in\u00edcio da a\u00e7\u00e3o.<\/p>\n\n\n\n<p>\u201cTodo esse material \u00e9 encaminhado para a Novacap e usado como adubo nos canteiros de flores que eles t\u00eam, nada \u00e9 desperdi\u00e7ado\u201d, conta a encarregada do servi\u00e7o de poda da Novacap, Miriam Campelo de Miranda. \u201cMuito bom esse servi\u00e7o, deixa a cidade mais segura. Galhas grandes demais se enroscam nos fios de alta tens\u00e3o e atrapalham, no per\u00edodo de chuva \u00e9 ainda mais perigoso\u201d, chama aten\u00e7\u00e3o o aposentado Edvaldo Abidias Pereira, 65 anos, zelador de uma igreja localizada na Avenida Alagados.<\/p>\n\n\n\n<p>Para a administradora de Santa Maria, Marileide Rom\u00e3o, os servi\u00e7os de podas, realizados em parceria com o GDF Presente, s\u00e3o fundamentais. \u201c\u00c9 um servi\u00e7o bem solicitado pela comunidade, principalmente durante o per\u00edodo de chuva\u201d, antecipa a gestora. \u201cAl\u00e9m de deixarem a cidade mais bonita, as podas ajudam na visibilidade das vias p\u00fablicas. Cidade linda \u00e9 cidade limpa\u201d, acrescenta.<\/p>\n\n\n\n<figure class=\"wp-block-image\"><img decoding=\"async\" src=\"http:\/\/agenciabrasilia.df.gov.br\/wp-conteudo\/uploads\/2021\/11\/WhatsApp-Image-2021-10-29-at-14.31.51-1.jpeg\" alt=\"\" class=\"wp-image-350197\"\/><figcaption>A a\u00e7\u00e3o rotineira de manuten\u00e7\u00e3o das vias rurais do Gama facilita a vida de moradores e prestadores de servi\u00e7o| Foto: GDF Presente<\/figcaption><\/figure>\n\n\n\n<p><strong>Gama<\/strong><\/p>\n\n\n\n<p>As equipes do Polo Sul II do GDF Presente se concentraram na manuten\u00e7\u00e3o das vias da \u00e1rea rural, no Gama. Rotineira, a a\u00e7\u00e3o \u00e9 de grande relev\u00e2ncia para quem circula pela regi\u00e3o. \u201cMuitas pessoas transitam por essas estradas rurais e mant\u00ea-las em bom estado facilita a vida n\u00e3o apenas dos moradores da regi\u00e3o, mas tamb\u00e9m dos prestadores de servi\u00e7o\u201d, observa o coordenador do Polo Sul II, Germano Guedes.<\/p>\n\n\n\n<p>Na Avenida do Setor Leste, atendendo a pedidos de comerciantes e moradores da regi\u00e3o administrativa, uma cal\u00e7ada de 1,8 mil metros est\u00e1 sendo constru\u00edda em frente a nova Unidade de Pronto Atendimento (UPA) da cidade. Al\u00e9m de melhor mobilidade para os pedestres, o passeio vai embelezar o local. O valor do investimento \u00e9 de R$ 300 mil, via emenda parlamentar. \u201cA parceria com o GDF Present<em>e<\/em>&nbsp;\u00e9 de grande valia porque agiliza as demandas, dando uma resposta mais r\u00e1pida para a popula\u00e7\u00e3o\u201d, assimila a administradora, Joseane Feitosa. Confira outras a\u00e7\u00f5es do&nbsp;<em>GDF Presente<\/em>:<\/p>\n\n\n\n<figure><iframe width=\"560\" height=\"315\" src=\"https:\/\/www.youtube.com\/embed\/mPW-FjbBac4\" allowfullscreen=\"allowfullscreen\"><\/iframe><\/figure>\n","protected":false},"excerpt":{"rendered":"<p>Servi\u00e7o \u00e9 executado com ajuda das equipes do GDF Presente. No Gama, os servi\u00e7os se concentram na manuten\u00e7\u00e3o de vias rurais L\u00daCIO FL\u00c1VIO, DA AG\u00caNCIA BRAS\u00cdLIA | EDI\u00c7\u00c3O: RENATA LU Para evitar acidentes envolvendo galhas de \u00e1rvores em vias de grande circula\u00e7\u00e3o de Santa Maria, um mutir\u00e3o de podas \u00e9 realizado na cidade desde o [&hellip;]<\/p>\n","protected":false},"author":1,"featured_media":0,"comment_status":"open","ping_status":"open","sticky":false,"template":"","format":"standard","meta":{"footnotes":""},"categories":[],"tags":[],"class_list":["post-5337","post","type-post","status-publish","format-standard","hentry"],"_links":{"self":[{"href":"https:\/\/aguaslindasnoticias.com.br\/index.php\/wp-json\/wp\/v2\/posts\/5337","targetHints":{"allow":["GET"]}}],"collection":[{"href":"https:\/\/aguaslindasnoticias.com.br\/index.php\/wp-json\/wp\/v2\/posts"}],"about":[{"href":"https:\/\/aguaslindasnoticias.com.br\/index.php\/wp-json\/wp\/v2\/types\/post"}],"author":[{"embeddable":true,"href":"https:\/\/aguaslindasnoticias.com.br\/index.php\/wp-json\/wp\/v2\/users\/1"}],"replies":[{"embeddable":true,"href":"https:\/\/aguaslindasnoticias.com.br\/index.php\/wp-json\/wp\/v2\/comments?post=5337"}],"version-history":[{"count":0,"href":"https:\/\/aguaslindasnoticias.com.br\/index.php\/wp-json\/wp\/v2\/posts\/5337\/revisions"}],"wp:attachment":[{"href":"https:\/\/aguaslindasnoticias.com.br\/index.php\/wp-json\/wp\/v2\/media?parent=5337"}],"wp:term":[{"taxonomy":"category","embeddable":true,"href":"https:\/\/aguaslindasnoticias.com.br\/index.php\/wp-json\/wp\/v2\/categories?post=5337"},{"taxonomy":"post_tag","embeddable":true,"href":"https:\/\/aguaslindasnoticias.com.br\/index.php\/wp-json\/wp\/v2\/tags?post=5337"}],"curies":[{"name":"wp","href":"https:\/\/api.w.org\/{rel}","templated":true}]}}