{"id":5336,"date":"2023-01-04T10:12:18","date_gmt":"2023-01-04T13:12:18","guid":{"rendered":"https:\/\/aguaslindasnoticias.com.br\/index.php\/2023\/01\/04\/saiba-a-programacao-de-feiras-rurais-em-novembro\/"},"modified":"2023-01-04T10:12:18","modified_gmt":"2023-01-04T13:12:18","slug":"saiba-a-programacao-de-feiras-rurais-em-novembro","status":"publish","type":"post","link":"https:\/\/aguaslindasnoticias.com.br\/index.php\/2023\/01\/04\/saiba-a-programacao-de-feiras-rurais-em-novembro\/","title":{"rendered":"Saiba a programa\u00e7\u00e3o de feiras rurais em novembro"},"content":{"rendered":"\n<h2 class=\"wp-block-heading\">As novidades do m\u00eas s\u00e3o a retomada da feira do Pal\u00e1cio do Planalto e evento com mulheres, que s\u00e3o produtoras rurais, no Parque da Cidade<\/h2>\n\n\n\n<p>AG\u00caNCIA BRAS\u00cdLIA* I EDI\u00c7\u00c3O: D\u00c9BORA CRONEMBERGER<a href=\"https:\/\/www.facebook.com\/sharer.php?u=https:\/\/www.agenciabrasilia.df.gov.br\/2021\/11\/03\/saiba-a-programacao-de-feiras-rurais-em-novembro\/\" target=\"_blank\" rel=\"noreferrer noopener\"><\/a><a href=\"https:\/\/twitter.com\/intent\/tweet?source=agenciabrasilia&amp;text=Saiba%20a%20programa%C3%A7%C3%A3o%20de%20feiras%20rurais%20em%20novembro&amp;url=https:\/\/www.agenciabrasilia.df.gov.br\/2021\/11\/03\/saiba-a-programacao-de-feiras-rurais-em-novembro\/&amp;via=AgenciaBrasilia\" target=\"_blank\" rel=\"noreferrer noopener\"><\/a><\/p>\n\n\n\n<p>Comprar produtos frescos diretamente de quem produz \u00e9 uma das vantagens de adquirir alimentos em feiras. Al\u00e9m disso, o consumidor tamb\u00e9m pode tirar d\u00favidas sobre a produ\u00e7\u00e3o do alimento, saber onde e como foi cultivado, bem como suas peculiaridades. Pensando nisso, mensalmente a Emater-DF disponibiliza uma rela\u00e7\u00e3o das feiras rurais, com produtores atendidos pela empresa.<\/p>\n\n\n\n<p>Neste m\u00eas de novembro h\u00e1 duas novidades para quem gosta de comprar nesses espa\u00e7os. Uma delas \u00e9 o retorno da Feira do Pal\u00e1cio do Planalto, realizada toda quinta-feira no anexo IV da Presid\u00eancia da Rep\u00fablica. A feirinha oferece verduras e legumes org\u00e2nicos, flores e plantas ornamentais, al\u00e9m de mel, sorvete e queijos.<\/p>\n\n\n\n<figure class=\"wp-block-image\"><img decoding=\"async\" src=\"http:\/\/www.agenciabrasilia.df.gov.br\/wp-conteudo\/uploads\/2021\/11\/WhatsApp-Image-2021-11-03-at-17.28.33-1-1024x682.jpeg\" alt=\"\" class=\"wp-image-350278\"\/><figcaption>Emater-DF disponibiliza mensalmente uma rela\u00e7\u00e3o das feiras rurais, com produtores atendidos pela empresa | Foto: Divulga\u00e7\u00e3o\/Emater-DF<\/figcaption><\/figure>\n\n\n\n<p>A outra novidade vai ocorrer no dia 21 de novembro, durante a Feira do Parque da Cidade. Nesta edi\u00e7\u00e3o, aproximadamente 30 produtoras rurais v\u00e3o comercializar produtos variados como flores, artesanato e itens processados artesanalmente. A atividade tem o objetivo de promover o trabalho das mulheres do campo e est\u00e1 relacionado ao VII Encontro de Mulheres Rurais do Distrito Federal, que ser\u00e1 realizado em dezembro.<\/p>\n\n\n\n<p>Veja, abaixo, o funcionamento das feiras neste m\u00eas de novembro.<\/p>\n\n\n\n<p><strong>Feira Rural no Parque da Cidade<br><\/strong>Quando: 7 e 21 de novembro (domingo)<br>Hor\u00e1rio: das 8h \u00e0s 14h<br>Local: Pra\u00e7a Jatob\u00e1, estacionamento 13 do Parque da Cidade (pr\u00f3ximo \u00e0 administra\u00e7\u00e3o do parque)<\/p>\n\n\n\n<p><strong>Feira Rural no Sudoeste<br><\/strong>Quando: Todo s\u00e1bado (6, 13, 20 e 27 de novembro)<br>Hor\u00e1rio: das 8h \u00e0s 12h<br>Local: EQSW 301\/302, atr\u00e1s do Parque Bosque do Sudoeste, no estacionamento da Thomas Jefferson e da Bodytech<\/p>\n\n\n\n<p><strong>Feira Rural no CABV \u2013 Sobradinho<br><\/strong>Quando: Toda ter\u00e7a-feira (9, 16, 23 e 30 de novembro)<br>Hor\u00e1rio: das 17h \u00e0s 21h<br>Local: \u00c1rea multiuso do Condom\u00ednio Alto da Boa Vista<\/p>\n\n\n\n<p><strong>Feira Rural do Pal\u00e1cio do Planalto<br><\/strong>Quando: Toda quinta-feira (4, 11, 18 e 25 de novembro)<br>Hor\u00e1rio: das 9h \u00e0s 14h<br>Local: Anexo IV da Presid\u00eancia da Rep\u00fablica (pr\u00f3ximo aos restaurantes)<\/p>\n\n\n\n<p><strong>Feira Rural do Produtor da Vargem Bonita<br><\/strong>Quando: Todo s\u00e1bado (6, 13, 20 e 27 de novembro)<br>Hor\u00e1rio: das 7h \u00e0s 15h<br>Local: Em frente ao com\u00e9rcio local, ao lado da quadra de futebol<\/p>\n\n\n\n<p><strong>Feira Rural de Multiprodutos do Barreiros<br><\/strong>Quando: Toda sexta-feira (5, 12, 19 e 26 de novembro)<br>Hor\u00e1rio: das 16h \u00e0s 21h<br>Local: DF-140, km 11, N\u00facleo Rural Barreiros<\/p>\n\n\n\n<p><em>*Com informa\u00e7\u00f5es da Emater-DF<\/em><\/p>\n","protected":false},"excerpt":{"rendered":"<p>As novidades do m\u00eas s\u00e3o a retomada da feira do Pal\u00e1cio do Planalto e evento com mulheres, que s\u00e3o produtoras rurais, no Parque da Cidade AG\u00caNCIA BRAS\u00cdLIA* I EDI\u00c7\u00c3O: D\u00c9BORA CRONEMBERGER Comprar produtos frescos diretamente de quem produz \u00e9 uma das vantagens de adquirir alimentos em feiras. Al\u00e9m disso, o consumidor tamb\u00e9m pode tirar d\u00favidas [&hellip;]<\/p>\n","protected":false},"author":1,"featured_media":0,"comment_status":"open","ping_status":"open","sticky":false,"template":"","format":"standard","meta":{"footnotes":""},"categories":[],"tags":[],"class_list":["post-5336","post","type-post","status-publish","format-standard","hentry"],"_links":{"self":[{"href":"https:\/\/aguaslindasnoticias.com.br\/index.php\/wp-json\/wp\/v2\/posts\/5336","targetHints":{"allow":["GET"]}}],"collection":[{"href":"https:\/\/aguaslindasnoticias.com.br\/index.php\/wp-json\/wp\/v2\/posts"}],"about":[{"href":"https:\/\/aguaslindasnoticias.com.br\/index.php\/wp-json\/wp\/v2\/types\/post"}],"author":[{"embeddable":true,"href":"https:\/\/aguaslindasnoticias.com.br\/index.php\/wp-json\/wp\/v2\/users\/1"}],"replies":[{"embeddable":true,"href":"https:\/\/aguaslindasnoticias.com.br\/index.php\/wp-json\/wp\/v2\/comments?post=5336"}],"version-history":[{"count":0,"href":"https:\/\/aguaslindasnoticias.com.br\/index.php\/wp-json\/wp\/v2\/posts\/5336\/revisions"}],"wp:attachment":[{"href":"https:\/\/aguaslindasnoticias.com.br\/index.php\/wp-json\/wp\/v2\/media?parent=5336"}],"wp:term":[{"taxonomy":"category","embeddable":true,"href":"https:\/\/aguaslindasnoticias.com.br\/index.php\/wp-json\/wp\/v2\/categories?post=5336"},{"taxonomy":"post_tag","embeddable":true,"href":"https:\/\/aguaslindasnoticias.com.br\/index.php\/wp-json\/wp\/v2\/tags?post=5336"}],"curies":[{"name":"wp","href":"https:\/\/api.w.org\/{rel}","templated":true}]}}