{"id":5334,"date":"2023-01-04T10:12:18","date_gmt":"2023-01-04T13:12:18","guid":{"rendered":"https:\/\/aguaslindasnoticias.com.br\/index.php\/2023\/01\/04\/novembro-diabetes-azul-chama-atencao-para-doenca\/"},"modified":"2023-01-04T10:12:18","modified_gmt":"2023-01-04T13:12:18","slug":"novembro-diabetes-azul-chama-atencao-para-doenca","status":"publish","type":"post","link":"https:\/\/aguaslindasnoticias.com.br\/index.php\/2023\/01\/04\/novembro-diabetes-azul-chama-atencao-para-doenca\/","title":{"rendered":"\u2018Novembro Diabetes Azul\u2019 chama aten\u00e7\u00e3o para doen\u00e7a"},"content":{"rendered":"\n<p>Aproximadamente 45% das pessoas afetadas pela diabetes n\u00e3o sabem que est\u00e3o doentes, o que refor\u00e7a a necessidade de cuidados e preven\u00e7\u00e3oAG\u00caNCIA BRAS\u00cdLIA* | EDI\u00c7\u00c3O: RENATA LU&nbsp;<\/p>\n\n\n\n<p>A&nbsp;<em>International Diabetes Federation<\/em>&nbsp;(IDF) estima que uma em cada 10 pessoas adultas em todo o mundo conviva com a diabetes. No Brasil, o n\u00famero de diab\u00e9ticos ultrapassa os 16 milh\u00f5es. Para promover a preven\u00e7\u00e3o e a busca pelo diagn\u00f3stico, a IDF, com o apoio da Organiza\u00e7\u00e3o Mundial da Sa\u00fade (OMS), criou o&nbsp;<em>Novembro Diabetes Azul<\/em>.<\/p>\n\n\n\n<figure class=\"wp-block-image\"><img decoding=\"async\" src=\"http:\/\/agenciabrasilia.df.gov.br\/wp-conteudo\/uploads\/2021\/11\/WhatsApp-Image-2021-11-03-at-18.29.07-1.jpeg\" alt=\"\" class=\"wp-image-350312\"\/><figcaption>Hoje, h\u00e1 em torno de 10 mil pacientes da rede p\u00fablica de sa\u00fade, entre crian\u00e7as, adultos, gestantes e idosos, com diabetes do tipo 1, tipo 2, gestacional ou outras menos frequentes | Foto: Breno Esaki\/Ag\u00eancia Sa\u00fade-DF<\/figcaption><\/figure>\n\n\n\n<p>A campanha&nbsp;<em>Novembro Diabetes Azul<\/em>&nbsp;acontece em todo o mundo. O m\u00eas foi escolhido porque, no dia 14, \u00e9 celebrado o Dia Mundial da Diabetes, em homenagem ao descobridor da insulina, o m\u00e9dico canadense Frederick Banting. A descoberta, inclusive, completou 100 anos em 2021.<\/p>\n\n\n\n<blockquote class=\"wp-block-quote is-layout-flow wp-block-quote-is-layout-flow\"><p>\u201cAproximadamente 45% das pessoas afetadas pelo diabetes n\u00e3o sabem que t\u00eam essa doen\u00e7a e descobrem quando apresentam uma complica\u00e7\u00e3o, como feridas nos p\u00e9s, vista emba\u00e7ada e grande perda de peso\u201dEliziane Brand\u00e3o, RTD de Endocrinologia<\/p><\/blockquote>\n\n\n\n<p>Durante este m\u00eas, a Secretaria de Sa\u00fade promove diversas a\u00e7\u00f5es em prol da conscientiza\u00e7\u00e3o e da preven\u00e7\u00e3o \u00e0 diabetes, doen\u00e7a que, inicialmente, n\u00e3o possui sintomas muito evidentes. H\u00e1 suspeita de diabetes, por exemplo, quando o paciente apresenta sede intensa, cansa\u00e7o, fraqueza, urina muito, sente muita fome e tem perda de peso.<\/p>\n\n\n\n<p>\u201cAproximadamente 45% das pessoas afetadas pelo diabetes n\u00e3o sabem que t\u00eam essa doen\u00e7a e descobrem quando apresentam uma complica\u00e7\u00e3o, como feridas nos p\u00e9s, vista emba\u00e7ada e grande perda de peso\u201d, explica a&nbsp;Refer\u00eancia T\u00e9cnica Distrital (RTD) de Endocrinologia, Eliziane Brand\u00e3o. Segundo a m\u00e9dica, as complica\u00e7\u00f5es s\u00f3 aparecem ap\u00f3s cinco a 10 anos de doen\u00e7a n\u00e3o tratada e s\u00e3o evit\u00e1veis, por meio de exames simples e do uso correto de medicamentos e insulina.<\/p>\n\n\n\n<p>Hoje, h\u00e1 em torno de 10 mil pacientes da rede p\u00fablica de sa\u00fade \u2014 entre crian\u00e7as, adultos, gestantes e idosos \u2014 com algum tipo de diabetes, como do tipo 1, tipo 2, gestacional e outras menos frequentes.<\/p>\n\n\n\n<p>A&nbsp;<a href=\"https:\/\/www.saude.df.gov.br\/diabetes-2\/\" target=\"_blank\" rel=\"noreferrer noopener\">diabetes<\/a>&nbsp;\u00e9 caracterizada pela produ\u00e7\u00e3o insuficiente ou m\u00e1 absor\u00e7\u00e3o de insulina, horm\u00f4nio que regula a glicose no sangue. Por isso, quando mal controlada, a doen\u00e7a pode causar infarto do mioc\u00e1rdio, acidente vascular cerebral, insufici\u00eancia renal, cegueira e amputa\u00e7\u00f5es dos p\u00e9s ou pernas, por exemplo.<\/p>\n\n\n\n<blockquote class=\"wp-block-quote is-layout-flow wp-block-quote-is-layout-flow\"><p>As atividades do &#8216;Novembro Diabetes Azul&#8217; no DF est\u00e3o programadas para os dias 10, 11 e 12<\/p><\/blockquote>\n\n\n\n<p>Da\u00ed vem a import\u00e2ncia da campanha&nbsp;<em>Novembro Diabetes Azul<\/em>. \u201cAs campanhas promovem o debate sobre o tema, estimulam a curiosidade, a procura pelo diagn\u00f3stico e melhorias no tratamento daqueles pacientes que j\u00e1 s\u00e3o diagnosticados\u201d, afirma Eliziane.<\/p>\n\n\n\n<p><strong>Campanha no DF<\/strong><\/p>\n\n\n\n<p>As atividades do&nbsp;<em>Novembro Diabetes Azul<\/em>&nbsp;no DF est\u00e3o programadas para os dias 10, 11 e 12. Na quarta-feira (10), os hospitais da Crian\u00e7a (HCB), Regional de Taguatinga (HRT) e Regional do Gama (HRG) realizam a\u00e7\u00f5es internas para atrair a aten\u00e7\u00e3o para a doen\u00e7a e estimular a preven\u00e7\u00e3o para o p\u00fablico presente nas unidades.<\/p>\n\n\n\n<p>O Guar\u00e1 recebe, na quinta-feira (11), a\u00e7\u00e3o para o p\u00fablico, no per\u00edodo da manh\u00e3. A equipe, que conta com os internos de enfermagem da Escola Superior de Ci\u00eancias da Sa\u00fade (ESCS), far\u00e1 a orienta\u00e7\u00e3o aos pacientes sobre os sintomas de diabetes, alimenta\u00e7\u00e3o saud\u00e1vel e aferi\u00e7\u00e3o de glicemia nos casos indicados. A estimativa \u00e9 atender 300 pessoas.<\/p>\n\n\n\n<p>Na sexta-feira (12), \u00e9 o dia do Centro Especializado em Diabetes, Obesidade e Hipertens\u00e3o (Cedoh), na Regi\u00e3o Central, realizar uma atividade educativa no estacionamento da EQN 208\/408, com verifica\u00e7\u00e3o da press\u00e3o arterial, orienta\u00e7\u00f5es sobre alimenta\u00e7\u00e3o saud\u00e1vel, a import\u00e2ncia da pr\u00e1tica da atividade f\u00edsica e aplica\u00e7\u00e3o de question\u00e1rio para avaliar o risco de o indiv\u00edduo ter diabetes.<\/p>\n\n\n\n<p>\u201cNas campanhas temos a oportunidade de enfatizar e demonstrar para a popula\u00e7\u00e3o a import\u00e2ncia de ter uma alimenta\u00e7\u00e3o equilibrada, praticar atividade f\u00edsica e controlar o peso e o estresse\u201d, enfatiza a gerente do Cedoh, Alexandra Rubim.<\/p>\n\n\n\n<blockquote class=\"wp-block-quote is-layout-flow wp-block-quote-is-layout-flow\"><p>\u201c\u00c9 muito importante que as pessoas procurem as unidades b\u00e1sicas de sa\u00fade pr\u00f3ximas de sua casa para que possam ser cadastradas e acompanhadas pelas equipes de sa\u00fade da fam\u00edlia\u201dAlexandra Rubin, gerente do Cedoh<\/p><\/blockquote>\n\n\n\n<p><strong>Tratamento<\/strong><\/p>\n\n\n\n<p>O acesso ao tratamento para diabetes na rede p\u00fablica acontece atrav\u00e9s da Aten\u00e7\u00e3o Prim\u00e1ria. \u00c9 na Unidade B\u00e1sica de Sa\u00fade (UBS) que s\u00e3o solicitados os exames iniciais quando h\u00e1 suspeita da doen\u00e7a. Com o diagn\u00f3stico confirmado, o paciente \u00e9 encaminhado para o correto tratamento. \u201cPor isso, \u00e9 muito importante que as pessoas procurem as unidades b\u00e1sicas de sa\u00fade pr\u00f3ximas de sua casa para que possam ser cadastradas e acompanhadas pelas equipes de sa\u00fade da fam\u00edlia\u201d, explica Alexandra.<\/p>\n\n\n\n<p>No caso de diabetes do tipo 2, a mais comum, o tratamento fica a cargo da equipe de Sa\u00fade da Fam\u00edlia, na pr\u00f3pria UBS. \u201cEm geral os pacientes com diabetes tipo 2 ficam com os m\u00e9dicos da UBS na maior parte do tempo e s\u00f3 v\u00e3o ao especialista (endocrinologista) em momentos pontuais da vida\u201d, explica a RTD de endocrinologia. Os pacientes com esse tipo da doen\u00e7a, com frequ\u00eancia, tamb\u00e9m apresentam hipertens\u00e3o, sobrepeso ou obesidade, eleva\u00e7\u00e3o do colesterol e de triglicer\u00eddeos.<\/p>\n\n\n\n<p>Os casos de diabetes tipo 1 e de algumas gestantes com diabetes, assim como situa\u00e7\u00f5es especiais ou complica\u00e7\u00f5es do tipo 2, s\u00e3o encaminhadas para a Aten\u00e7\u00e3o Secund\u00e1ria, por meio do sistema de regula\u00e7\u00e3o, para um tratamento mais especializado. \u201cNo Cedoh e no HRT funcionam os ambulat\u00f3rios de monitoriza\u00e7\u00e3o cont\u00ednua de glicose e de sistema de infus\u00e3o de insulina para pacientes com diabetes tipo 1 adultos e crian\u00e7as\u201d, afirma a RTD de endocrinologia.<\/p>\n\n\n\n<p>Atualmente, o Cedoh atende 1,1 mil adultos diab\u00e9ticos e 200 crian\u00e7as com diabetes. O Centro Especializado possui equipe multidisciplinar que atende pacientes com diabetes de alto e muito alto risco, com obesidade grave, hipertens\u00e3o de dif\u00edcil controle, gestantes com diabetes e pacientes com feridas nos p\u00e9s causadas pelo diabetes. O acesso aos servi\u00e7os do Centro \u00e9 feito exclusivamente via sistema de regula\u00e7\u00e3o.<\/p>\n\n\n\n<p>Eliziane ressalta, ainda, que existem ambulat\u00f3rios de endocrinologia para atender pacientes diab\u00e9ticos, assim como&nbsp;<a href=\"https:\/\/www.saude.df.gov.br\/pe-diabetico-entenda-os-riscos-de-nao-controlar-a-diabetes\/\" target=\"_blank\" rel=\"noreferrer noopener\">ambulat\u00f3rio para diabetes na gravidez e para p\u00e9 diab\u00e9tico com feridas complexas<\/a>, em todas as regi\u00f5es de sa\u00fade do DF.<\/p>\n\n\n\n<p><em>* Com informa\u00e7\u00f5es da Secretaria de Sa\u00fade<\/em><\/p>\n","protected":false},"excerpt":{"rendered":"<p>Aproximadamente 45% das pessoas afetadas pela diabetes n\u00e3o sabem que est\u00e3o doentes, o que refor\u00e7a a necessidade de cuidados e preven\u00e7\u00e3oAG\u00caNCIA BRAS\u00cdLIA* | EDI\u00c7\u00c3O: RENATA LU&nbsp; A&nbsp;International Diabetes Federation&nbsp;(IDF) estima que uma em cada 10 pessoas adultas em todo o mundo conviva com a diabetes. No Brasil, o n\u00famero de diab\u00e9ticos ultrapassa os 16 milh\u00f5es. [&hellip;]<\/p>\n","protected":false},"author":1,"featured_media":0,"comment_status":"open","ping_status":"open","sticky":false,"template":"","format":"standard","meta":{"footnotes":""},"categories":[],"tags":[],"class_list":["post-5334","post","type-post","status-publish","format-standard","hentry"],"_links":{"self":[{"href":"https:\/\/aguaslindasnoticias.com.br\/index.php\/wp-json\/wp\/v2\/posts\/5334","targetHints":{"allow":["GET"]}}],"collection":[{"href":"https:\/\/aguaslindasnoticias.com.br\/index.php\/wp-json\/wp\/v2\/posts"}],"about":[{"href":"https:\/\/aguaslindasnoticias.com.br\/index.php\/wp-json\/wp\/v2\/types\/post"}],"author":[{"embeddable":true,"href":"https:\/\/aguaslindasnoticias.com.br\/index.php\/wp-json\/wp\/v2\/users\/1"}],"replies":[{"embeddable":true,"href":"https:\/\/aguaslindasnoticias.com.br\/index.php\/wp-json\/wp\/v2\/comments?post=5334"}],"version-history":[{"count":0,"href":"https:\/\/aguaslindasnoticias.com.br\/index.php\/wp-json\/wp\/v2\/posts\/5334\/revisions"}],"wp:attachment":[{"href":"https:\/\/aguaslindasnoticias.com.br\/index.php\/wp-json\/wp\/v2\/media?parent=5334"}],"wp:term":[{"taxonomy":"category","embeddable":true,"href":"https:\/\/aguaslindasnoticias.com.br\/index.php\/wp-json\/wp\/v2\/categories?post=5334"},{"taxonomy":"post_tag","embeddable":true,"href":"https:\/\/aguaslindasnoticias.com.br\/index.php\/wp-json\/wp\/v2\/tags?post=5334"}],"curies":[{"name":"wp","href":"https:\/\/api.w.org\/{rel}","templated":true}]}}