{"id":5333,"date":"2023-01-04T10:12:18","date_gmt":"2023-01-04T13:12:18","guid":{"rendered":"https:\/\/aguaslindasnoticias.com.br\/index.php\/2023\/01\/04\/governo-abre-primeira-consulta-publica-no-brasil-sobre-ecoparques\/"},"modified":"2023-01-04T10:12:18","modified_gmt":"2023-01-04T13:12:18","slug":"governo-abre-primeira-consulta-publica-no-brasil-sobre-ecoparques","status":"publish","type":"post","link":"https:\/\/aguaslindasnoticias.com.br\/index.php\/2023\/01\/04\/governo-abre-primeira-consulta-publica-no-brasil-sobre-ecoparques\/","title":{"rendered":"Governo abre primeira consulta p\u00fablica no Brasil sobre ecoparques"},"content":{"rendered":"\n<p>Popula\u00e7\u00e3o vai poder opinar sobre a cria\u00e7\u00e3o de unidades de tratamento de res\u00edduos para a gera\u00e7\u00e3o de energia limpaAG\u00caNCIA BRAS\u00cdLIA* | EDI\u00c7\u00c3O: CHICO NETO&nbsp;<\/p>\n\n\n\n<p>Foi aberta nesta quinta-feira (4) a consulta p\u00fablica para a popula\u00e7\u00e3o opinar sobre o processo de concess\u00e3o dos servi\u00e7os de tratamento dos res\u00edduos s\u00f3lidos urbanos do Distrito Federal, em parceria p\u00fablico-privada (PPP). A recupera\u00e7\u00e3o dos res\u00edduos ser\u00e1 feita por unidades de tratamento mec\u00e2nico biol\u00f3gico (UTMBs), tamb\u00e9m conhecidas como ecoparques. Tr\u00eas dessas unidades ser\u00e3o instaladas na Asa Sul, no Gama e no P. Sul (Ceil\u00e2ndia).<\/p>\n\n\n\n<figure class=\"wp-block-image\"><img decoding=\"async\" src=\"http:\/\/agenciabrasilia.df.gov.br\/wp-conteudo\/uploads\/2021\/11\/4.11.-Ecoparques.-INGOGR%C3%81FICO-FUNCIONAMENTO-UTMBs.png\" alt=\"\" class=\"wp-image-350411\"\/><figcaption>Funcionamento de uma Unidade de Tratamento Mec\u00e2nico Biol\u00f3gico<\/figcaption><\/figure>\n\n\n\n<p>A consulta p\u00fablica ficar\u00e1 aberta at\u00e9 as 18h (hor\u00e1rio oficial de Bras\u00edlia) de 4 de dezembro. No dia 26 deste m\u00eas, das 10h \u00e0s 12h, haver\u00e1 uma audi\u00eancia p\u00fablica com transmiss\u00e3o ao vivo pelo&nbsp;canal&nbsp;da Secretaria de Projetos Especiais (Sepe) no&nbsp;<a href=\"https:\/\/www.youtube.com\/channel\/UCBEvyMmzpo6rmIiiVXeAQrQ\" target=\"_blank\" rel=\"noreferrer noopener\">YouTube<\/a>. Presencialmente, o evento ser\u00e1 realizado no audit\u00f3rio da Escola de Governo do DF, com todas as medidas de enfrentamento \u00e0 pandemia do covid-19 vigentes.<\/p>\n\n\n\n<p>A PPP tamb\u00e9m prev\u00ea o desenvolvimento de duas novas instala\u00e7\u00f5es de recupera\u00e7\u00e3o de res\u00edduos (IRRs) e a implementa\u00e7\u00e3o de um centro de visita\u00e7\u00e3o e treinamento voltado \u00e0 divulga\u00e7\u00e3o de informa\u00e7\u00f5es e educa\u00e7\u00e3o ambiental, para conscientizar a popula\u00e7\u00e3o sobre os temas relacionados ao tratamento de res\u00edduos s\u00f3lidos urbanos.<\/p>\n\n\n\n<blockquote class=\"wp-block-quote is-layout-flow wp-block-quote-is-layout-flow\"><p>\u201cO GDF d\u00e1 um passo importante para a destina\u00e7\u00e3o sustent\u00e1vel do res\u00edduo s\u00f3lido urbano recolhido aqui. Consolidamos um modelo de neg\u00f3cios e estabelecemos projetos inovadores que possam ser replicados em outras regi\u00f5es do pa\u00eds no futuro\u201dRoberto Andrade, secret\u00e1rio de Projetos Especiais<\/p><\/blockquote>\n\n\n\n<p>Os estudos para a instala\u00e7\u00e3o das UTMBs foram elaborados por um acordo de coopera\u00e7\u00e3o t\u00e9cnica entre o projeto&nbsp;GEF Biog\u00e1s Brasil&nbsp;e o Governo do Distrito Federal (GDF), representado pela Sepe e pelo Servi\u00e7o de Limpeza Urbana (SLU). Liderado pelo Minist\u00e9rio da Ci\u00eancia, Tecnologia e Inova\u00e7\u00f5es (MCTI), o projeto GEF Biog\u00e1s Brasil \u00e9 executado pela Organiza\u00e7\u00e3o das Na\u00e7\u00f5es Unidas para o Desenvolvimento Industrial (<a href=\"https:\/\/www.unido.org\/brasil\" target=\"_blank\" rel=\"noreferrer noopener\">Unido<\/a>), com financiamento do Fundo Global para o Meio Ambiente (<a href=\"https:\/\/www.thegef.org\/\" target=\"_blank\" rel=\"noreferrer noopener\">GEF<\/a>). A principal entidade executora \u00e9 o Centro Internacional de Energias Renov\u00e1veis (<a href=\"https:\/\/cibiogas.org\/\" target=\"_blank\" rel=\"noreferrer noopener\">CIBiog\u00e1s<\/a>).<\/p>\n\n\n\n<p>Cabe ao projeto GEF Biog\u00e1s Brasil apresentar uma proposta de licita\u00e7\u00e3o que abranja a modelagem t\u00e9cnica, financeira e legal da unidade de tratamento mec\u00e2nico biol\u00f3gico a ser destinada \u00e0 iniciativa privada, com base em premissas estabelecidas pelo GDF.&nbsp; A meta \u00e9 ampliar a taxa de tratamento de res\u00edduos s\u00f3lidos urbanos de 28% para 85% do total de res\u00edduos recolhidos, atingindo o melhor \u00edndice do Brasil. O acordo resulta na estrutura\u00e7\u00e3o do mercado local de biog\u00e1s, aumentando a oferta de g\u00e1s natural veicular (GNV).<\/p>\n\n\n\n<p><strong>Expans\u00e3o do mercado<\/strong><\/p>\n\n\n\n<p>Segundo o secret\u00e1rio de Projetos Especiais, Roberto Andrade, a iniciativa tamb\u00e9m vai ampliar o mercado local de recicl\u00e1veis e melhorar as condi\u00e7\u00f5es de trabalho das cooperativas.&nbsp;&nbsp;\u201cEsse \u00e9 o primeiro edital nacional para concess\u00e3o e cria\u00e7\u00e3o de ecoparques\u201d, explica o gestor. \u201cO GDF d\u00e1 um passo importante para a destina\u00e7\u00e3o sustent\u00e1vel do res\u00edduo s\u00f3lido urbano recolhido aqui. Consolidamos um modelo de neg\u00f3cios para a implanta\u00e7\u00e3o de UTMBs e estabelecemos projetos inovadores que possam ser replicados em outras regi\u00f5es do pa\u00eds no futuro.\u201d<\/p>\n\n\n\n<p>O modelo de UTMBs tamb\u00e9m contempla objetivos e metas do Plano Distrital de Gest\u00e3o Integrada de Res\u00edduos S\u00f3lidos do DF (Pdgirs). O impacto ambiental positivo dessa a\u00e7\u00e3o permitir\u00e1 a redu\u00e7\u00e3o substancial das emiss\u00f5es de gases de efeito estufa e a melhoria da qualidade de tratamento de res\u00edduos s\u00f3lidos urbanos na capital federal. Bras\u00edlia, assim, caminha para ter o maior \u00edndice de tratamento de res\u00edduos do pa\u00eds.<\/p>\n\n\n\n<p>Essa \u00e9 a primeira iniciativa de um programa de governo que, por meio de projetos de PPPs, vai permitir o tratamento de 100% dos res\u00edduos descartados no DF. A Sepe tamb\u00e9m vem trabalhando com um projeto de concess\u00e3o da gest\u00e3o do Aterro Sanit\u00e1rio de Bras\u00edlia que est\u00e1 na fase de entrega de estudos de viabilidade t\u00e9cnica, econ\u00f4mico-financeira e jur\u00eddica.<\/p>\n\n\n\n<p><strong>Res\u00edduos s\u00f3lidos no DF<\/strong><\/p>\n\n\n\n<p>O GDF atua em diversas frentes de moderniza\u00e7\u00e3o da gest\u00e3o dos res\u00edduos s\u00f3lidos urbanos. Al\u00e9m de fechar o segundo maior lix\u00e3o do mundo para atuar de forma sustent\u00e1vel na gest\u00e3o de res\u00edduos urbanos, o governo j\u00e1 atuou na amplia\u00e7\u00e3o da coleta seletiva, constru\u00e7\u00e3o de instala\u00e7\u00f5es de recupera\u00e7\u00e3o de res\u00edduos e contrata\u00e7\u00e3o de cooperativas que representam mais de mil catadores, entre outras iniciativas.<\/p>\n\n\n\n<p>De acordo com a gerente de aterros do SLU, Andrea Almeida, os ecoparques v\u00e3o possibilitar uma triagem tamb\u00e9m na coleta convencional. \u201cVamos tirar a fra\u00e7\u00e3o de material recicl\u00e1vel e org\u00e2nico nessa triagem, levando para o Aterro Sanit\u00e1rio apenas rejeitos\u201d, explica. \u201cDessa forma, cumpriremos o que \u00e9 determinado na Pol\u00edtica Nacional de Res\u00edduos S\u00f3lidos, pois faremos o aproveitamento de biog\u00e1s e aumentaremos o tempo de vida \u00fatil do aterro sanit\u00e1rio, al\u00e9m do ganho econ\u00f4mico e ambiental\u201d.<\/p>\n\n\n\n<p>O acordo de coopera\u00e7\u00e3o t\u00e9cnica com o projeto GEF Biog\u00e1s Brasil trata especificamente dos res\u00edduos da coleta convencional, prevendo ainda esfor\u00e7os de melhoria da quantidade e da qualidade da coleta seletiva destinada \u00e0s instala\u00e7\u00f5es de recupera\u00e7\u00e3o de res\u00edduos.<\/p>\n\n\n\n<blockquote class=\"wp-block-quote is-layout-flow wp-block-quote-is-layout-flow\"><p>Material produzido pelas usinas pode ser utilizado para gerar energia t\u00e9rmica, energia el\u00e9trica ou combust\u00edvel veicular<\/p><\/blockquote>\n\n\n\n<p>\u201cO aproveitamento energ\u00e9tico e sustent\u00e1vel dos res\u00edduos org\u00e2nicos gerados no nosso territ\u00f3rio \u00e9 um caminho eficiente para aprimorar a soberania energ\u00e9tica brasileira e aumentar a competitividade do pa\u00eds perante o mercado internacional, al\u00e9m de dar a destina\u00e7\u00e3o correta dos res\u00edduos gerados e atingir as metas ambientais assumidas pelo governo brasileiro\u201d, resume o secret\u00e1rio de Empreendedorismo e Inova\u00e7\u00e3o do MCTI, Paulo Alvim.<\/p>\n\n\n\n<p>\u201cCom uma gest\u00e3o de res\u00edduos s\u00f3lidos urbanos integrada em um arcabou\u00e7o de economia circular, conseguimos dar uma destina\u00e7\u00e3o sustent\u00e1vel aos res\u00edduos e, ao mesmo tempo, criamos um ambiente favor\u00e1vel \u00e0 inova\u00e7\u00e3o tecnol\u00f3gica, aos neg\u00f3cios e ao investimento, o que resulta em benef\u00edcios para toda a sociedade\u201d, refor\u00e7a o representante da Unido no Brasil, Alessandro Amadio. \u201cDessa forma, diversificamos a produ\u00e7\u00e3o energ\u00e9tica brasileira e criamos modelos de neg\u00f3cios bem-sucedidos e replic\u00e1veis\u201d.<\/p>\n\n\n\n<p><strong>Produ\u00e7\u00e3o de biog\u00e1s<\/strong><\/p>\n\n\n\n<p>O Tratamento Mec\u00e2nico Biol\u00f3gico (TMB) \u00e9 um m\u00e9todo de gest\u00e3o de res\u00edduos que combina a triagem com o tratamento biol\u00f3gico de res\u00edduos org\u00e2nicos, em processos como a digest\u00e3o anaer\u00f3bia ou a compostagem. Os res\u00edduos passam por uma triagem que separa o que \u00e9 org\u00e2nico do material recicl\u00e1vel. Na sequ\u00eancia, esses res\u00edduos s\u00e3o aproveitados para fins espec\u00edficos, como a produ\u00e7\u00e3o de biog\u00e1s e biometano.<\/p>\n\n\n\n<p>As UTMBs s\u00e3o usinas que geram biog\u00e1s a partir dos res\u00edduos org\u00e2nicos. O material pode ser utilizado para gerar energia t\u00e9rmica, energia el\u00e9trica ou combust\u00edvel veicular, e seu processo de produ\u00e7\u00e3o resulta em digestato, um composto que tamb\u00e9m permite o uso como fertilizante.<\/p>\n\n\n\n<p><strong>Consulta p\u00fablica<\/strong><\/p>\n\n\n\n<p>Quem quiser conhecer o projeto dos ecoparques e colaborar com sugest\u00f5es encontra todas as informa\u00e7\u00f5es no&nbsp;<a href=\"https:\/\/www.sepe.df.gov.br\/ecoparques\/\" target=\"_blank\" rel=\"noreferrer noopener\">site da Sepe<\/a>. Nesse link tamb\u00e9m podem ser acessados todos os documentos referentes ao projeto, inclusive o formul\u00e1rio de participa\u00e7\u00e3o na consulta e na audi\u00eancia p\u00fablicas.<\/p>\n\n\n\n<p>Durante o per\u00edodo em que permanecer aberta a consulta p\u00fablica, pessoas interessadas poder\u00e3o se manifestar preenchendo o formul\u00e1rio e enviando-o para os endere\u00e7os&nbsp;<a href=\"mailto:sepe.gab@buriti.df.gov.br\" target=\"_blank\" rel=\"noreferrer noopener\">sepe.segp@buriti.df.gov.br<\/a>&nbsp;e&nbsp;<a href=\"mailto:sepe.gab@buriti.df.gov.br\" target=\"_blank\" rel=\"noreferrer noopener\">sepe.gab@buriti.df.gov.br<\/a>, ou entregar no protocolo da Casa Civil (Anexo do Pal\u00e1cio do Buriti, 3\u00ba andar, Zona C\u00edvico-Administrativa, Pra\u00e7a do Buriti, Bras\u00edlia, DF.<\/p>\n\n\n\n<p>*<em>Com informa\u00e7\u00f5es da Secretaria de Projetos Especiais<\/em><\/p>\n","protected":false},"excerpt":{"rendered":"<p>Popula\u00e7\u00e3o vai poder opinar sobre a cria\u00e7\u00e3o de unidades de tratamento de res\u00edduos para a gera\u00e7\u00e3o de energia limpaAG\u00caNCIA BRAS\u00cdLIA* | EDI\u00c7\u00c3O: CHICO NETO&nbsp; Foi aberta nesta quinta-feira (4) a consulta p\u00fablica para a popula\u00e7\u00e3o opinar sobre o processo de concess\u00e3o dos servi\u00e7os de tratamento dos res\u00edduos s\u00f3lidos urbanos do Distrito Federal, em parceria p\u00fablico-privada [&hellip;]<\/p>\n","protected":false},"author":1,"featured_media":0,"comment_status":"open","ping_status":"open","sticky":false,"template":"","format":"standard","meta":{"footnotes":""},"categories":[],"tags":[],"class_list":["post-5333","post","type-post","status-publish","format-standard","hentry"],"_links":{"self":[{"href":"https:\/\/aguaslindasnoticias.com.br\/index.php\/wp-json\/wp\/v2\/posts\/5333","targetHints":{"allow":["GET"]}}],"collection":[{"href":"https:\/\/aguaslindasnoticias.com.br\/index.php\/wp-json\/wp\/v2\/posts"}],"about":[{"href":"https:\/\/aguaslindasnoticias.com.br\/index.php\/wp-json\/wp\/v2\/types\/post"}],"author":[{"embeddable":true,"href":"https:\/\/aguaslindasnoticias.com.br\/index.php\/wp-json\/wp\/v2\/users\/1"}],"replies":[{"embeddable":true,"href":"https:\/\/aguaslindasnoticias.com.br\/index.php\/wp-json\/wp\/v2\/comments?post=5333"}],"version-history":[{"count":0,"href":"https:\/\/aguaslindasnoticias.com.br\/index.php\/wp-json\/wp\/v2\/posts\/5333\/revisions"}],"wp:attachment":[{"href":"https:\/\/aguaslindasnoticias.com.br\/index.php\/wp-json\/wp\/v2\/media?parent=5333"}],"wp:term":[{"taxonomy":"category","embeddable":true,"href":"https:\/\/aguaslindasnoticias.com.br\/index.php\/wp-json\/wp\/v2\/categories?post=5333"},{"taxonomy":"post_tag","embeddable":true,"href":"https:\/\/aguaslindasnoticias.com.br\/index.php\/wp-json\/wp\/v2\/tags?post=5333"}],"curies":[{"name":"wp","href":"https:\/\/api.w.org\/{rel}","templated":true}]}}