{"id":5332,"date":"2023-01-04T10:12:18","date_gmt":"2023-01-04T13:12:18","guid":{"rendered":"https:\/\/aguaslindasnoticias.com.br\/index.php\/2023\/01\/04\/mutirao-do-procon-para-renegociacao-de-dividas-com-o-brb\/"},"modified":"2023-01-04T10:12:18","modified_gmt":"2023-01-04T13:12:18","slug":"mutirao-do-procon-para-renegociacao-de-dividas-com-o-brb","status":"publish","type":"post","link":"https:\/\/aguaslindasnoticias.com.br\/index.php\/2023\/01\/04\/mutirao-do-procon-para-renegociacao-de-dividas-com-o-brb\/","title":{"rendered":"Mutir\u00e3o do Procon para renegocia\u00e7\u00e3o de d\u00edvidas com o BRB"},"content":{"rendered":"\n<p>A\u00e7\u00e3o, que faz parte do programa do GDF \u2018Sejus Mais Perto do Cidad\u00e3o\u2019, contemplar\u00e1 popula\u00e7\u00e3o do Arapoanga, em PlanaltinaAG\u00caNCIA BRAS\u00cdLIA* | EDI\u00c7\u00c3O: CHICO NETO&nbsp;<\/p>\n\n\n\n<blockquote class=\"wp-block-quote is-layout-flow wp-block-quote-is-layout-flow\"><p>\u201cA cada edi\u00e7\u00e3o, conseguimos ampliar os servi\u00e7os oferecidos\u201dMarcela Passamani, secret\u00e1ria de Justi\u00e7a e Cidadania<\/p><\/blockquote>\n\n\n\n<p>Planaltina, a cidade mais antiga do Distrito Federal, vai receber pela segunda vez as atividades do&nbsp;<em>Sejus Mais Perto do Cidad\u00e3o.<\/em>&nbsp;Nesta 16\u00aa edi\u00e7\u00e3o, o programa atender\u00e1 ao Setor Habitacional Arapoanga, na sexta (5), das 9h \u00e0s 17h, e no s\u00e1bado (6), das 9h \u00e0s 13h. A estrutura do evento, organizado pela Secretaria de Justi\u00e7a e Cidadania (Sejus), ser\u00e1 instalada na Unidade B\u00e1sica de Sa\u00fade n\u00ba 5. A novidade \u00e9 o mutir\u00e3o do Procon para renegocia\u00e7\u00e3o de d\u00edvidas com o BRB, que estar\u00e1 dispon\u00edvel no primeiro dia da a\u00e7\u00e3o.<\/p>\n\n\n\n<figure class=\"wp-block-image\"><img decoding=\"async\" src=\"http:\/\/agenciabrasilia.df.gov.br\/wp-conteudo\/uploads\/2021\/11\/3.11.-Mat%C3%A9ria-Sejus.jpeg\" alt=\"\" class=\"wp-image-350221\"\/><figcaption>Atendimento da \u00e1rea de sa\u00fade abrange diferentes especialidades | Foto: Divulga\u00e7\u00e3o\/Sejus<\/figcaption><\/figure>\n\n\n\n<p>Os moradores tamb\u00e9m ter\u00e3o acesso a diversos servi\u00e7os p\u00fablicos, como Na Hora, emiss\u00e3o gratuita da primeira e segunda vias do RG, assist\u00eancia jur\u00eddica e psicol\u00f3gica e corte de cabelo. \u201cA cada edi\u00e7\u00e3o, conseguimos ampliar os servi\u00e7os oferecidos, transformando nosso evento na maior a\u00e7\u00e3o itinerante do Governo do Distrito Federal para levar cidadania, servi\u00e7os p\u00fablicos e garantia de direitos \u00e0 popula\u00e7\u00e3o\u201d, afirmou a secret\u00e1ria de Justi\u00e7a e Cidadania, Marcela Passamani.<\/p>\n\n\n\n<p>Na \u00e1rea da sa\u00fade, ser\u00e3o oferecidos atendimento m\u00e9dico, aferi\u00e7\u00e3o de press\u00e3o, teste de glicemia, acupuntura, massoterapia, exame citopatol\u00f3gico, orienta\u00e7\u00e3o odontol\u00f3gica, consulta oftalmol\u00f3gica e preven\u00e7\u00e3o ao glaucoma, entre outros servi\u00e7os. A a\u00e7\u00e3o contar\u00e1 ainda com apresenta\u00e7\u00f5es culturais, venda de produtos org\u00e2nicos e p\u00e3es produzidos por socioeducandos e a Feira de Talentos e Cidadania. Para a crian\u00e7ada, ser\u00e1 montada uma tenda com oficinas, brinquedoteca, pula-pula e cantinho da leitura.<\/p>\n\n\n\n<p>Os moradores ainda poder\u00e3o participar de cursos profissionalizantes de agente de portaria, recepcionista e&nbsp;<em>personal organizer<\/em>&nbsp;(dicas de organiza\u00e7\u00e3o e limpeza dom\u00e9stica), al\u00e9m de palestras sobre confeitaria. Os interessados devem efetuar a inscri\u00e7\u00e3o para o curso escolhido no&nbsp;<a href=\"https:\/\/cursos.sejus.df.gov.br\/\" target=\"_blank\" rel=\"noreferrer noopener\">site da Sejus<\/a>.<\/p>\n\n\n\n<p>A 16\u00ba edi\u00e7\u00e3o do <em>Sejus Mais Perto do Cidad\u00e3o<\/em>&nbsp;\u00e9 realizada com o apoio da Administra\u00e7\u00e3o Regional de Planaltina, volunt\u00e1rios e as institui\u00e7\u00f5es parceiras. O evento j\u00e1 registrou mais de 85 mil atendimentos \u00e0 popula\u00e7\u00e3o, passando por Candangol\u00e2ndia, Parano\u00e1, Planaltina, Brazl\u00e2ndia, Recanto das Emas, S\u00e3o Sebasti\u00e3o, Riacho Fundo, Sol Nascente\/P\u00f4r do Sol, Itapo\u00e3, Ceil\u00e2ndia, Rodovi\u00e1ria do Plano Piloto, Estrutural, Samambaia e Parano\u00e1.<\/p>\n\n\n\n<p><em><strong>Sejus Mais Perto do Cidad\u00e3o<\/strong><\/em><\/p>\n\n\n\n<ul class=\"wp-block-list\"><li>Em Arapoanga\/Planaltina<br>Sexta-feira (5), das 9h \u00e0s 17h; s\u00e1bado (6), das 9h \u00e0s 13h.<br>Local: Unidade B\u00e1sica de Sa\u00fade n\u00ba 5 \u2013 quadra 12D, conjunto A, Arapoanga.<\/li><\/ul>\n\n\n\n<p>*<em>Com informa\u00e7\u00f5es da Secretaria de Justi\u00e7a e Cidadania<\/em><\/p>\n","protected":false},"excerpt":{"rendered":"<p>A\u00e7\u00e3o, que faz parte do programa do GDF \u2018Sejus Mais Perto do Cidad\u00e3o\u2019, contemplar\u00e1 popula\u00e7\u00e3o do Arapoanga, em PlanaltinaAG\u00caNCIA BRAS\u00cdLIA* | EDI\u00c7\u00c3O: CHICO NETO&nbsp; \u201cA cada edi\u00e7\u00e3o, conseguimos ampliar os servi\u00e7os oferecidos\u201dMarcela Passamani, secret\u00e1ria de Justi\u00e7a e Cidadania Planaltina, a cidade mais antiga do Distrito Federal, vai receber pela segunda vez as atividades do&nbsp;Sejus Mais [&hellip;]<\/p>\n","protected":false},"author":1,"featured_media":0,"comment_status":"open","ping_status":"open","sticky":false,"template":"","format":"standard","meta":{"footnotes":""},"categories":[],"tags":[],"class_list":["post-5332","post","type-post","status-publish","format-standard","hentry"],"_links":{"self":[{"href":"https:\/\/aguaslindasnoticias.com.br\/index.php\/wp-json\/wp\/v2\/posts\/5332","targetHints":{"allow":["GET"]}}],"collection":[{"href":"https:\/\/aguaslindasnoticias.com.br\/index.php\/wp-json\/wp\/v2\/posts"}],"about":[{"href":"https:\/\/aguaslindasnoticias.com.br\/index.php\/wp-json\/wp\/v2\/types\/post"}],"author":[{"embeddable":true,"href":"https:\/\/aguaslindasnoticias.com.br\/index.php\/wp-json\/wp\/v2\/users\/1"}],"replies":[{"embeddable":true,"href":"https:\/\/aguaslindasnoticias.com.br\/index.php\/wp-json\/wp\/v2\/comments?post=5332"}],"version-history":[{"count":0,"href":"https:\/\/aguaslindasnoticias.com.br\/index.php\/wp-json\/wp\/v2\/posts\/5332\/revisions"}],"wp:attachment":[{"href":"https:\/\/aguaslindasnoticias.com.br\/index.php\/wp-json\/wp\/v2\/media?parent=5332"}],"wp:term":[{"taxonomy":"category","embeddable":true,"href":"https:\/\/aguaslindasnoticias.com.br\/index.php\/wp-json\/wp\/v2\/categories?post=5332"},{"taxonomy":"post_tag","embeddable":true,"href":"https:\/\/aguaslindasnoticias.com.br\/index.php\/wp-json\/wp\/v2\/tags?post=5332"}],"curies":[{"name":"wp","href":"https:\/\/api.w.org\/{rel}","templated":true}]}}