{"id":5331,"date":"2023-01-04T10:12:18","date_gmt":"2023-01-04T13:12:18","guid":{"rendered":"https:\/\/aguaslindasnoticias.com.br\/index.php\/2023\/01\/04\/ponte-no-lago-sul-tera-nome-do-lider-estudantil-honestino-guimaraes\/"},"modified":"2023-01-04T10:12:18","modified_gmt":"2023-01-04T13:12:18","slug":"ponte-no-lago-sul-tera-nome-do-lider-estudantil-honestino-guimaraes","status":"publish","type":"post","link":"https:\/\/aguaslindasnoticias.com.br\/index.php\/2023\/01\/04\/ponte-no-lago-sul-tera-nome-do-lider-estudantil-honestino-guimaraes\/","title":{"rendered":"Ponte no Lago Sul ter\u00e1 nome do l\u00edder estudantil Honestino Guimar\u00e3es"},"content":{"rendered":"\n<p>Foto: Bruno Sodr\u00e9\/CLDF<\/p>\n\n\n\n<figure class=\"wp-block-image size-large\"><img decoding=\"async\" src=\"http:\/\/claricegulyas.com.br\/wp-content\/uploads\/2021\/10\/Sessao-Ordinaria-27-10-21-11.jpg\" alt=\"\" class=\"wp-image-9172\"\/><\/figure>\n\n\n\n<figure class=\"wp-block-image\"><img decoding=\"async\" src=\"https:\/\/www.cl.df.gov.br\/documents\/10162\/25161473\/Sessao+Ordinaria+27-10-21-11.jpg\/cf872e3a-724a-590a-438b-2537ac1210ef?t=1635368892498\" alt=\"O autor da mat\u00e9ria, deputado Leandro Grass (Rede), comemorou: \u201cHoje \u00e9 um dia hist\u00f3rico no Distrito Federal, a C\u00e2mara Legislativa faz uma corre\u00e7\u00e3o, que n\u00e3o \u00e9 ideol\u00f3gica nem partid\u00e1ria, mas, civilizat\u00f3ria\u201d\"\/><\/figure>\n\n\n\n<p>O autor da mat\u00e9ria, deputado Leandro Grass (Rede), comemorou: \u201cHoje \u00e9 um dia hist\u00f3rico no Distrito Federal, a C\u00e2mara Legislativa faz uma corre\u00e7\u00e3o, que n\u00e3o \u00e9 ideol\u00f3gica nem partid\u00e1ria, mas, civilizat\u00f3ria\u201d<\/p>\n\n\n\n<p>L\u00edder estudantil morto durante a ditadura, Honestino Guimar\u00e3es dar\u00e1 nome a ponte sobre o Lago Parano\u00e1 em substitui\u00e7\u00e3o ao ex-presidente Costa e Silva, um dos militares que governou o pa\u00eds a partir de 1964. A C\u00e2mara Legislativa aprovou, em segundo turno e reda\u00e7\u00e3o final, o projeto de lei n\u00ba 1.697\/2021 que estabelece a mudan\u00e7a. A mat\u00e9ria, que ser\u00e1 encaminhada para a san\u00e7\u00e3o do governador, recebeu nove votos favor\u00e1veis e cinco contr\u00e1rios dos distritais que se encontravam em plen\u00e1rio no momento da vota\u00e7\u00e3o, durante a sess\u00e3o deliberativa desta quarta-feira (27).<\/p>\n\n\n\n<p>O autor da mat\u00e9ria, deputado Leandro Grass (Rede), comemorou: \u201cHoje \u00e9 um dia hist\u00f3rico no Distrito Federal, a C\u00e2mara Legislativa faz uma corre\u00e7\u00e3o, que n\u00e3o \u00e9 ideol\u00f3gica nem partid\u00e1ria, mas, civilizat\u00f3ria\u201d. O deputado F\u00e1bio Felix (Psol) tamb\u00e9m enfatizou a \u201crepara\u00e7\u00e3o hist\u00f3rica\u201d e declarou que a CLDF \u201cprecisa homenagear \u00fanica e exclusivamente a democracia\u201d. Os parlamentares disseram que v\u00e3o se empenhar para que a lei seja rapidamente sancionada.<\/p>\n\n\n\n<p>O projeto recebeu o voto \u201csim\u201d dos deputados Agaciel Maia (PL), Arlete Sampaio (PT), Chico Vigilante (PT), F\u00e1bio Felix (Psol), Guarda Janio (Pros), Jorge Vianna (Podemos), Leandro Grass (Rede), Professor Reginaldo Veras (PDT) e Rafael Prudente (MDB). J\u00e1 os distritais Delmasso (Republicanos), Hermeto (MDB), Iolando (PSC), Reginaldo Sardinha (Avante) e Valdelino Barcelos (PP) votaram contra a mat\u00e9ria.<\/p>\n\n\n\n<p><strong>Marco T\u00falio Alencar &#8211; Ag\u00eancia CLDF<\/strong><\/p>\n","protected":false},"excerpt":{"rendered":"<p>Foto: Bruno Sodr\u00e9\/CLDF O autor da mat\u00e9ria, deputado Leandro Grass (Rede), comemorou: \u201cHoje \u00e9 um dia hist\u00f3rico no Distrito Federal, a C\u00e2mara Legislativa faz uma corre\u00e7\u00e3o, que n\u00e3o \u00e9 ideol\u00f3gica nem partid\u00e1ria, mas, civilizat\u00f3ria\u201d L\u00edder estudantil morto durante a ditadura, Honestino Guimar\u00e3es dar\u00e1 nome a ponte sobre o Lago Parano\u00e1 em substitui\u00e7\u00e3o ao ex-presidente Costa [&hellip;]<\/p>\n","protected":false},"author":1,"featured_media":0,"comment_status":"open","ping_status":"open","sticky":false,"template":"","format":"standard","meta":{"footnotes":""},"categories":[],"tags":[],"class_list":["post-5331","post","type-post","status-publish","format-standard","hentry"],"_links":{"self":[{"href":"https:\/\/aguaslindasnoticias.com.br\/index.php\/wp-json\/wp\/v2\/posts\/5331","targetHints":{"allow":["GET"]}}],"collection":[{"href":"https:\/\/aguaslindasnoticias.com.br\/index.php\/wp-json\/wp\/v2\/posts"}],"about":[{"href":"https:\/\/aguaslindasnoticias.com.br\/index.php\/wp-json\/wp\/v2\/types\/post"}],"author":[{"embeddable":true,"href":"https:\/\/aguaslindasnoticias.com.br\/index.php\/wp-json\/wp\/v2\/users\/1"}],"replies":[{"embeddable":true,"href":"https:\/\/aguaslindasnoticias.com.br\/index.php\/wp-json\/wp\/v2\/comments?post=5331"}],"version-history":[{"count":0,"href":"https:\/\/aguaslindasnoticias.com.br\/index.php\/wp-json\/wp\/v2\/posts\/5331\/revisions"}],"wp:attachment":[{"href":"https:\/\/aguaslindasnoticias.com.br\/index.php\/wp-json\/wp\/v2\/media?parent=5331"}],"wp:term":[{"taxonomy":"category","embeddable":true,"href":"https:\/\/aguaslindasnoticias.com.br\/index.php\/wp-json\/wp\/v2\/categories?post=5331"},{"taxonomy":"post_tag","embeddable":true,"href":"https:\/\/aguaslindasnoticias.com.br\/index.php\/wp-json\/wp\/v2\/tags?post=5331"}],"curies":[{"name":"wp","href":"https:\/\/api.w.org\/{rel}","templated":true}]}}